{"id":12046,"date":"2018-01-23T15:09:14","date_gmt":"2018-01-23T14:09:14","guid":{"rendered":"http:\/\/www.mojevrijeme.hr\/magazin\/?p=12046"},"modified":"2018-09-18T11:33:58","modified_gmt":"2018-09-18T09:33:58","slug":"dio-sadasnjih-i-buducih-umirovljenika-ostaje-bez-inavlidnine","status":"publish","type":"post","link":"https:\/\/www.mojevrijeme.hr\/magazin\/2018\/01\/dio-sadasnjih-i-buducih-umirovljenika-ostaje-bez-inavlidnine\/","title":{"rendered":"Dio umirovljenika ostaje bez invalidnine"},"content":{"rendered":"<p>Izmjene Zakona o socijalnoj skrbi mogle bi donijeti velike probleme za osobe s invaliditetom koje idu u mirovinu. Naime, kako pi\u0161e <a href=\"https:\/\/www.jutarnji.hr\/vijesti\/hrvatska\/udruge-u-potpunom-soku-apsurdom-iz-zakona-ministrice-murganic-tisuce-ljudi-izgubit-ce-invalidninu-kad-odu-u-mirovinu\/6959985\/\" target=\"_blank\" rel=\"noopener\">Jutarnji list<\/a>, prema izmjenama zakona koje su stupile na snagu 30. prosinca pro\u0161le godine, osobe s invaliditetom koje primaju mirovinu ve\u0107u od 2455 kuna nemaju pravo na invalidninu.<\/p>\n<p>Isti taj zakon, kojeg je izradilo Ministarstvo socijalne politike pod ravnanjem <strong>Nade Murgani\u0107<\/strong>, donio je dobitak osobama s invaliditetom koje rade i primaju pla\u0107u. Oni otpo\u010detka ove godine imaju pravo i na osobnu invalidninu u iznosu od 1250 kuna, i to bez obzira kolika im je pla\u0107a. U travnju \u0107e iznos osobne invalidnine jo\u0161 malo porasti pa \u0107e ona iznositi 1500 kuna.<\/p>\n<p>Invalidninu su ranije mogli primati samo oni s najte\u017eim invaliditetom koji nemaju nikakvog prihoda ili im je prihod manji od 1250 kuna mjese\u010dno. U tom su slu\u010daju primali samo razliku od svog primanja do tog iznosa. Me\u0111utim, pla\u0107a i autorski honorari prema novim se izmjenama ne ra\u010dunaju kao prihod, pa \u0107e sve zaposlene osobe s invaliditetom koje odgovaraju kriterijima primati i invalidninu od 1250 kuna, pi\u0161e <a href=\"https:\/\/www.jutarnji.hr\/vijesti\/hrvatska\/udruge-u-potpunom-soku-apsurdom-iz-zakona-ministrice-murganic-tisuce-ljudi-izgubit-ce-invalidninu-kad-odu-u-mirovinu\/6959985\/\" target=\"_blank\" rel=\"noopener\">Jutarnji<\/a>.<\/p><div id=\"mojev-1729335558\" class=\"mojev-u-tekstu mojev-entity-placement\" style=\"margin-left: auto;margin-right: auto;text-align: center;\"><div class=\"mojev-adlabel\">oglas<\/div><div style=\"height: 250px;\"><script async src=\"https:\/\/pagead2.googlesyndication.com\/pagead\/js\/adsbygoogle.js?client=ca-pub-8106111766207173\"\r\n     crossorigin=\"anonymous\"><\/script>\r\n<!-- Prikazni 1 u tekstu -->\r\n<ins class=\"adsbygoogle\"\r\n     style=\"display:block\"\r\n     data-ad-client=\"ca-pub-8106111766207173\"\r\n     data-ad-slot=\"8535551207\"\r\n     data-ad-format=\"auto\"\r\n     data-full-width-responsive=\"true\"><\/ins>\r\n<script>\r\n     (adsbygoogle = window.adsbygoogle || []).push({});\r\n<\/script><\/div><\/div><br style=\"clear: both; display: block; float: none;\"\/>\n<p>Problemati\u010dno je, pi\u0161e Jutarnji, \u0161to su mirovine koje su ve\u0107e od minimalne mirovine za 40 godina sta\u017ea, \u0161to iznosi 2454,40 kuna, i dalje ostale definirane kao prihod. To zna\u010di da osobe s invaliditetom koje primaju toliku ili ve\u0107u mirovinu nemaju pravo na osobnu invalidninu.<\/p>\n<p>Pravobraniteljica za osobe s invaliditetom <strong>Anka Slonj\u0161ak<\/strong> poru\u010dila je kako ovakva odredba \u201cdovodi u neravnopravan polo\u017eaj osobe s te\u0161kim invaliditetom s obzirom na vrstu primanja koja ostvaruju.\u201d \u201cOsim osoba koje primaju mirovinu, isklju\u010dene su i osobe s drugim prihodima koji nisu pla\u0107a ili autorski honorar, poput rada na ugovor o djelu ili naknade tijekom stru\u010dnog osposobljavanja bez zasnivanja radnog odnosa\u201d, poru\u010dila je.<\/p>\n<div id=\"mojev-2454038264\" class=\"mojev-kraj-teksta mojev-entity-placement\" style=\"margin-bottom: 20px;margin-left: auto;margin-right: auto;text-align: center;\"><div class=\"mojev-adlabel\">oglas<\/div><div style=\"height: 250px;\"><script async src=\"https:\/\/pagead2.googlesyndication.com\/pagead\/js\/adsbygoogle.js?client=ca-pub-8106111766207173\"\r\n     crossorigin=\"anonymous\"><\/script>\r\n<!-- Display-1 -->\r\n<ins class=\"adsbygoogle\"\r\n     style=\"display:block\"\r\n     data-ad-client=\"ca-pub-8106111766207173\"\r\n     data-ad-slot=\"1465712950\"\r\n     data-ad-format=\"auto\"\r\n     data-full-width-responsive=\"true\"><\/ins>\r\n<script>\r\n     (adsbygoogle = window.adsbygoogle || []).push({});\r\n<\/script><\/div><\/div>","protected":false},"excerpt":{"rendered":"<p>Zakon dovodi u neravnopravan polo\u017eaj osobe s te\u0161kim invaliditetom s obzirom na vrstu primanja koja ostvaruju, izjavila je pravobraniteljica za osobe s invaliditetom Anka Slonj\u0161ak. <\/p>\n","protected":false},"author":1,"featured_media":10506,"comment_status":"closed","ping_status":"closed","sticky":false,"template":"","format":"standard","meta":{"footnotes":""},"categories":[9],"tags":[942,18,1081],"class_list":["post-12046","post","type-post","status-publish","format-standard","has-post-thumbnail","hentry","category-vijesti","tag-invaliditet","tag-mirovine","tag-nada-murganic"],"_links":{"self":[{"href":"https:\/\/www.mojevrijeme.hr\/magazin\/wp-json\/wp\/v2\/posts\/12046","targetHints":{"allow":["GET"]}}],"collection":[{"href":"https:\/\/www.mojevrijeme.hr\/magazin\/wp-json\/wp\/v2\/posts"}],"about":[{"href":"https:\/\/www.mojevrijeme.hr\/magazin\/wp-json\/wp\/v2\/types\/post"}],"author":[{"embeddable":true,"href":"https:\/\/www.mojevrijeme.hr\/magazin\/wp-json\/wp\/v2\/users\/1"}],"replies":[{"embeddable":true,"href":"https:\/\/www.mojevrijeme.hr\/magazin\/wp-json\/wp\/v2\/comments?post=12046"}],"version-history":[{"count":0,"href":"https:\/\/www.mojevrijeme.hr\/magazin\/wp-json\/wp\/v2\/posts\/12046\/revisions"}],"wp:featuredmedia":[{"embeddable":true,"href":"https:\/\/www.mojevrijeme.hr\/magazin\/wp-json\/wp\/v2\/media\/10506"}],"wp:attachment":[{"href":"https:\/\/www.mojevrijeme.hr\/magazin\/wp-json\/wp\/v2\/media?parent=12046"}],"wp:term":[{"taxonomy":"category","embeddable":true,"href":"https:\/\/www.mojevrijeme.hr\/magazin\/wp-json\/wp\/v2\/categories?post=12046"},{"taxonomy":"post_tag","embeddable":true,"href":"https:\/\/www.mojevrijeme.hr\/magazin\/wp-json\/wp\/v2\/tags?post=12046"}],"curies":[{"name":"wp","href":"https:\/\/api.w.org\/{rel}","templated":true}]}}