{"id":12059,"date":"2018-01-24T12:41:34","date_gmt":"2018-01-24T11:41:34","guid":{"rendered":"http:\/\/www.mojevrijeme.hr\/magazin\/?p=12059"},"modified":"2018-01-24T15:32:02","modified_gmt":"2018-01-24T14:32:02","slug":"predsjednica-od-vlade-rh-zatrazila-dokaz-dobrih-rezultata","status":"publish","type":"post","link":"https:\/\/www.mojevrijeme.hr\/magazin\/2018\/01\/predsjednica-od-vlade-rh-zatrazila-dokaz-dobrih-rezultata\/","title":{"rendered":"Predsjednica od vlade RH zatra\u017eila dokaz dobrih rezultata"},"content":{"rendered":"<p>Predsjednica <strong>Kolinda Grabar-Kitarovi\u0107<\/strong> jo\u0161 je jednom javno prozvala vladu. To je, pokazalo se, najbolji metoda za podizanje rejtinga me\u0111u bira\u010dima.<\/p>\n<p>Govore\u0107i ispred zgrade Krapinsko-zagorske \u017eupanije, predsjednica je rekla: \u201eU zadnje se vrijeme isti\u010du bolji makroekonomski pokazatelji uklju\u010duju\u0107i i sve bolje stanje dr\u017eavnoga prora\u010duna. To treba pozdraviti. Ali ako dr\u017eava ostvaruje bolje rezultate, onda se to mora vidjeti na ra\u010dunima gra\u0111ana. Blokiranih je puno. Nacionalna je tragedija da mnogi od njih napu\u0161taju Hrvatsku kako bi u inozemstvu otvorili nove ra\u010dune i nekako zapo\u010deli nov \u017eivot. Dr\u017eava stoga mora hitnim mjerama, u dogovoru s bankama i financijskim institucijama, prona\u0107i rje\u0161enje za deblokadu ra\u010duna gra\u0111ana. U sklopu tih mjera svakako treba \u0161to prije donijeti novi Ovr\u0161ni zakon.\u201c<\/p>\n<p>&#8220;Vlada poduzima mjere koje \u0107e osjetiti hrvatski gra\u0111ani. Priprema se i novi Ovr\u0161ni zakon&#8221;, odgovorio je premijer <strong>Andrej Plenkovi\u0107<\/strong> i dodao da se broj gra\u0111ana koji duguju do 25.000 kuna smanjio za 11.000.<\/p><div id=\"mojev-3085886750\" class=\"mojev-u-tekstu mojev-entity-placement\" style=\"margin-left: auto;margin-right: auto;text-align: center;\"><div class=\"mojev-adlabel\">oglas<\/div><div style=\"height: 250px;\"><script async src=\"https:\/\/pagead2.googlesyndication.com\/pagead\/js\/adsbygoogle.js?client=ca-pub-8106111766207173\"\r\n     crossorigin=\"anonymous\"><\/script>\r\n<!-- Prikazni 1 u tekstu -->\r\n<ins class=\"adsbygoogle\"\r\n     style=\"display:block\"\r\n     data-ad-client=\"ca-pub-8106111766207173\"\r\n     data-ad-slot=\"8535551207\"\r\n     data-ad-format=\"auto\"\r\n     data-full-width-responsive=\"true\"><\/ins>\r\n<script>\r\n     (adsbygoogle = window.adsbygoogle || []).push({});\r\n<\/script><\/div><\/div><br style=\"clear: both; display: block; float: none;\"\/>\n<p>&#8220;Prosje\u010dna pla\u0107a je porasla za 3%, na godi\u0161njoj razini za 6%. Pove\u0107ana je i potro\u0161nja \u010dime su ljudi pokazali da su mnogi imali ve\u0107u pla\u0107u &#8211; to su podaci koje moramo dovesti u prvi plan. Nezaposlenost nam je rekordno niska, stopa zaposlenosti raste, nastavili smo s poreznim rastere\u0107enjem. Sve su to mjere koje \u0107e osjetiti gra\u0111ani&#8221;, poru\u010dio je, me\u0111u ostalim premijer.<\/p>\n<div id=\"mojev-2648467028\" class=\"mojev-kraj-teksta mojev-entity-placement\" style=\"margin-bottom: 20px;margin-left: auto;margin-right: auto;text-align: center;\"><div class=\"mojev-adlabel\">oglas<\/div><div style=\"height: 250px;\"><script async src=\"https:\/\/pagead2.googlesyndication.com\/pagead\/js\/adsbygoogle.js?client=ca-pub-8106111766207173\"\r\n     crossorigin=\"anonymous\"><\/script>\r\n<!-- Display-1 -->\r\n<ins class=\"adsbygoogle\"\r\n     style=\"display:block\"\r\n     data-ad-client=\"ca-pub-8106111766207173\"\r\n     data-ad-slot=\"1465712950\"\r\n     data-ad-format=\"auto\"\r\n     data-full-width-responsive=\"true\"><\/ins>\r\n<script>\r\n     (adsbygoogle = window.adsbygoogle || []).push({});\r\n<\/script><\/div><\/div>","protected":false},"excerpt":{"rendered":"<p>Grabar-Kitarovi\u0107 jo\u0161 je jednom javno prozvala vladu. To je, pokazalo se, najbolji metoda za podizanje rejtinga me\u0111u bira\u010dima. \u00a0<\/p>\n","protected":false},"author":1,"featured_media":12062,"comment_status":"closed","ping_status":"closed","sticky":false,"template":"","format":"standard","meta":{"footnotes":""},"categories":[9],"tags":[359,238],"class_list":["post-12059","post","type-post","status-publish","format-standard","has-post-thumbnail","hentry","category-vijesti","tag-kolinda","tag-politika"],"_links":{"self":[{"href":"https:\/\/www.mojevrijeme.hr\/magazin\/wp-json\/wp\/v2\/posts\/12059","targetHints":{"allow":["GET"]}}],"collection":[{"href":"https:\/\/www.mojevrijeme.hr\/magazin\/wp-json\/wp\/v2\/posts"}],"about":[{"href":"https:\/\/www.mojevrijeme.hr\/magazin\/wp-json\/wp\/v2\/types\/post"}],"author":[{"embeddable":true,"href":"https:\/\/www.mojevrijeme.hr\/magazin\/wp-json\/wp\/v2\/users\/1"}],"replies":[{"embeddable":true,"href":"https:\/\/www.mojevrijeme.hr\/magazin\/wp-json\/wp\/v2\/comments?post=12059"}],"version-history":[{"count":0,"href":"https:\/\/www.mojevrijeme.hr\/magazin\/wp-json\/wp\/v2\/posts\/12059\/revisions"}],"wp:featuredmedia":[{"embeddable":true,"href":"https:\/\/www.mojevrijeme.hr\/magazin\/wp-json\/wp\/v2\/media\/12062"}],"wp:attachment":[{"href":"https:\/\/www.mojevrijeme.hr\/magazin\/wp-json\/wp\/v2\/media?parent=12059"}],"wp:term":[{"taxonomy":"category","embeddable":true,"href":"https:\/\/www.mojevrijeme.hr\/magazin\/wp-json\/wp\/v2\/categories?post=12059"},{"taxonomy":"post_tag","embeddable":true,"href":"https:\/\/www.mojevrijeme.hr\/magazin\/wp-json\/wp\/v2\/tags?post=12059"}],"curies":[{"name":"wp","href":"https:\/\/api.w.org\/{rel}","templated":true}]}}