{"id":12096,"date":"2018-01-26T08:43:44","date_gmt":"2018-01-26T07:43:44","guid":{"rendered":"http:\/\/www.mojevrijeme.hr\/magazin\/?p=12096"},"modified":"2018-01-26T09:39:38","modified_gmt":"2018-01-26T08:39:38","slug":"treba-li-nositi-crninu-u-koroti-i-koliko-dugo","status":"publish","type":"post","link":"https:\/\/www.mojevrijeme.hr\/magazin\/2018\/01\/treba-li-nositi-crninu-u-koroti-i-koliko-dugo\/","title":{"rendered":"Treba li nositi crninu u koroti i koliko dugo?"},"content":{"rendered":"<p>Treba li nositi crnu odje\u0107u kao znak \u017ealosti za pokojnikom i koliki je propisani minimum no\u0161enja? Rije\u010d je o obi\u010daju koji se polako gubi pa nije ni \u010dudno da pravih odgovora na ovo pitanje \u2013 nema.<\/p>\n<p>Prema onome \u0161to je zabilje\u017eila <a href=\"http:\/\/www.enciklopedija.hr\/natuknica.aspx?id=33252\" target=\"_blank\" rel=\"noopener\">Hrvatska enciklopedija<\/a>, &#8220;intenzitet \u017ealovanja obi\u010dno odre\u0111uje stupanj srodstva s pokojnikom i dru\u0161tveni polo\u017eaj pojedinca koji \u017ealuje; u najstro\u017eoj je koroti obi\u010dno udovica, a \u017eenski \u010dlanovi zajednice op\u0107enito su vi\u0161e uklju\u010deni nego mu\u0161ki. Osobe koje su u koroti vidljivo se razlikuju od ostalih \u010dlanova dru\u0161tva&#8221;.<\/p>\n<p>Ta se razlika ostvaruje odijevanjem pa osobe koje \u017ealuju nose potpuno crnu ili jako tamnu odje\u0107u i obu\u0107u, a \u017eene nerijetko pokrivaju glavu crnim maramama. Time odaju po\u010dast preminulom, ali i okolini daju jasan signal da pate, da im nije dopu\u0161teno zabavljati se ili veseliti. Ovaj se obi\u010daj gubi u gradovima, a striktno no\u0161enje crnine zadr\u017ealo se u ruralnim podru\u010djima, posebice u Dalmatinskoj zagori ili Lici gdje i danas starije udovice ne skidaju crnu odje\u0107u do kraja \u017eivota. Zanimljiv je i fenomen prilagodbe modernim tehnologijama pa se je na selu nerijetko na godinu dana gasio televizor (uz obavezno crno pokrivalo) ili radijski prijemnik, \u0161to je bio najve\u0107i dokaz predanosti \u017ealovanju.<\/p><div id=\"mojev-2167934973\" class=\"mojev-u-tekstu mojev-entity-placement\" style=\"margin-left: auto;margin-right: auto;text-align: center;\"><div class=\"mojev-adlabel\">oglas<\/div><div style=\"height: 250px;\"><script async src=\"https:\/\/pagead2.googlesyndication.com\/pagead\/js\/adsbygoogle.js?client=ca-pub-8106111766207173\"\r\n     crossorigin=\"anonymous\"><\/script>\r\n<!-- Prikazni 1 u tekstu -->\r\n<ins class=\"adsbygoogle\"\r\n     style=\"display:block\"\r\n     data-ad-client=\"ca-pub-8106111766207173\"\r\n     data-ad-slot=\"8535551207\"\r\n     data-ad-format=\"auto\"\r\n     data-full-width-responsive=\"true\"><\/ins>\r\n<script>\r\n     (adsbygoogle = window.adsbygoogle || []).push({});\r\n<\/script><\/div><\/div><br style=\"clear: both; display: block; float: none;\"\/>\n<p>Neki \u0107e sve\u0107enici re\u0107i da prema tradiciji crninu treba nositi najmanje 40 dana nakon smrti pokojnika, \u00a0no to se mo\u017ee produ\u017eiti i na du\u017ei period, ovisno o tome \u017eali li se za starom ili mladom osobom, djetetom, roditeljem ili suprugom.<\/p>\n<p>Sukob tradicije i modernog na\u010dina \u017eivota mo\u017eemo uo\u010diti i na internetskim forumima na kojima se opse\u017eno raspravlja o ovom problemu.<\/p>\n<p>\u201eNisam nosila crninu za tatom. Ne zato \u0161to ga nisam voljela ili da nisam \u017ealila, ve\u0107 \u0161to sam znala da on to sigurno ne bi htio za mene. Kad ti osjeti\u0161 da si dovoljno nosila crninu, slobodno ju skini, bez obzira na sve druge\u201c, komentar je jedne foruma\u0161ice na pri\u010du djevojke koja ne \u017eeli nositi crninu, ali je prisiljena zbog okoline.<\/p>\n<p>Druga je pak iznijela ovo iskustvo: \u201eMeni je baka umrla nedavno i njezina \u017eelja je bila da ne nosimo crninu na sprovodu niti nakon sprovoda. Tako da smo mi svi nosili bijele ko\u0161ulje i majice. Jedino su bile tamne hla\u010de i suknje. To je bila njena posljednja \u017eelja i mi smo to po\u0161tovali. Mislim da se crninom ne odra\u017eava ne\u010dije tugovanje za izgubljenom osobom, bitno je \u0161to osje\u0107a\u0161 u srcu.\u201c<\/p>\n<p>\u201eCrnina je takva da vas uvla\u010di u crno. Znam to iz vlastitog iskustva. \u0160to ju du\u017ee nosite, te\u017ee \u0107ete ju skinuti. Zato pazite!\u201c misli tre\u0107a komentatorica.<\/p>\n<div id=\"mojev-969848986\" class=\"mojev-kraj-teksta mojev-entity-placement\" style=\"margin-bottom: 20px;margin-left: auto;margin-right: auto;text-align: center;\"><div class=\"mojev-adlabel\">oglas<\/div><div style=\"height: 250px;\"><script async src=\"https:\/\/pagead2.googlesyndication.com\/pagead\/js\/adsbygoogle.js?client=ca-pub-8106111766207173\"\r\n     crossorigin=\"anonymous\"><\/script>\r\n<!-- Display-1 -->\r\n<ins class=\"adsbygoogle\"\r\n     style=\"display:block\"\r\n     data-ad-client=\"ca-pub-8106111766207173\"\r\n     data-ad-slot=\"1465712950\"\r\n     data-ad-format=\"auto\"\r\n     data-full-width-responsive=\"true\"><\/ins>\r\n<script>\r\n     (adsbygoogle = window.adsbygoogle || []).push({});\r\n<\/script><\/div><\/div>","protected":false},"excerpt":{"rendered":"<p>Neki \u0107e sve\u0107enici re\u0107i da prema tradiciji crninu treba nositi najmanje 40 dana nakon smrti pokojnika, \u00a0no to se mo\u017ee produ\u017eiti i na du\u017ei period, ovisno o tome \u017eali li se za starom ili mladom osobom, djetetom, roditeljem ili suprugom. <\/p>\n","protected":false},"author":1,"featured_media":12097,"comment_status":"closed","ping_status":"closed","sticky":false,"template":"","format":"standard","meta":{"footnotes":""},"categories":[2],"tags":[1058,504,813],"class_list":["post-12096","post","type-post","status-publish","format-standard","has-post-thumbnail","hentry","category-mozaik","tag-crnina","tag-obicaji","tag-zalovanje"],"_links":{"self":[{"href":"https:\/\/www.mojevrijeme.hr\/magazin\/wp-json\/wp\/v2\/posts\/12096","targetHints":{"allow":["GET"]}}],"collection":[{"href":"https:\/\/www.mojevrijeme.hr\/magazin\/wp-json\/wp\/v2\/posts"}],"about":[{"href":"https:\/\/www.mojevrijeme.hr\/magazin\/wp-json\/wp\/v2\/types\/post"}],"author":[{"embeddable":true,"href":"https:\/\/www.mojevrijeme.hr\/magazin\/wp-json\/wp\/v2\/users\/1"}],"replies":[{"embeddable":true,"href":"https:\/\/www.mojevrijeme.hr\/magazin\/wp-json\/wp\/v2\/comments?post=12096"}],"version-history":[{"count":0,"href":"https:\/\/www.mojevrijeme.hr\/magazin\/wp-json\/wp\/v2\/posts\/12096\/revisions"}],"wp:featuredmedia":[{"embeddable":true,"href":"https:\/\/www.mojevrijeme.hr\/magazin\/wp-json\/wp\/v2\/media\/12097"}],"wp:attachment":[{"href":"https:\/\/www.mojevrijeme.hr\/magazin\/wp-json\/wp\/v2\/media?parent=12096"}],"wp:term":[{"taxonomy":"category","embeddable":true,"href":"https:\/\/www.mojevrijeme.hr\/magazin\/wp-json\/wp\/v2\/categories?post=12096"},{"taxonomy":"post_tag","embeddable":true,"href":"https:\/\/www.mojevrijeme.hr\/magazin\/wp-json\/wp\/v2\/tags?post=12096"}],"curies":[{"name":"wp","href":"https:\/\/api.w.org\/{rel}","templated":true}]}}