{"id":12109,"date":"2018-01-26T19:59:03","date_gmt":"2018-01-26T18:59:03","guid":{"rendered":"http:\/\/www.mojevrijeme.hr\/magazin\/?p=12109"},"modified":"2018-01-26T20:35:51","modified_gmt":"2018-01-26T19:35:51","slug":"doris-mojih-56-godina-su-moj-nakit","status":"publish","type":"post","link":"https:\/\/www.mojevrijeme.hr\/magazin\/2018\/01\/doris-mojih-56-godina-su-moj-nakit\/","title":{"rendered":"Doris: Mojih 56 godina su moj nakit"},"content":{"rendered":"<p>&#8220;Lijepo se nosim sa svojim godinama. Volim \u0161to imam tih svojih 56 godina. To je moj nakit, moj ukras. To je ne\u0161to \u0161to je trebalo pre\u017eivjeti, do\u017eivjeti. Zahvalna sam na svakom &#8216;o\u017eiljku&#8217;. I lijepi do\u017eivljaji ostavljaju o\u017eiljke. Sve nas to \u010dini, sve je to na\u0161e bogatstvo\u201c, izjavila je pjeva\u010dica <strong>Doris Dragovi\u0107<\/strong> o svojem trajanju na sceni i u \u017eivotu.<\/p>\n<p>Za HTV je ispri\u010dala: \u201eNe razmi\u0161ljam o starenju. Razmi\u0161ljam o skupljanju. Koliko puno toga ja imam! Koliko puno emocija, do\u017eivljaja pa to je bogatstvo i uz to rijetko. Interakcija s publikom je moje bogatstvo, ne\u0161to \u0161to ja ponesem sa sobom sku\u0107i. To je moj skelet, to sam ja.\u201c<\/p>\n<p>Podsjetimo, upravo je njena vr\u0161njakinja <a href=\"http:\/\/www.mojevrijeme.hr\/magazin\/2018\/01\/alka-vuica-56-lazu-kad-kazu-da-su-pedesete-najbolje\/\">Alka Vuica nedavno izjavila<\/a> da nije zadovoljna s pedesetima.<\/p><div id=\"mojev-422815426\" class=\"mojev-u-tekstu mojev-entity-placement\" style=\"margin-left: auto;margin-right: auto;text-align: center;\"><div class=\"mojev-adlabel\">oglas<\/div><div style=\"height: 250px;\"><script async src=\"https:\/\/pagead2.googlesyndication.com\/pagead\/js\/adsbygoogle.js?client=ca-pub-8106111766207173\"\r\n     crossorigin=\"anonymous\"><\/script>\r\n<!-- Prikazni 1 u tekstu -->\r\n<ins class=\"adsbygoogle\"\r\n     style=\"display:block\"\r\n     data-ad-client=\"ca-pub-8106111766207173\"\r\n     data-ad-slot=\"8535551207\"\r\n     data-ad-format=\"auto\"\r\n     data-full-width-responsive=\"true\"><\/ins>\r\n<script>\r\n     (adsbygoogle = window.adsbygoogle || []).push({});\r\n<\/script><\/div><\/div><br style=\"clear: both; display: block; float: none;\"\/>\n<p>Pogledajte spot za pjesmu &#8220;Hajde da se mazimo&#8221; koju je Doris daleke 1983. godine objavila s grupom More.<\/p>\n<p><iframe loading=\"lazy\" src=\"https:\/\/www.youtube.com\/embed\/D_A4kDCJyrI?rel=0\" width=\"640\" height=\"440\" frameborder=\"0\" allowfullscreen=\"allowfullscreen\"><\/iframe><\/p>\n<div id=\"mojev-879442380\" class=\"mojev-kraj-teksta mojev-entity-placement\" style=\"margin-bottom: 20px;margin-left: auto;margin-right: auto;text-align: center;\"><div class=\"mojev-adlabel\">oglas<\/div><div style=\"height: 250px;\"><script async src=\"https:\/\/pagead2.googlesyndication.com\/pagead\/js\/adsbygoogle.js?client=ca-pub-8106111766207173\"\r\n     crossorigin=\"anonymous\"><\/script>\r\n<!-- Display-1 -->\r\n<ins class=\"adsbygoogle\"\r\n     style=\"display:block\"\r\n     data-ad-client=\"ca-pub-8106111766207173\"\r\n     data-ad-slot=\"1465712950\"\r\n     data-ad-format=\"auto\"\r\n     data-full-width-responsive=\"true\"><\/ins>\r\n<script>\r\n     (adsbygoogle = window.adsbygoogle || []).push({});\r\n<\/script><\/div><\/div>","protected":false},"excerpt":{"rendered":"<p>Volim \u0161to imam tih svojih 56 godina. To je moj nakit, moj ukras. To je ne\u0161to \u0161to je trebalo pre\u017eivjeti, do\u017eivjeti. Zahvalna sam na svakom \u201e&#8217;o\u017eiljku&#8217;. I lijepi do\u017eivljaji ostavljaju o\u017eiljke. <\/p>\n","protected":false},"author":1,"featured_media":12110,"comment_status":"closed","ping_status":"closed","sticky":false,"template":"","format":"standard","meta":{"footnotes":""},"categories":[84],"tags":[1060,270,80],"class_list":["post-12109","post","type-post","status-publish","format-standard","has-post-thumbnail","hentry","category-show","tag-doris-dragovic","tag-pjevaci","tag-starenje"],"_links":{"self":[{"href":"https:\/\/www.mojevrijeme.hr\/magazin\/wp-json\/wp\/v2\/posts\/12109","targetHints":{"allow":["GET"]}}],"collection":[{"href":"https:\/\/www.mojevrijeme.hr\/magazin\/wp-json\/wp\/v2\/posts"}],"about":[{"href":"https:\/\/www.mojevrijeme.hr\/magazin\/wp-json\/wp\/v2\/types\/post"}],"author":[{"embeddable":true,"href":"https:\/\/www.mojevrijeme.hr\/magazin\/wp-json\/wp\/v2\/users\/1"}],"replies":[{"embeddable":true,"href":"https:\/\/www.mojevrijeme.hr\/magazin\/wp-json\/wp\/v2\/comments?post=12109"}],"version-history":[{"count":0,"href":"https:\/\/www.mojevrijeme.hr\/magazin\/wp-json\/wp\/v2\/posts\/12109\/revisions"}],"wp:featuredmedia":[{"embeddable":true,"href":"https:\/\/www.mojevrijeme.hr\/magazin\/wp-json\/wp\/v2\/media\/12110"}],"wp:attachment":[{"href":"https:\/\/www.mojevrijeme.hr\/magazin\/wp-json\/wp\/v2\/media?parent=12109"}],"wp:term":[{"taxonomy":"category","embeddable":true,"href":"https:\/\/www.mojevrijeme.hr\/magazin\/wp-json\/wp\/v2\/categories?post=12109"},{"taxonomy":"post_tag","embeddable":true,"href":"https:\/\/www.mojevrijeme.hr\/magazin\/wp-json\/wp\/v2\/tags?post=12109"}],"curies":[{"name":"wp","href":"https:\/\/api.w.org\/{rel}","templated":true}]}}