{"id":121118,"date":"2024-11-21T10:30:59","date_gmt":"2024-11-21T09:30:59","guid":{"rendered":"https:\/\/www.mojevrijeme.hr\/magazin\/?p=121118"},"modified":"2024-11-21T10:31:03","modified_gmt":"2024-11-21T09:31:03","slug":"smiju-li-vjernici-zbijati-sale-na-tudi-racun","status":"publish","type":"post","link":"https:\/\/www.mojevrijeme.hr\/magazin\/2024\/11\/smiju-li-vjernici-zbijati-sale-na-tudi-racun\/","title":{"rendered":"Smiju li vjernici zbijati \u0161ale na tu\u0111i ra\u010dun?"},"content":{"rendered":"\n<p>Svi volimo biti u dru\u0161tvu duhovitih ljudi, jer malo tko ne voli dobru \u0161alu. Ako nije na njegov ra\u010dun, dakako. No \u0161to ka\u017ee katoli\u010dki nauk? Gdje je ta tanka granica izme\u0111u bezazlene razbibrige i \u0161tete koju \u0161ala mo\u017ee u\u010diniti drugima, pa i nama samima&#8217; Zanimljivo je pismo na tu temu katoli\u010dkom tjedniku <a href=\"https:\/\/www.glas-koncila.hr\/sale-i-kristali-protivi-li-se-nosenje-kristala-vjeri\/\" target=\"_blank\" rel=\"noreferrer noopener\">Glas Koncila<\/a> poslao \u010ditatelj Vatroslav. <\/p>\n\n\n\n<p>&#8220;Volim nasmijavati ljude pa ponekad zbijam \u0161ale na ra\u010dun drugih. Naravno, ne \u017eelim nikomu na\u010diniti \u0161tetu niti ga uvrijediti. Kako sam u zadnje vrijeme vi\u0161e duhovno razmatrao i te svoje \u0161ale, po\u010deo sam gledati u drugom svjetlu te sam se zapitao je li to grijeh. Mo\u017eete li mi odgovoriti na to pitanje?&#8221; stoji u pismu.<\/p>\n\n\n\n<p>&#8220;Mogli bismo re\u0107i da kod zbijanja \u0161ala na tu\u0111i ra\u010dun ili kod ismijavanja drugih svakako treba ponajprije razmisliti \u2013 o sebi. \u0160to nas navodi na takvo pona\u0161anje, za\u0161to zbijamo \u0161ale na tu\u0111i ra\u010dun, izvrgavamo li ih na taj na\u010din ruglu i dovodi li to do podsmijeha kod drugih, a o\u017ealo\u0161\u0107enosti i nelagode kod onih na \u010diji ra\u010dun zbijamo te \u0161ale? Zbijamo li \u0161ale nekomu iza le\u0111a, pri \u010demu se koristimo nekom njegovom \u00bblo\u0161om\u00ab stranom, nespretno\u0161\u0107u ili nekim drugim obilje\u017ejem, kako bismo sebe stavili u prvi plan i pridali si va\u017enost koja mo\u017ee biti i znak na\u0161e oholosti?&#8221; odgovara Glas Koncila. <\/p><div id=\"mojev-68048324\" class=\"mojev-u-tekstu mojev-entity-placement\" style=\"margin-left: auto;margin-right: auto;text-align: center;\"><div class=\"mojev-adlabel\">oglas<\/div><div style=\"height: 250px;\"><script async src=\"https:\/\/pagead2.googlesyndication.com\/pagead\/js\/adsbygoogle.js?client=ca-pub-8106111766207173\"\r\n     crossorigin=\"anonymous\"><\/script>\r\n<!-- Prikazni 1 u tekstu -->\r\n<ins class=\"adsbygoogle\"\r\n     style=\"display:block\"\r\n     data-ad-client=\"ca-pub-8106111766207173\"\r\n     data-ad-slot=\"8535551207\"\r\n     data-ad-format=\"auto\"\r\n     data-full-width-responsive=\"true\"><\/ins>\r\n<script>\r\n     (adsbygoogle = window.adsbygoogle || []).push({});\r\n<\/script><\/div><\/div><br style=\"clear: both; display: block; float: none;\"\/>\n\n\n\n<p>&#8220;Ako bismo tako postupali, te bismo \u0161ale, koje \u010desto prerastu u izrugivanje, mogli nazvati ne samo osobnom slabo\u0161\u0107u, nego i grijehom. Dakako da \u0161ale mogu biti bezazlene i da mogu \u2013 kao \u0161to pi\u0161ete \u2013 i\u0107i za tim da ne nanesu nikomu \u0161tetu, ali ako nam namjere nisu dobrohotne ili nam je namjera povrijediti drugoga zbijanjem \u0161ala, zaklju\u010dili bismo da je rije\u010d o grijehu protiv bli\u017enjega i da s time moramo prestati.&#8221;<\/p>\n\n\n\n<p>&#8220;\u010cuvati tu\u0111e dostojanstvo u svakoj prilici (i kada je taj drugi prisutan i kada nije) daleko je va\u017enije od na\u0161ih \u0161ala koje nas mogu dovesti do grijeha oholosti pa bismo Vam preporu\u010dili da se tako ne pona\u0161ate&#8221;, stoji u odgovoru katoli\u010dkog tjednika.<\/p>\n<div id=\"mojev-4232361216\" class=\"mojev-kraj-teksta mojev-entity-placement\" style=\"margin-bottom: 20px;margin-left: auto;margin-right: auto;text-align: center;\"><div class=\"mojev-adlabel\">oglas<\/div><div style=\"height: 250px;\"><script async src=\"https:\/\/pagead2.googlesyndication.com\/pagead\/js\/adsbygoogle.js?client=ca-pub-8106111766207173\"\r\n     crossorigin=\"anonymous\"><\/script>\r\n<!-- Display-1 -->\r\n<ins class=\"adsbygoogle\"\r\n     style=\"display:block\"\r\n     data-ad-client=\"ca-pub-8106111766207173\"\r\n     data-ad-slot=\"1465712950\"\r\n     data-ad-format=\"auto\"\r\n     data-full-width-responsive=\"true\"><\/ins>\r\n<script>\r\n     (adsbygoogle = window.adsbygoogle || []).push({});\r\n<\/script><\/div><\/div>","protected":false},"excerpt":{"rendered":"<p>\u010cuvati tu\u0111e dostojanstvo u svakoj prilici (i kada je taj drugi prisutan i kada nije) daleko je va\u017enije od na\u0161ih \u0161ala koje nas mogu dovesti do grijeha oholosti.<\/p>\n","protected":false},"author":1,"featured_media":70581,"comment_status":"closed","ping_status":"closed","sticky":false,"template":"","format":"standard","meta":{"footnotes":""},"categories":[2],"tags":[1541,4308,1070],"class_list":["post-121118","post","type-post","status-publish","format-standard","has-post-thumbnail","hentry","category-mozaik","tag-dostojanstvo","tag-duhovitost","tag-katolici"],"_links":{"self":[{"href":"https:\/\/www.mojevrijeme.hr\/magazin\/wp-json\/wp\/v2\/posts\/121118","targetHints":{"allow":["GET"]}}],"collection":[{"href":"https:\/\/www.mojevrijeme.hr\/magazin\/wp-json\/wp\/v2\/posts"}],"about":[{"href":"https:\/\/www.mojevrijeme.hr\/magazin\/wp-json\/wp\/v2\/types\/post"}],"author":[{"embeddable":true,"href":"https:\/\/www.mojevrijeme.hr\/magazin\/wp-json\/wp\/v2\/users\/1"}],"replies":[{"embeddable":true,"href":"https:\/\/www.mojevrijeme.hr\/magazin\/wp-json\/wp\/v2\/comments?post=121118"}],"version-history":[{"count":0,"href":"https:\/\/www.mojevrijeme.hr\/magazin\/wp-json\/wp\/v2\/posts\/121118\/revisions"}],"wp:featuredmedia":[{"embeddable":true,"href":"https:\/\/www.mojevrijeme.hr\/magazin\/wp-json\/wp\/v2\/media\/70581"}],"wp:attachment":[{"href":"https:\/\/www.mojevrijeme.hr\/magazin\/wp-json\/wp\/v2\/media?parent=121118"}],"wp:term":[{"taxonomy":"category","embeddable":true,"href":"https:\/\/www.mojevrijeme.hr\/magazin\/wp-json\/wp\/v2\/categories?post=121118"},{"taxonomy":"post_tag","embeddable":true,"href":"https:\/\/www.mojevrijeme.hr\/magazin\/wp-json\/wp\/v2\/tags?post=121118"}],"curies":[{"name":"wp","href":"https:\/\/api.w.org\/{rel}","templated":true}]}}