{"id":121495,"date":"2024-11-27T07:06:17","date_gmt":"2024-11-27T06:06:17","guid":{"rendered":"https:\/\/www.mojevrijeme.hr\/magazin\/?p=121495"},"modified":"2024-11-27T07:06:21","modified_gmt":"2024-11-27T06:06:21","slug":"mamu-selim-u-skupi-dom-jer-je-sve-izludjela-pred-pucanjem-sam","status":"publish","type":"post","link":"https:\/\/www.mojevrijeme.hr\/magazin\/2024\/11\/mamu-selim-u-skupi-dom-jer-je-sve-izludjela-pred-pucanjem-sam\/","title":{"rendered":"&#8216;Mamu selim u skupi dom jer je sve izludjela, pred pucanjem sam&#8217;"},"content":{"rendered":"\n<p><strong>Gospo\u0111a Mirta<\/strong> povjerava nam da je na rubu psihi\u010dkog sloma kao skrbnica majci koja je iznimno te\u0161ke naravi. &#8220;Imam mamu od 84 godine koja je, otkako pamtim, bila emocionalno nedostupna. Uvijek je u dru\u0161tvu vodila glavnu rije\u010d, a razgovori s njom su se svodili na monologe. Takva je ostala i u starosti. Prije pet godina, kad je onemo\u0107ala, sklopili smo s njom ugovor o do\u017eivotnom uzdr\u017eavanju.&#8221;<\/p>\n\n\n\n<p>&#8220;Tada smo joj osigurali dvije \u017eene koje su se brinule o njoj \u2013 jedna ju je dizala iz kreveta, servirala doru\u010dak i slu\u0161ala njezine beskona\u010dne pri\u010de, dok je druga \u010distila ku\u0107u. Sve to sam financirala ja, jer jo\u0161 uvijek radim i ne \u017eivimo zajedno&#8221;, napisala nam je u povjerljivom pismu.<\/p>\n\n\n\n<p>&#8220;Iako ima svu potrebnu pomo\u0107, mama je neprestano nezadovoljna. <strong>Svi su joj krivi <\/strong>\u2013 doktori, lijekovi, susjedi. Nikada ni\u0161ta ne valja. Uz to, odnosi u obitelji su se naru\u0161ili. Moja sestra mi je okrenula le\u0111a zbog ugovora o uzdr\u017eavanju. Oti\u0161la je u Njema\u010dku i potpuno se distancirala \u2013 vi\u0161e ju nije briga ni za \u0161to. Istovremeno, brinula sam se i za svog mu\u017ea koji je bio operiran&#8221;, svjedo\u010di na\u0161a \u010ditateljica Mirta.<\/p><div id=\"mojev-3374178491\" class=\"mojev-u-tekstu mojev-entity-placement\" style=\"margin-left: auto;margin-right: auto;text-align: center;\"><div class=\"mojev-adlabel\">oglas<\/div><div style=\"height: 250px;\"><script async src=\"https:\/\/pagead2.googlesyndication.com\/pagead\/js\/adsbygoogle.js?client=ca-pub-8106111766207173\"\r\n     crossorigin=\"anonymous\"><\/script>\r\n<!-- Prikazni 1 u tekstu -->\r\n<ins class=\"adsbygoogle\"\r\n     style=\"display:block\"\r\n     data-ad-client=\"ca-pub-8106111766207173\"\r\n     data-ad-slot=\"8535551207\"\r\n     data-ad-format=\"auto\"\r\n     data-full-width-responsive=\"true\"><\/ins>\r\n<script>\r\n     (adsbygoogle = window.adsbygoogle || []).push({});\r\n<\/script><\/div><\/div><br style=\"clear: both; display: block; float: none;\"\/>\n\n\n\n<p>Potom pi\u0161e: &#8220;Kad je postalo jasno da joj ku\u0107na njega vi\u0161e nije dovoljna, prona\u0161la sam joj dom za starije osobe. Me\u0111utim, ni tamo nije zadovoljna. Stalno se \u017eali, izludila je osoblje i stvara probleme svima oko sebe. U jednom trenutku je \u010dak dva puta pala, \u0161to je dodatno zakompliciralo situaciju. Kako bih osigurala bolju skrb i izbjegla sukobe s osobljem, odlu\u010dila sam je premjestiti u drugi, skuplji dom.&#8221;<\/p>\n\n\n\n<h3 class=\"wp-block-heading\">Iz doma u dom<\/h3>\n\n\n\n<p>&#8220;Sada sam opet pred velikim izazovom. Selim mamu u novi dom, no njezino nezadovoljstvo ne prestaje. Nikad nisam do\u017eivjela zahvalnost s njezine strane, samo pritisak i kritike. Osje\u0107am se iscrpljeno i na rubu sam psihi\u010dkog sloma. \u010cini mi se da nikako ne mogu udovoljiti njezinim o\u010dekivanjima, a ni sebi vi\u0161e ne nalazim prostora za mir i oporavak.&#8221;<\/p>\n\n\n\n<p>&#8220;Vi\u0161e ne znam kako se nositi s ovom situacijom. Balansiram izme\u0111u brige za mamu, vlastitih obaveza i braka koji je ve\u0107 bio na ku\u0161nji zbog suprugove bolesti. Imam osje\u0107aj da \u0107u puknuti jer se ovaj teret \u010dini prete\u017eak. Samo \u017eelim malo mira, ali mi se \u010dini da je to nemogu\u0107e ostvariti&#8221;, iskreno je napisala gospo\u0111a Mirta.<\/p>\n\n\n\n<p>A vi, imate li sli\u010dnih iskustava?<\/p>\n\n\n\n<div id=\"crveno\"><\/p>\n\n\n\n<h3 class=\"wp-block-heading\">Zanima nas va\u0161a pri\u010da<\/h3>\n\n\n\n<p>\u017delite li i vi, posve anonimno, podijeliti svoje iskustvo i vi\u0111enje ove teme s nama i na\u0161im \u010ditateljima, mo\u017eete to u\u010diniti putem web obrasca <a rel=\"noreferrer noopener\" href=\"https:\/\/www.mojevrijeme.hr\/magazin\/povjerljivo\/\" target=\"_blank\">Povjerljivo<\/a>. Napi\u0161ite svoju pri\u010du!<\/p>\n\n\n\n<p><\/div>\n<div id=\"mojev-2345210584\" class=\"mojev-kraj-teksta mojev-entity-placement\" style=\"margin-bottom: 20px;margin-left: auto;margin-right: auto;text-align: center;\"><div class=\"mojev-adlabel\">oglas<\/div><div style=\"height: 250px;\"><script async src=\"https:\/\/pagead2.googlesyndication.com\/pagead\/js\/adsbygoogle.js?client=ca-pub-8106111766207173\"\r\n     crossorigin=\"anonymous\"><\/script>\r\n<!-- Display-1 -->\r\n<ins class=\"adsbygoogle\"\r\n     style=\"display:block\"\r\n     data-ad-client=\"ca-pub-8106111766207173\"\r\n     data-ad-slot=\"1465712950\"\r\n     data-ad-format=\"auto\"\r\n     data-full-width-responsive=\"true\"><\/ins>\r\n<script>\r\n     (adsbygoogle = window.adsbygoogle || []).push({});\r\n<\/script><\/div><\/div>","protected":false},"excerpt":{"rendered":"<p>Problemati\u010dni ljudi \u010desto napadaju one koji im nastoje pomo\u0107i, jer njihovo nezadovoljstvo, kritike i nepravedno pona\u0161anje prema bli\u017enjima, uklju\u010duju\u0107i i vlastitu djecu, nikada ne prestaju. Bez obzira na ulo\u017eeni trud, njihova nezahvalnost i nemogu\u0107nost promjene stvaraju emocionalni teret koji postaje vrlo te\u017eak za nositi.<\/p>\n","protected":false},"author":17,"featured_media":83121,"comment_status":"closed","ping_status":"closed","sticky":false,"template":"","format":"standard","meta":{"footnotes":""},"categories":[3552],"tags":[3600,3532],"class_list":["post-121495","post","type-post","status-publish","format-standard","has-post-thumbnail","hentry","category-povjerljivo","tag-majke-i-kceri","tag-roditelji-i-djeca"],"_links":{"self":[{"href":"https:\/\/www.mojevrijeme.hr\/magazin\/wp-json\/wp\/v2\/posts\/121495","targetHints":{"allow":["GET"]}}],"collection":[{"href":"https:\/\/www.mojevrijeme.hr\/magazin\/wp-json\/wp\/v2\/posts"}],"about":[{"href":"https:\/\/www.mojevrijeme.hr\/magazin\/wp-json\/wp\/v2\/types\/post"}],"author":[{"embeddable":true,"href":"https:\/\/www.mojevrijeme.hr\/magazin\/wp-json\/wp\/v2\/users\/17"}],"replies":[{"embeddable":true,"href":"https:\/\/www.mojevrijeme.hr\/magazin\/wp-json\/wp\/v2\/comments?post=121495"}],"version-history":[{"count":0,"href":"https:\/\/www.mojevrijeme.hr\/magazin\/wp-json\/wp\/v2\/posts\/121495\/revisions"}],"wp:featuredmedia":[{"embeddable":true,"href":"https:\/\/www.mojevrijeme.hr\/magazin\/wp-json\/wp\/v2\/media\/83121"}],"wp:attachment":[{"href":"https:\/\/www.mojevrijeme.hr\/magazin\/wp-json\/wp\/v2\/media?parent=121495"}],"wp:term":[{"taxonomy":"category","embeddable":true,"href":"https:\/\/www.mojevrijeme.hr\/magazin\/wp-json\/wp\/v2\/categories?post=121495"},{"taxonomy":"post_tag","embeddable":true,"href":"https:\/\/www.mojevrijeme.hr\/magazin\/wp-json\/wp\/v2\/tags?post=121495"}],"curies":[{"name":"wp","href":"https:\/\/api.w.org\/{rel}","templated":true}]}}