{"id":121527,"date":"2024-11-27T13:02:17","date_gmt":"2024-11-27T12:02:17","guid":{"rendered":"https:\/\/www.mojevrijeme.hr\/magazin\/?p=121527"},"modified":"2024-11-27T13:02:21","modified_gmt":"2024-11-27T12:02:21","slug":"darko-64-kao-mladi-ponasao-sam-se-kao-starac-a-danas-zivim-kao-mladic","status":"publish","type":"post","link":"https:\/\/www.mojevrijeme.hr\/magazin\/2024\/11\/darko-64-kao-mladi-ponasao-sam-se-kao-starac-a-danas-zivim-kao-mladic\/","title":{"rendered":"Darko (64): Kao mla\u0111i pona\u0161ao sam se kao starac, a danas \u017eivim kao mladi\u0107"},"content":{"rendered":"\n<p>&#8220;Imam 64 godine i smatram da \u017eivim vrlo jednostavno, ali sam pritom iznimno aktivan. \u017divim u malom gradu na moru, gdje najvi\u0161e u\u017eivam u sportu i zdravoj prehrani. Svaki dan posve\u0107en sam nekoj fizi\u010dkoj aktivnosti, a tijekom \u0161est mjeseci u godini plivam od jednog do tri kilometra dnevno. Bicikl mi je jedino prijevozno sredstvo; sve obavljam biciklom otkad sam prije dvije godine prestao voziti auto&#8221;, pi\u0161e nam o sebi gospodin Darko.<\/p>\n\n\n\n<p>Osim \u0161to se bavi sportom, obra\u0111uje i vrt i osobito za ljetnih mjeseci u\u017eiva u plodovima svog rada. &#8220;Svaki dan u svom uberem ne\u0161to svje\u017ee, \u0161to mi pru\u017ea mogu\u0107nost zdrave prehrane.&#8221;<\/p>\n\n\n\n<p>Potom otkriva: &#8220;Ponekad idem i na tr\u010danje, a vje\u017ebam svaki dan u godini, bez iznimke. Vje\u017ebali\u0161te u \u0161umi, blizina mora i moj vrt su moji omiljeni prostori, mjesta gdje se osje\u0107am najsretnije i najslobodnije. Veliku va\u017enost pridajem i u\u010denju. \u010citam knjige i svakodnevno radim na usavr\u0161avanju <strong>engleskog i talijanskog <\/strong>jezika, iako ih ve\u0107 govorim prili\u010dno dobro. Vjerujem da se uvijek mo\u017ee nau\u010diti jo\u0161 ne\u0161to novo. Taj proces u\u010denja moj um odr\u017eava aktivnim.&#8221;<\/p><div id=\"mojev-3963306479\" class=\"mojev-u-tekstu mojev-entity-placement\" style=\"margin-left: auto;margin-right: auto;text-align: center;\"><div class=\"mojev-adlabel\">oglas<\/div><div style=\"height: 250px;\"><script async src=\"https:\/\/pagead2.googlesyndication.com\/pagead\/js\/adsbygoogle.js?client=ca-pub-8106111766207173\"\r\n     crossorigin=\"anonymous\"><\/script>\r\n<!-- Prikazni 1 u tekstu -->\r\n<ins class=\"adsbygoogle\"\r\n     style=\"display:block\"\r\n     data-ad-client=\"ca-pub-8106111766207173\"\r\n     data-ad-slot=\"8535551207\"\r\n     data-ad-format=\"auto\"\r\n     data-full-width-responsive=\"true\"><\/ins>\r\n<script>\r\n     (adsbygoogle = window.adsbygoogle || []).push({});\r\n<\/script><\/div><\/div><br style=\"clear: both; display: block; float: none;\"\/>\n\n\n\n<h3 class=\"wp-block-heading\">Radost u jednostavnosti<\/h3>\n\n\n\n<p>&#8220;Zanimljivo je da mi odlazak od ku\u0107e \u010desto izaziva nezadovoljstvo. Najvi\u0161e u\u017eivam biti u blizini doma, bilo da sam u vrtu, na vje\u017ebali\u0161tu u \u0161umi ili uz more. Ta bliskost s prirodom i jednostavan na\u010din \u017eivota pru\u017eaju mi neizmjernu sre\u0107u. U ovim godinama osje\u0107am se bolje nego ikada prije, a dan mi ponekad bude prekratak koliko u\u017eivam u svemu \u0161to radim&#8221;, pi\u0161e na\u0161 \u010ditatelj odu\u0161evljen \u017eivotom.<\/p>\n\n\n\n<p>&#8220;Kad sam bio mlad \u017eivio sam kao kakav starac, dok sada, u zreloj dobi, \u017eivim kao da sam mlad. Prije 15, 20 godina obi\u0161ao sam desetak stranih zemalja i tada mi je putovati bilo zanimljivo, ali danas to vi\u0161e ne bih ponovio, \u010dak ni kad bi mi sve bilo besplatno. Shvatio sam da je moj dom mjesto koje mi pru\u017ea najve\u0107u radost i mir&#8221;, priznaje.<\/p>\n\n\n\n<p>Za kraj je napisao da bi volio upoznati \u017eenu sli\u010dnih zanimanja i pogleda na \u017eivot. &#8220;Smatram da su sli\u010dni interesi klju\u010dni za vezu i vjerujem da bi nas zajedni\u010dka ljubav prema jednostavnom, zdravom i aktivnom \u017eivotu mogla povezati na dubljoj razini. Nadam se da \u0107u na\u0107i takvu \u017eenu.&#8221;<\/p>\n\n\n\n<p>Kakav \u017eivot vodite u zrelim godinama, jeste li svjasno aktivni ili ste se prepustili kolote\u010dini?<\/p>\n\n\n\n<div id=\"crveno\"><\/p>\n\n\n\n<h3 class=\"wp-block-heading\">Zanima nas va\u0161a pri\u010da<\/h3>\n\n\n\n<p>\u017delite li i vi, posve anonimno, podijeliti svoje iskustvo i vi\u0111enje ove teme s nama i na\u0161im \u010ditateljima, mo\u017eete to u\u010diniti putem web obrasca <a rel=\"noreferrer noopener\" href=\"https:\/\/www.mojevrijeme.hr\/magazin\/povjerljivo\/\" target=\"_blank\">Povjerljivo<\/a>. Napi\u0161ite svoju pri\u010du!<\/p>\n\n\n\n<p><\/div>\n<div id=\"mojev-923983156\" class=\"mojev-kraj-teksta mojev-entity-placement\" style=\"margin-bottom: 20px;margin-left: auto;margin-right: auto;text-align: center;\"><div class=\"mojev-adlabel\">oglas<\/div><div style=\"height: 250px;\"><script async src=\"https:\/\/pagead2.googlesyndication.com\/pagead\/js\/adsbygoogle.js?client=ca-pub-8106111766207173\"\r\n     crossorigin=\"anonymous\"><\/script>\r\n<!-- Display-1 -->\r\n<ins class=\"adsbygoogle\"\r\n     style=\"display:block\"\r\n     data-ad-client=\"ca-pub-8106111766207173\"\r\n     data-ad-slot=\"1465712950\"\r\n     data-ad-format=\"auto\"\r\n     data-full-width-responsive=\"true\"><\/ins>\r\n<script>\r\n     (adsbygoogle = window.adsbygoogle || []).push({});\r\n<\/script><\/div><\/div>","protected":false},"excerpt":{"rendered":"<p>Nikad nije kasno za sre\u0107u jer ona ne ovisi o godinama, ve\u0107 o tome kako biramo \u017eivjeti svoj \u017eivot. Sre\u0107a se \u010desto krije u jednostavnim stvarima koje nas ispunjavaju i podsje\u0107aju da svaki dan mo\u017ee biti novo poglavlje, o \u010demu svjedo\u010di i na\u0161 \u010ditatelj Darko (64) koji nam je ba\u0161 iskreno otvorio du\u0161u.<\/p>\n","protected":false},"author":17,"featured_media":121545,"comment_status":"closed","ping_status":"closed","sticky":false,"template":"","format":"standard","meta":{"footnotes":""},"categories":[3552],"tags":[3337,957],"class_list":["post-121527","post","type-post","status-publish","format-standard","has-post-thumbnail","hentry","category-povjerljivo","tag-aktivno-starenje","tag-mirovina"],"_links":{"self":[{"href":"https:\/\/www.mojevrijeme.hr\/magazin\/wp-json\/wp\/v2\/posts\/121527","targetHints":{"allow":["GET"]}}],"collection":[{"href":"https:\/\/www.mojevrijeme.hr\/magazin\/wp-json\/wp\/v2\/posts"}],"about":[{"href":"https:\/\/www.mojevrijeme.hr\/magazin\/wp-json\/wp\/v2\/types\/post"}],"author":[{"embeddable":true,"href":"https:\/\/www.mojevrijeme.hr\/magazin\/wp-json\/wp\/v2\/users\/17"}],"replies":[{"embeddable":true,"href":"https:\/\/www.mojevrijeme.hr\/magazin\/wp-json\/wp\/v2\/comments?post=121527"}],"version-history":[{"count":0,"href":"https:\/\/www.mojevrijeme.hr\/magazin\/wp-json\/wp\/v2\/posts\/121527\/revisions"}],"wp:featuredmedia":[{"embeddable":true,"href":"https:\/\/www.mojevrijeme.hr\/magazin\/wp-json\/wp\/v2\/media\/121545"}],"wp:attachment":[{"href":"https:\/\/www.mojevrijeme.hr\/magazin\/wp-json\/wp\/v2\/media?parent=121527"}],"wp:term":[{"taxonomy":"category","embeddable":true,"href":"https:\/\/www.mojevrijeme.hr\/magazin\/wp-json\/wp\/v2\/categories?post=121527"},{"taxonomy":"post_tag","embeddable":true,"href":"https:\/\/www.mojevrijeme.hr\/magazin\/wp-json\/wp\/v2\/tags?post=121527"}],"curies":[{"name":"wp","href":"https:\/\/api.w.org\/{rel}","templated":true}]}}