{"id":121672,"date":"2024-11-29T11:43:51","date_gmt":"2024-11-29T10:43:51","guid":{"rendered":"https:\/\/www.mojevrijeme.hr\/magazin\/?p=121672"},"modified":"2024-11-29T11:46:02","modified_gmt":"2024-11-29T10:46:02","slug":"brankica-da-sam-zeljela-darko-bi-bio-sa-mnom-anamarija-je-nedorecena","status":"publish","type":"post","link":"https:\/\/www.mojevrijeme.hr\/magazin\/2024\/11\/brankica-da-sam-zeljela-darko-bi-bio-sa-mnom-anamarija-je-nedorecena\/","title":{"rendered":"Brankica: &#8216;Da sam \u017eeljela, Darko bi bio moj. Anamarija je nedore\u010dena&#8217;"},"content":{"rendered":"\n<p><strong>Brankica Kobasi\u0107<\/strong> (60), povratnica u ovogodi\u0161nju sezonu ruralnog zbiljokaza &#8220;Ljuba je na selu&#8221;, za sada, nije ostvarila romanti\u010dan odnos sa svojim farmerom <strong>Darkom \u0160kolnikom<\/strong> (52) iz Hagnja. Iako se \u010dinilo da \u0107e upravo s njom prona\u0107i sre\u0107u, Darka je poljupcima obasula kandidatkinja Anamarija iz Selca.<\/p>\n\n\n\n<p>Zgodna Brankica je za <a href=\"https:\/\/www.rtl.hr\/tv-emisije\/ljubav-je-na-selu\/brankica-za-rtlhr-o-anamariji-i-darku-mogla-sam-ga-zeznuti-i-ne-bi-znao-kako-se-zove.html\" target=\"_blank\" rel=\"noreferrer noopener\">RTL <\/a>komentirala je li joj bilo neugodno gledati strastvene poljupce koje su pred njom izmjenjivali Darko i Anamarija. &#8220;Iskreno, nije mi bilo neugodno. Za\u0161to bi? Rekla sam da Darko nije za mene, a mislim da nije ni za nju. Bilo mi je drago \u0161to su se spojili jer je cijelo vrijeme govori da je do\u0161la zbog njega i da joj se svi\u0111a&#8221;, istaknula je.&nbsp;<\/p>\n\n\n\n<p>Otkrila je i \u0161to misli o Anamariji. &#8220;Meni je ona kao osoba nedore\u010dena. Ne mogu je odgonetnuti. Nikad ne \u017eeli direktno pri\u010dati. Ide na pobjedu. \u017deli romanti\u010dno putovanje.&#8221; Smatra da je sve mogla okrenuti u svoju korist da je htjela, ali nije &#8220;kliknula&#8221; s Darkom i nije tip osobe koji bi nekoga zavaravao.<\/p><div id=\"mojev-3005298513\" class=\"mojev-u-tekstu mojev-entity-placement\" style=\"margin-left: auto;margin-right: auto;text-align: center;\"><div class=\"mojev-adlabel\">oglas<\/div><div style=\"height: 250px;\"><script async src=\"https:\/\/pagead2.googlesyndication.com\/pagead\/js\/adsbygoogle.js?client=ca-pub-8106111766207173\"\r\n     crossorigin=\"anonymous\"><\/script>\r\n<!-- Prikazni 1 u tekstu -->\r\n<ins class=\"adsbygoogle\"\r\n     style=\"display:block\"\r\n     data-ad-client=\"ca-pub-8106111766207173\"\r\n     data-ad-slot=\"8535551207\"\r\n     data-ad-format=\"auto\"\r\n     data-full-width-responsive=\"true\"><\/ins>\r\n<script>\r\n     (adsbygoogle = window.adsbygoogle || []).push({});\r\n<\/script><\/div><\/div><br style=\"clear: both; display: block; float: none;\"\/>\n\n\n\n<p>&#8220;Da \u017eelim glumatati, Darko bi bio sa mnom. Anamarija mu podilazi i to njemu godi. Mogla sam ga zeznuti i ne bi znao kako se zove. Da sam to htjela, ali ne \u017eelim&#8221;, objasnila je.&nbsp;<\/p>\n\n\n\n<p>Otkrila je smatra li da Anamarija i Darko funkcioniraju jer mu ona stalno daje upute. &#8220;Darko poslu\u0161a u jednom trenu \u0161to mu govori\u0161, a poslije po svome. Anamarija ga savjetuje. Ja ne bih imala \u017eivaca da ga usmjeravam cijelo vrijeme. Ja \u017eelim gotov proizvod&#8221;, zaklju\u010dila je Brankica.&nbsp;<\/p>\n<div id=\"mojev-914437193\" class=\"mojev-kraj-teksta mojev-entity-placement\" style=\"margin-bottom: 20px;margin-left: auto;margin-right: auto;text-align: center;\"><div class=\"mojev-adlabel\">oglas<\/div><div style=\"height: 250px;\"><script async src=\"https:\/\/pagead2.googlesyndication.com\/pagead\/js\/adsbygoogle.js?client=ca-pub-8106111766207173\"\r\n     crossorigin=\"anonymous\"><\/script>\r\n<!-- Display-1 -->\r\n<ins class=\"adsbygoogle\"\r\n     style=\"display:block\"\r\n     data-ad-client=\"ca-pub-8106111766207173\"\r\n     data-ad-slot=\"1465712950\"\r\n     data-ad-format=\"auto\"\r\n     data-full-width-responsive=\"true\"><\/ins>\r\n<script>\r\n     (adsbygoogle = window.adsbygoogle || []).push({});\r\n<\/script><\/div><\/div>","protected":false},"excerpt":{"rendered":"<p>Da je to \u017eeljela, Darko bi bio njen, smatra Brankica. Za razliku od Darka, njoj treba gotov proizvod, poru\u010dila je kandidatkinja iz emisije &#8216;Ljubav je na selu&#8217;.<\/p>\n","protected":false},"author":1,"featured_media":112073,"comment_status":"closed","ping_status":"closed","sticky":false,"template":"","format":"standard","meta":{"footnotes":""},"categories":[84],"tags":[3821,3054],"class_list":["post-121672","post","type-post","status-publish","format-standard","has-post-thumbnail","hentry","category-show","tag-brankica-kobasic","tag-ljubav-je-na-selu"],"_links":{"self":[{"href":"https:\/\/www.mojevrijeme.hr\/magazin\/wp-json\/wp\/v2\/posts\/121672","targetHints":{"allow":["GET"]}}],"collection":[{"href":"https:\/\/www.mojevrijeme.hr\/magazin\/wp-json\/wp\/v2\/posts"}],"about":[{"href":"https:\/\/www.mojevrijeme.hr\/magazin\/wp-json\/wp\/v2\/types\/post"}],"author":[{"embeddable":true,"href":"https:\/\/www.mojevrijeme.hr\/magazin\/wp-json\/wp\/v2\/users\/1"}],"replies":[{"embeddable":true,"href":"https:\/\/www.mojevrijeme.hr\/magazin\/wp-json\/wp\/v2\/comments?post=121672"}],"version-history":[{"count":0,"href":"https:\/\/www.mojevrijeme.hr\/magazin\/wp-json\/wp\/v2\/posts\/121672\/revisions"}],"wp:featuredmedia":[{"embeddable":true,"href":"https:\/\/www.mojevrijeme.hr\/magazin\/wp-json\/wp\/v2\/media\/112073"}],"wp:attachment":[{"href":"https:\/\/www.mojevrijeme.hr\/magazin\/wp-json\/wp\/v2\/media?parent=121672"}],"wp:term":[{"taxonomy":"category","embeddable":true,"href":"https:\/\/www.mojevrijeme.hr\/magazin\/wp-json\/wp\/v2\/categories?post=121672"},{"taxonomy":"post_tag","embeddable":true,"href":"https:\/\/www.mojevrijeme.hr\/magazin\/wp-json\/wp\/v2\/tags?post=121672"}],"curies":[{"name":"wp","href":"https:\/\/api.w.org\/{rel}","templated":true}]}}