{"id":122247,"date":"2024-12-07T22:03:40","date_gmt":"2024-12-07T21:03:40","guid":{"rendered":"https:\/\/www.mojevrijeme.hr\/magazin\/?p=122247"},"modified":"2024-12-07T22:33:18","modified_gmt":"2024-12-07T21:33:18","slug":"tereza-o-gubitku-vida-i-sluha-nema-predaje-rodena-sam-zilava","status":"publish","type":"post","link":"https:\/\/www.mojevrijeme.hr\/magazin\/2024\/12\/tereza-o-gubitku-vida-i-sluha-nema-predaje-rodena-sam-zilava\/","title":{"rendered":"Tereza o gubitku vida i sluha: &#8216;Nema predaje, ro\u0111ena sam \u017eilava&#8217;"},"content":{"rendered":"\n<p>Ljubimica nacije, pjeva\u010dica <strong>Tereza Kesovija<\/strong> (86), progovorila je o problemima sa zdravljem, posebice sa sluhom i vidom. Za <a href=\"https:\/\/www.gloria.hr\/gl\/scena\/price\/u-domu-kod-glazbene-dive-tereza-kesovija-o-oporavku-obiteljskim-tragedijama-estetskim-tretmanima-i-zelji-za-povratkom-na-scenu-15527217\" target=\"_blank\" rel=\"noreferrer noopener\">Gloriju<\/a> je opisala kako se bori s gubitkom sluha. <\/p>\n\n\n\n<p>&#8220;Prvi put uho sam operirala 2008., u Zagrebu, a potom i u Parizu. Otada se slu\u017eim aparatom za sluh, bez njega sam izgubljena. Primjerice, nakon koncerta vidim da publika freneti\u010dno plje\u0161\u0107e, a ja ne \u010dujem ba\u0161 ni\u0161ta. Usredoto\u010dila bih se, godinama sam \u010ditala s usana dok netko govori, ali druk\u010dije je kad \u010dujete glas. Toliko sam se sa\u017eivjela sa slu\u0161nim aparatom da se uop\u0107e ne primijeti. To je ta moja uro\u0111ena \u017eilavost. Nema predaje&#8221;, kazala je. <\/p>\n\n\n\n<p>Da nosi slu\u0161ni aparat nije ni poku\u0161avala sakriti. &#8220;Za\u0161to bih? Ako se dogodi ne\u0161to s \u010dime se ne mo\u017ee\u0161 boriti, i izboriti se, pomiri se i prihvati to. Nisam ni poku\u0161avala i\u0161ta prikriti, nau\u010dila sam \u017eivjeti s njim. Ne smeta mi, ni drugi ga ne primje\u0107uju. I u dokumentarnom filmu iz 2019. &#8216;To sam ja&#8217; govorim o tome&#8221;, navela je za <a href=\"https:\/\/www.gloria.hr\/gl\/scena\/price\/u-domu-kod-glazbene-dive-tereza-kesovija-o-oporavku-obiteljskim-tragedijama-estetskim-tretmanima-i-zelji-za-povratkom-na-scenu-15527217\" target=\"_blank\" rel=\"noreferrer noopener\">Gloriju<\/a>. <\/p><div id=\"mojev-4177572255\" class=\"mojev-u-tekstu mojev-entity-placement\" style=\"margin-left: auto;margin-right: auto;text-align: center;\"><div class=\"mojev-adlabel\">oglas<\/div><div style=\"height: 250px;\"><script async src=\"https:\/\/pagead2.googlesyndication.com\/pagead\/js\/adsbygoogle.js?client=ca-pub-8106111766207173\"\r\n     crossorigin=\"anonymous\"><\/script>\r\n<!-- Prikazni 1 u tekstu -->\r\n<ins class=\"adsbygoogle\"\r\n     style=\"display:block\"\r\n     data-ad-client=\"ca-pub-8106111766207173\"\r\n     data-ad-slot=\"8535551207\"\r\n     data-ad-format=\"auto\"\r\n     data-full-width-responsive=\"true\"><\/ins>\r\n<script>\r\n     (adsbygoogle = window.adsbygoogle || []).push({});\r\n<\/script><\/div><\/div><br style=\"clear: both; display: block; float: none;\"\/>\n\n\n\n<p>Ipak, te\u0161ko joj pada \u0161to vi\u0161e ne mo\u017ee \u010ditati jer joj, kako ka\u017ee, stalno slabi vid te redovito prima injekcije u jednu privatnu o\u010dnu kliniku. <\/p>\n\n\n\n<p>&#8220;Uz najmoderniji aparat, koji maksimalno pove\u0107ava slova, uspijevam napisati i pro\u010ditati poruke. No, kad stavim knjigu, moram je namjestiti ukoso jer ekran tog aparata nije velik pa je ba\u0161 nezgodno \u010ditati. A to je moja strast, kao i pjevanje. Odmalena sam u\u017eivala u knjigama. Moj pokojni brat Pero i ja \u010ditali smo i pod svjetlom koje je u na\u0161u mansardnu sobicu dopiralo s uli\u010dnih svjetiljki&#8221;, prisjetila se.<\/p>\n\n\n\n<p>Podsjetimo, Tereza je 3. listopada trebala proslaviti 86. ro\u0111endan, no do\u010dekala ga je u bolnici. Hospitalizirana je sa simptomima dugotrajne vru\u0107ice i slabosti \u0161to je dovelo i do pada. O tomu vi\u0161e mo\u017eete doznati na <a href=\"https:\/\/www.mojevrijeme.hr\/magazin\/2024\/10\/tereza-lezi-u-bolnici-nije-mi-do-proslave-86-rodendana\/\">ovoj poveznici<\/a>.<\/p>\n<div id=\"mojev-3842546299\" class=\"mojev-kraj-teksta mojev-entity-placement\" style=\"margin-bottom: 20px;margin-left: auto;margin-right: auto;text-align: center;\"><div class=\"mojev-adlabel\">oglas<\/div><div style=\"height: 250px;\"><script async src=\"https:\/\/pagead2.googlesyndication.com\/pagead\/js\/adsbygoogle.js?client=ca-pub-8106111766207173\"\r\n     crossorigin=\"anonymous\"><\/script>\r\n<!-- Display-1 -->\r\n<ins class=\"adsbygoogle\"\r\n     style=\"display:block\"\r\n     data-ad-client=\"ca-pub-8106111766207173\"\r\n     data-ad-slot=\"1465712950\"\r\n     data-ad-format=\"auto\"\r\n     data-full-width-responsive=\"true\"><\/ins>\r\n<script>\r\n     (adsbygoogle = window.adsbygoogle || []).push({});\r\n<\/script><\/div><\/div>","protected":false},"excerpt":{"rendered":"<p>U \u017eivotu sam se napatila sa zdravljem i \u017eelim da i svi drugi prebrode sve \u0161to ih sna\u0111e, da imaju nekog tko \u0107e iskopati i potaknuti tu trun\u010dicu snage, poru\u010dila je pjeva\u010dica.<\/p>\n","protected":false},"author":1,"featured_media":33496,"comment_status":"closed","ping_status":"closed","sticky":false,"template":"","format":"standard","meta":{"footnotes":""},"categories":[84],"tags":[1631,270,251,21],"class_list":["post-122247","post","type-post","status-publish","format-standard","has-post-thumbnail","hentry","category-show","tag-gluhoca","tag-pjevaci","tag-sljepoca","tag-tereza-kesovija"],"_links":{"self":[{"href":"https:\/\/www.mojevrijeme.hr\/magazin\/wp-json\/wp\/v2\/posts\/122247","targetHints":{"allow":["GET"]}}],"collection":[{"href":"https:\/\/www.mojevrijeme.hr\/magazin\/wp-json\/wp\/v2\/posts"}],"about":[{"href":"https:\/\/www.mojevrijeme.hr\/magazin\/wp-json\/wp\/v2\/types\/post"}],"author":[{"embeddable":true,"href":"https:\/\/www.mojevrijeme.hr\/magazin\/wp-json\/wp\/v2\/users\/1"}],"replies":[{"embeddable":true,"href":"https:\/\/www.mojevrijeme.hr\/magazin\/wp-json\/wp\/v2\/comments?post=122247"}],"version-history":[{"count":0,"href":"https:\/\/www.mojevrijeme.hr\/magazin\/wp-json\/wp\/v2\/posts\/122247\/revisions"}],"wp:featuredmedia":[{"embeddable":true,"href":"https:\/\/www.mojevrijeme.hr\/magazin\/wp-json\/wp\/v2\/media\/33496"}],"wp:attachment":[{"href":"https:\/\/www.mojevrijeme.hr\/magazin\/wp-json\/wp\/v2\/media?parent=122247"}],"wp:term":[{"taxonomy":"category","embeddable":true,"href":"https:\/\/www.mojevrijeme.hr\/magazin\/wp-json\/wp\/v2\/categories?post=122247"},{"taxonomy":"post_tag","embeddable":true,"href":"https:\/\/www.mojevrijeme.hr\/magazin\/wp-json\/wp\/v2\/tags?post=122247"}],"curies":[{"name":"wp","href":"https:\/\/api.w.org\/{rel}","templated":true}]}}