{"id":123214,"date":"2024-12-18T10:52:32","date_gmt":"2024-12-18T09:52:32","guid":{"rendered":"https:\/\/www.mojevrijeme.hr\/magazin\/?p=123214"},"modified":"2024-12-18T17:01:48","modified_gmt":"2024-12-18T16:01:48","slug":"ljiljana-lipovac-zivim-punim-plucima-kad-dode-vrijeme-idem-u-dom","status":"publish","type":"post","link":"https:\/\/www.mojevrijeme.hr\/magazin\/2024\/12\/ljiljana-lipovac-zivim-punim-plucima-kad-dode-vrijeme-idem-u-dom\/","title":{"rendered":"Ljiljana Lipovac: &#8216;\u017divim punim plu\u0107ima. Kad do\u0111e vrijeme, idem u dom&#8217;"},"content":{"rendered":"\n<p>\u0160ti\u0107enici doma za starije u Marku\u0161evcu s nestrpljenjem \u010dekaju svaki tre\u0107i \u010detvrtak u mjesecu, kad im u 16 sati po\u010dinje knji\u017eevno-glazbeni program. Kao stalna vanjska suradnica, program im osmi\u0161ljava i moderira pjesnikinja <strong>Ljiljana Lipovac<\/strong>, koja u dom redovito dovodi i goste pjesnike, knji\u017eevnike i glazbenike, o \u010demu nam je govorila u srda\u010dnom razgovoru.<\/p>\n\n\n\n<p>&#8220;I sama sam odlu\u010dila da \u0107u jednog dana, kad vi\u0161e ne\u0107u mo\u0107i brinuti o sebi, oti\u0107i u stara\u010dki dom. Ti su ljudi zahvalni na svakoj radionici i rado nam se pridru\u017euju, \u010dak i oni koji su u kolicima. Ljudi koji se vole dru\u017eiti u privatnom \u017eivotu, nastavljaju biti dru\u017eeljubivi i u domu i njima je ondje lijepo. Imaju dru\u0161tvo vr\u0161njaka, redovite obroke, imaju gdje pro\u0161etati, a obitelj ih mo\u017ee uzeti k sebi na blagdane ili na godi\u0161nje odmore te ih rado posje\u0107uju bez ikakvih dodatnih optere\u0107enja. To si pri\u017eeljkujem i ja&#8221;, rekla nam je.<\/p>\n\n\n\n<p>No, do tada \u017eivi punim plu\u0107ima, \u0161tovi\u0161e,&nbsp;ambiciozna je, hrabra i uporna kao da je u naponu snage. Spektar njezina djelovanja \u0161irok je pa osim \u0161to pi\u0161e pjesme, obilazi stara\u010dke domove i glumi kao amaterka, organizira i moderira razna doga\u0111anja te se bavi humanitarnim radom.<\/p><div id=\"mojev-433489192\" class=\"mojev-u-tekstu mojev-entity-placement\" style=\"margin-left: auto;margin-right: auto;text-align: center;\"><div class=\"mojev-adlabel\">oglas<\/div><div style=\"height: 250px;\"><script async src=\"https:\/\/pagead2.googlesyndication.com\/pagead\/js\/adsbygoogle.js?client=ca-pub-8106111766207173\"\r\n     crossorigin=\"anonymous\"><\/script>\r\n<!-- Prikazni 1 u tekstu -->\r\n<ins class=\"adsbygoogle\"\r\n     style=\"display:block\"\r\n     data-ad-client=\"ca-pub-8106111766207173\"\r\n     data-ad-slot=\"8535551207\"\r\n     data-ad-format=\"auto\"\r\n     data-full-width-responsive=\"true\"><\/ins>\r\n<script>\r\n     (adsbygoogle = window.adsbygoogle || []).push({});\r\n<\/script><\/div><\/div><br style=\"clear: both; display: block; float: none;\"\/>\n\n\n\n<h3 class=\"wp-block-heading\">Mirovina svega 320 eura<\/h3>\n\n\n\n<p>Ni mizerna mirovina ne mo\u017ee je baciti na koljena. &#8220;Dio sam one stare \u0161egrt generacije, zavr\u0161ila sam trogodi\u0161nju \u0161kolu za frizerku za \u017eene i mu\u0161karce. S mu\u0161kim sam modelima sudjelovala na natjecanjima i osvojila titulu prvakinje Zagreba, Hrvatske i Jugoslavije, a bila sam i peta u Europi. Volim raditi rukama. Otvorila sam frizerski obrt, a potom smo imali i kafi\u0107, \u0161to me sve ispunjavalo dok nisam dobila herniju kad vi\u0161e nisam mogla dugo stajati ni sjediti, \u0161to je u mom poslu nepremostiv problem&#8221;, kazala je.<br><br>Tako je kao stopostotni pokretni invalid rada, jo\u0161 1999. godine morala u mirovinu. &#8220;Imala sam 25 godina sta\u017ea, od toga sam 21 godinu imala vlastiti obrt, a prve \u010detiri godine radila sam u tada\u0161njem Bratstvu. Jo\u0161 \u010detiri godine su mi bile priznate kao beneficirani sta\u017e. Mirovina mi za tih 29 godina iznosi 320 eura, a na 100 postotnu invalidnost dobijem jo\u0161 svega 27 eura. Borim se, malo si jo\u0161 zaradim na moderiranju, ali nikad ne kukam&#8221;, napominje.<\/p>\n\n\n\n<h3 class=\"wp-block-heading\">Nagra\u0111ivane zbirke pjesama&nbsp;&nbsp;<\/h3>\n\n\n\n<p>Pi\u0161e duhovne, socijalne, misaone, domoljubne i blago erotske pjesme i do sada je izdala dvije zbirke. &#8220;Prva je nagra\u0111ena dvojezi\u010dna zbirka prevedena na romski jezik naslova &#8216;<strong>O\u010di moje vide sve<\/strong>&#8216;, a izdana je 2018 . godine. \u010cetiri godine kasnije izdana je i druga moja zbirka, koja nosi naziv &#8216;<strong>Jednostavna \u017eena<\/strong>&#8216;. Promoviram ih diljem Hrvatske, u Srbiji, Bih; Sloveniji, a samo sam u pro\u0161lom mjesecu autom pre\u0161la 1700 kilometara&#8221;, otkriva nam.&nbsp;<\/p>\n\n\n\n<p>Osim navedenog, ova je umirovljenica u Narodnom sveu\u010dili\u0161tu Dubrava sedam godina uz kolegicu Lidiju Pu\u0111ak <strong>vodila knji\u017eevne tribine i manifestacije<\/strong>, naziva &#8220;Poezija u sevdahu, sevdah u poeziji&#8221;, zatim &#8220;Slavonija u krilu Zagreba&#8221;. Za manifestaciju &#8220;Stop nasilju nad \u017eenama&#8221; \u017denska mre\u017ea Hrvatske nominirala ju je, zajedno s Pu\u0111ak, za &#8220;\u017denu Hrvatske.&#8221;<\/p>\n\n\n\n<h3 class=\"wp-block-heading\">\u017divotne ku\u0161nje<\/h3>\n\n\n\n<p>Ne krije da joj je \u017eivot \u010desto dodjeljivao ku\u0161nje. &#8220;Od rane mladosti patila sam od endometrioze, s 19 godina sam i\u0161la na prvu operaciju. Do svoje 33. godine operirana sam jo\u0161 \u010detiri puta. Potom sam operirala \u017eu\u010d, zaustavila me hernija, potom sam preboljela rak ko\u017ee, a sada sada me \u010deka i operacija kuka. Na sve to sam dvaput pro\u0161la razvod, sve to ostavlja traga. Unazadio me i potres u kojem mi je u Dubravi stradala ku\u0107a, tako da jo\u0161 uvijek \u017eivim u sestri\u010dninom stanu. No, ne predajem se, aktivna sam i svaki mi je dan prekratak&#8221;, isti\u010de.<\/p>\n\n\n\n<h3 class=\"wp-block-heading\">Humanitarni rad<\/h3>\n\n\n\n<p>Gospo\u0111a Ljiljana nesebi\u010dno se posvetila i humanitarnom radu, a osobito je anga\u017eirana u udruzi koja skrbi za osobe s intelektualnim o\u0161te\u0107enjima. &#8220;Nedavno sam se uklju\u010dila su akciju prikupljanja sredstava za kupnju ku\u0107e za 11 takvih korisnika. Tre\u0107inu novca je dala op\u0107ina Radoboj gdje se ku\u0107a i nalazi, dio novca donirala je susjedna op\u0107ina \u0110urmanec, a dio je dala i Krapinsko-zagorska \u017eupanija. Za dio koji je jo\u0161 nedostajao, zajedno s glazbenicom <strong>Anom Rucner<\/strong> sam preko Facebooka pokrenula apel za donacije.&#8221;<\/p>\n\n\n\n<p>&#8220;\u010cak je 40 slikara i drugih istaknutih gra\u0111ana doniralo svoja djela, mnoge od njih sam osobno poznavala jer sam im svojim stihovima otvarala izlo\u017ebe. Ana Rucner je poklonila i koncert u POU Krapina, a ja svoje zbirke pjesama. Nakon koncerta napravile smo prodajnu izlo\u017ebu. i mogu re\u0107i da me uspjeh tog projekta ispunio kao malo \u0161to. No, tu ne stajem, jer sam se uvjerila da \u010dovjek mnogo toga mo\u017ee napraviti vlastitim zalaganjem, bez o\u010dekivanja da \u0107e mu se vratiti&#8221;, govori nam na\u0161a sugovornica&nbsp;koja je 2018. sudjelovala i u&nbsp;<em>reality showu<\/em>&nbsp;&#8220;Big Brother&#8221;.<\/p>\n\n\n\n<h3 class=\"wp-block-heading\">Glumica amaterka<\/h3>\n\n\n\n<p>Kao djevojka, povjerava nam, reklamirala je pastu za zube Zirodent, a oku\u0161ala se i kao glumica amaterka u zrelijim godinama. Imala je dvije va\u017enije uloge u serijalu &#8220;Krv nije voda&#8221;, dok je u seriji &#8216;Vatre ivanjske&#8217; kroz deset epizoda bila glavna \u010duvarica \u017eenskog zatvora.<\/p>\n\n\n\n<h3 class=\"wp-block-heading\">\u017divotna \u010distka<\/h3>\n\n\n\n<p>\u017divot joj je, ispri\u010dala nam je za kraj razgovora, krenuo nabolje nakon \u0161to je prije mnogo godina napravila \u017eivotnu \u010distku. &#8220;Na jednu stranu bilje\u017enice napisala sam ono \u0161to je u mom \u017eivotu negativno, a na desnu sve \u0161to je dobro. Negativnog je bilo na dvije stranice, a onda sam po\u010dela rje\u0161avati probleme i micati ljude koji su me energetski iscrpljivali, dok nisam prekri\u017eila sve negativno. Od tada se osje\u0107am dobro u svojoj ko\u017ei, a to je najva\u017enije. Volim se smijati, volim se grliti i sretna sam. A najsretnija sam jer sam ponosna majka dviju predivnih k\u0107eri, baka \u0161estero unu\u010dadi, a u lipnju \u0107u postati i prabaka. \u017divot je lijep!&#8221; rije\u010di su ove nezaustavljive umirovljenice.<\/p>\n\n\n\n<p>A vi, kako ste prona\u0161li ljepotu \u017eivljenja u mirovini? <\/p>\n\n\n\n<div id=\"crveno\"><\/p>\n\n\n\n<h3 class=\"wp-block-heading\">Zanima nas va\u0161a pri\u010da<\/h3>\n\n\n\n<p>\u017delite li i vi, posve anonimno, podijeliti svoje iskustvo i vi\u0111enje ove teme s nama i na\u0161im \u010ditateljima, mo\u017eete to u\u010diniti putem web obrasca <a rel=\"noreferrer noopener\" href=\"https:\/\/www.mojevrijeme.hr\/magazin\/povjerljivo\/\" target=\"_blank\">Povjerljivo<\/a>. Napi\u0161ite svoju pri\u010du!<\/p>\n\n\n\n<p><\/div>\n<div id=\"mojev-1769444337\" class=\"mojev-kraj-teksta mojev-entity-placement\" style=\"margin-bottom: 20px;margin-left: auto;margin-right: auto;text-align: center;\"><div class=\"mojev-adlabel\">oglas<\/div><div style=\"height: 250px;\"><script async src=\"https:\/\/pagead2.googlesyndication.com\/pagead\/js\/adsbygoogle.js?client=ca-pub-8106111766207173\"\r\n     crossorigin=\"anonymous\"><\/script>\r\n<!-- Display-1 -->\r\n<ins class=\"adsbygoogle\"\r\n     style=\"display:block\"\r\n     data-ad-client=\"ca-pub-8106111766207173\"\r\n     data-ad-slot=\"1465712950\"\r\n     data-ad-format=\"auto\"\r\n     data-full-width-responsive=\"true\"><\/ins>\r\n<script>\r\n     (adsbygoogle = window.adsbygoogle || []).push({});\r\n<\/script><\/div><\/div>","protected":false},"excerpt":{"rendered":"<p>Problemi sa zdravljem od rane mladosti, invaliditet zbog kojeg je nakon 25 radnih godina morala napustiti posao, dva razvoda od istog mu\u0161karca, mirovina od 320 eura od koje se ne mo\u017ee \u017eivjeti; sve to 68-godi\u0161nju umirovljenicu\u00a0Ljiljanu\u00a0Lipovac iz Zagreba nije obeshrabrilo. Danas pi\u0161e i objavljuje pjesme, organizira poetske ve\u010deri u domovima za starije, vodi razne manifestacije. Jedna rije\u010d koja karakterizira ovu vedru \u017eenu glasila bi: nezaustavljiva!<\/p>\n","protected":false},"author":15,"featured_media":123287,"comment_status":"closed","ping_status":"closed","sticky":false,"template":"","format":"standard","meta":{"footnotes":""},"categories":[2],"tags":[3828,4330,3271],"class_list":["post-123214","post","type-post","status-publish","format-standard","has-post-thumbnail","hentry","category-mozaik","tag-dom-umirovljenika","tag-ljiljana-lipovac","tag-uspjesno-starenje"],"_links":{"self":[{"href":"https:\/\/www.mojevrijeme.hr\/magazin\/wp-json\/wp\/v2\/posts\/123214","targetHints":{"allow":["GET"]}}],"collection":[{"href":"https:\/\/www.mojevrijeme.hr\/magazin\/wp-json\/wp\/v2\/posts"}],"about":[{"href":"https:\/\/www.mojevrijeme.hr\/magazin\/wp-json\/wp\/v2\/types\/post"}],"author":[{"embeddable":true,"href":"https:\/\/www.mojevrijeme.hr\/magazin\/wp-json\/wp\/v2\/users\/15"}],"replies":[{"embeddable":true,"href":"https:\/\/www.mojevrijeme.hr\/magazin\/wp-json\/wp\/v2\/comments?post=123214"}],"version-history":[{"count":0,"href":"https:\/\/www.mojevrijeme.hr\/magazin\/wp-json\/wp\/v2\/posts\/123214\/revisions"}],"wp:featuredmedia":[{"embeddable":true,"href":"https:\/\/www.mojevrijeme.hr\/magazin\/wp-json\/wp\/v2\/media\/123287"}],"wp:attachment":[{"href":"https:\/\/www.mojevrijeme.hr\/magazin\/wp-json\/wp\/v2\/media?parent=123214"}],"wp:term":[{"taxonomy":"category","embeddable":true,"href":"https:\/\/www.mojevrijeme.hr\/magazin\/wp-json\/wp\/v2\/categories?post=123214"},{"taxonomy":"post_tag","embeddable":true,"href":"https:\/\/www.mojevrijeme.hr\/magazin\/wp-json\/wp\/v2\/tags?post=123214"}],"curies":[{"name":"wp","href":"https:\/\/api.w.org\/{rel}","templated":true}]}}