{"id":123932,"date":"2024-12-28T15:53:29","date_gmt":"2024-12-28T14:53:29","guid":{"rendered":"https:\/\/www.mojevrijeme.hr\/magazin\/?p=123932"},"modified":"2024-12-28T21:21:13","modified_gmt":"2024-12-28T20:21:13","slug":"vidovnjakinja-verna-otkriva-kakve-ce-biti-penzije-u-2025-godini","status":"publish","type":"post","link":"https:\/\/www.mojevrijeme.hr\/magazin\/2024\/12\/vidovnjakinja-verna-otkriva-kakve-ce-biti-penzije-u-2025-godini\/","title":{"rendered":"Vidovnjakinja Verna \u010cubrilo otkriva kakve \u0107e biti penzije u 2025. godini"},"content":{"rendered":"\n<p>Jo\u0161 jednom je poznata proricateljica <strong>Verna \u010cubrilo<\/strong> zasukala rukave, uglancala kristalnu kuglu i zavirila u nadolaze\u0107u godinu kako bi donijela sudbinske poruke \u010ditateljima portala MojeVrijeme.hr.&nbsp;<\/p>\n\n\n\n<p><strong>Kakva \u0107e 2025. godina biti za hrvatske gra\u0111ane? Ho\u0107e li biti druga\u010dija od ove na izmaku. Jako nas zanima \u0161to kristalna kugla poru\u010duje \u010ditateljima MojeVrijeme.hr portala i umirovljenicima.<\/strong><\/p>\n\n\n\n<p>Prekrasna, naravno! Sve \u0107e biti &#8220;po voznom redu&#8221;. Dakle, koncentracija na nebitno uz optu\u017eivanje drugih za vlastite probleme i propu\u0161tene prilike. Najgore \u0107e, naravno, pro\u0107i oni koji se trude pobolj\u0161ati \u017eivot umirovljenika, organizirati aktivnosti, tra\u017eiti ve\u0107a prava ili otvarati va\u017ene teme. Njih \u0107e ve\u0107ina do\u010dekati s podsmijehom, komentarima kako su &#8220;svi isti&#8221; i da &#8220;nije dovoljno&#8221;. Za one umirovljenike koji \u017eele promjenu, 2025. \u0107e stvarno biti izazovna.<\/p><div id=\"mojev-1134464989\" class=\"mojev-u-tekstu mojev-entity-placement\" style=\"margin-left: auto;margin-right: auto;text-align: center;\"><div class=\"mojev-adlabel\">oglas<\/div><div style=\"height: 250px;\"><script async src=\"https:\/\/pagead2.googlesyndication.com\/pagead\/js\/adsbygoogle.js?client=ca-pub-8106111766207173\"\r\n     crossorigin=\"anonymous\"><\/script>\r\n<!-- Prikazni 1 u tekstu -->\r\n<ins class=\"adsbygoogle\"\r\n     style=\"display:block\"\r\n     data-ad-client=\"ca-pub-8106111766207173\"\r\n     data-ad-slot=\"8535551207\"\r\n     data-ad-format=\"auto\"\r\n     data-full-width-responsive=\"true\"><\/ins>\r\n<script>\r\n     (adsbygoogle = window.adsbygoogle || []).push({});\r\n<\/script><\/div><\/div><br style=\"clear: both; display: block; float: none;\"\/>\n\n\n\n<p><strong>Koje teme \u0107e ih najvi\u0161e okupirati, \u010demu \u0107e se posvetiti?<\/strong><\/p>\n\n\n\n<p>&#8220;Ljubav na selu&#8221; ponovno \u0107e zasjati na dru\u0161tvenim mre\u017eama i u razgovorima uz kavu. Svaka epizoda analizirat \u0107e se detaljno; tko je &#8220;o\u010dajnica&#8221;, tko &#8220;nije pravi seljak&#8221;, tko &#8220;samo tra\u017ei reklamu&#8221; i \u010dije je pona\u0161anje &#8220;sramota za \u017eenski rod&#8221;. Naravno, svi ti \u0107e tvrditi da ne gledaju tu emisiju. Teme koje zaista imaju utjecaj na \u017eivot gra\u0111ana ostat \u0107e u sjeni jer, iskreno, \u0161to su inflacija i prora\u010dun u usporedbi s ljubavnom dramom u Glibodolu.<\/p>\n\n\n\n<p><strong>Da, to su uvijek najkomentiraniji \u010dlanci na dru\u0161tvenim mre\u017eama. Ho\u0107e li bar idu\u0107e godine komentatori \u010ditati \u010dlanke prije nego ostave svoje &#8220;mi\u0161ljenje&#8221;?<\/strong><\/p>\n\n\n\n<p>Ma kakvo \u010ditanje! To bi zahtijevalo trud, a oni su tu da bi komentirali, ne da bi \u010ditali. Naslov i slika dovoljni su za stvaranje \u010dvrstog mi\u0161ljenja, koje \u0107e odmah podijeliti s ostatkom svijeta. Jer svijet zaslu\u017euje to \u010duti. Ako slu\u010dajno i kliknu na \u010dlanak, to \u0107e biti gre\u0161ka ili posljedica artritisa. A i to \u010ditanje je upitno. Jer, tko ima vremena za razmi\u0161ljanje kad se ispod \u010dlanka ve\u0107 kuha rasprava u komentarima? Za\u0161to me pitate pitanja na koja ve\u0107 znate odgovore? Budite originalniji.<\/p>\n\n\n\n<p><strong>\u0160to ka\u017ee kristalna kugla, ho\u0107e li bar u toj komunikaciji preko Facebooka biti bla\u017ei, pristojniji ili \u0107e koristiti Facebook da bi posramljivali i osu\u0111ivali druge?<\/strong><\/p>\n\n\n\n<p>Opet vi po istom! Kugla jasno pokazuje da \u0107e Facebook i dalje biti arena za izra\u017eavanje frustracija, moralne osude i beskrajno posramljivanje drugih. Posebno se to odnosi na bake \u010diji su profili krcati slikama unu\u010dadi, Isuseka i svetaca. One imaju najpoganiji jezik. Zbog rodne ravnopravnosti ne smijemo zaboraviti ni mu\u0161karce koji dokazuju kako je mit da mu\u0161karci ne tra\u010daju &#8211; ipak samo mit.<\/p>\n\n\n\n<p><strong>Ho\u0107emo li ozdraviti?<\/strong> <strong>Zdravlje, kakvo \u0107e biti zdravlje nacije? <\/strong><\/p>\n\n\n\n<p>Lo\u0161e, vrlo lo\u0161e, ako ne i gore. I ovaj na\u0161 razgovor pokazuje da su nade u izlje\u010denje male. Najbolje je prihvatiti tu bolest kao novo normalno pa dok ide, ide.<\/p>\n\n\n\n<p><strong>Zapravo, mislila sam na fizi\u010dko zdravlje&#8230;<\/strong><\/p>\n\n\n\n<p>Aha, pa \u0161to odmah niste rekli? Ljudi \u0107e se \u017ealiti na lije\u010dnike, liste \u010dekanja i skupe terapije, ali i dalje \u0107e odlu\u010dno ignorirati savjete o prehrani, vje\u017ebanju ili \u0161etnjama. Jer, za\u0161to mijenjati rutinu koja tako &#8220;dobro&#8221; funkcionira? Prigovaranje na zdravlje, sre\u0107om, ne zahtijeva nikakvu fizi\u010dku aktivnost.<\/p>\n\n\n\n<p><strong>Vratimo se umirovljenicima. Ho\u0107e li vi\u0161e umirovljenici koristiti pravo na rad u mirovini?<\/strong><\/p>\n\n\n\n<p>Ho\u0107e, ali na svoj na\u010din. Besplatno \u010duvanje unu\u010dadi, vo\u0111enje na aktivnosti i organiziranje obiteljskih ru\u010dkova i dalje \u0107e biti glavne aktivnosti. Nakon toga \u0107e kukati da &#8220;padaju s nogu\u201c i kako ih nitko ne cijeni. S druge strane, ako im netko ponudi po\u0161teno pla\u0107eni posao, uvrijedit \u0107e se jer &#8220;nisu oti\u0161li u mirovinu da bi radili&#8221;. Rijetki \u0107e se zaposliti uz zadr\u017eavanje mirovine, ali \u0107e im svi ostali znati savr\u0161eno objasniti za\u0161to je to neprihvatljivo. Malo koga umirovljenici ne podnose kao \u0161to ne podnose umirovljenike koji rade.<\/p>\n\n\n\n<p><strong>Ho\u0107e li rasti mirovine?<\/strong><\/p>\n\n\n\n<p>Pobogu \u017eeno, \u0161to vam je? Ne\u0107e! A i za\u0161to bi? Kugla ka\u017ee da \u0107e umirovljenici i dalje ponosno isticati da pre\u017eivljavaju sa 300 eura, a one kojima ni 600 eura nije dovoljno nazivat \u0107e raspiku\u0107ama i bogatunima. Ve\u0107e mirovine bi im, valjda, donijele opasnosti poput sulude rastro\u0161nosti na bolju prehranu i lijekove ili, ne daj Bo\u017ee, knjige ili putovanje izvan granica \u017eupanije. Uostalom, da su mirovine ve\u0107e, izgubio bi se taj eros beskrajne kuknjave, a to je klju\u010dni dio umirovljeni\u010dkog \u017eivota. Ba\u0161 postavljate nepametna pitanja. <\/p>\n\n\n\n<p><strong>\u0160to \u0107e se dogoditi na umirovljeni\u010dkoj politi\u010dkoj sceni?<\/strong><\/p>\n\n\n\n<p>Aha, ka\u017eete scena! Zna\u010di, \u010dak ste i vi primijetili da je to igrokaz. Oni spretniji lideri umirovljeni\u010dkih stranaka kunjat \u0107e uz pe\u0107 u Banskim dvorima i sukati brkove. Drugi \u0107e u\u010diniti sve da i sami prona\u0111u kakav topli zape\u0107ak, no kugla mi ka\u017ee da taj dugogodi\u0161nji san ne\u0107e postati stvarnost.<\/p>\n\n\n\n<p><strong>I za kraj, najva\u017enija stvar na svijetu, ljubav. Ho\u0107e li usamljeni umirovljenici stati na ludi kamen?<\/strong><\/p>\n\n\n\n<p>Da, mnogi \u0107e se popiknuti na ludi kamen i razbiti nos! Kugla ka\u017ee da \u0107e jedni do\u017eivjeti drugi pubertet i da \u0107e ljubovati kao u studentskom domu. Drugi \u0107e imati manje sre\u0107e pa \u0107e ih ljubav ostaviti praznog nov\u010danika, pogotovo kada se radi o umirovljenicima i umirovljenicima s inozemnim penzijama. Oni tre\u0107i, najbrojniji, oni \u0107e i dalje biti sami ili u nesretnim brakovima i smi\u0161ljati razloge za\u0161to su bolji, pametniji i dostojanstveniji od ovih prvih. <\/p>\n\n\n\n<p><strong>Hvala vam na ovom razgovoru za na\u0161 portal. Vidimo se idu\u0107e godine.<\/strong><\/p>\n\n\n\n<p>Mo\u017eda, ako pripremite pametnija pitanja. Ne\u0107u vam re\u0107i \u0161to kugla ka\u017ee o tomu.<\/p>\n\n\n\n<div id=\"crveno\"><\/p>\n\n\n\n<h3 class=\"wp-block-heading\">Zanima nas va\u0161a pri\u010da<\/h3>\n\n\n\n<p>\u017delite li i vi, posve anonimno, podijeliti svoje iskustvo i vi\u0111enje ove teme s nama i na\u0161im \u010ditateljima, mo\u017eete to u\u010diniti putem web obrasca <a rel=\"noreferrer noopener\" href=\"https:\/\/www.mojevrijeme.hr\/magazin\/povjerljivo\/\" target=\"_blank\">Povjerljivo<\/a>. Napi\u0161ite svoju pri\u010du!<\/p>\n\n\n\n<p><\/div>\n<div id=\"mojev-2388447572\" class=\"mojev-kraj-teksta mojev-entity-placement\" style=\"margin-bottom: 20px;margin-left: auto;margin-right: auto;text-align: center;\"><div class=\"mojev-adlabel\">oglas<\/div><div style=\"height: 250px;\"><script async src=\"https:\/\/pagead2.googlesyndication.com\/pagead\/js\/adsbygoogle.js?client=ca-pub-8106111766207173\"\r\n     crossorigin=\"anonymous\"><\/script>\r\n<!-- Display-1 -->\r\n<ins class=\"adsbygoogle\"\r\n     style=\"display:block\"\r\n     data-ad-client=\"ca-pub-8106111766207173\"\r\n     data-ad-slot=\"1465712950\"\r\n     data-ad-format=\"auto\"\r\n     data-full-width-responsive=\"true\"><\/ins>\r\n<script>\r\n     (adsbygoogle = window.adsbygoogle || []).push({});\r\n<\/script><\/div><\/div>","protected":false},"excerpt":{"rendered":"<p>Ho\u0107e li nas obasjati svjetlo na kraju tunela ili su to mo\u017eda farovi jure\u0107eg vlaka koji nam je sve bli\u017ee i bli\u017ee? Sve to pro\u010ditajte u nastavku i otkrijte \u0161to vas \u010deka u 2025. godini.<\/p>\n","protected":false},"author":1,"featured_media":66421,"comment_status":"closed","ping_status":"closed","sticky":false,"template":"","format":"standard","meta":{"footnotes":""},"categories":[2],"tags":[18,1297,77,4342,517,561],"class_list":["post-123932","post","type-post","status-publish","format-standard","has-post-thumbnail","hentry","category-mozaik","tag-mirovine","tag-satira","tag-umirovljenici","tag-verna-cubrilo","tag-vidovnjastvo","tag-zabava"],"_links":{"self":[{"href":"https:\/\/www.mojevrijeme.hr\/magazin\/wp-json\/wp\/v2\/posts\/123932","targetHints":{"allow":["GET"]}}],"collection":[{"href":"https:\/\/www.mojevrijeme.hr\/magazin\/wp-json\/wp\/v2\/posts"}],"about":[{"href":"https:\/\/www.mojevrijeme.hr\/magazin\/wp-json\/wp\/v2\/types\/post"}],"author":[{"embeddable":true,"href":"https:\/\/www.mojevrijeme.hr\/magazin\/wp-json\/wp\/v2\/users\/1"}],"replies":[{"embeddable":true,"href":"https:\/\/www.mojevrijeme.hr\/magazin\/wp-json\/wp\/v2\/comments?post=123932"}],"version-history":[{"count":0,"href":"https:\/\/www.mojevrijeme.hr\/magazin\/wp-json\/wp\/v2\/posts\/123932\/revisions"}],"wp:featuredmedia":[{"embeddable":true,"href":"https:\/\/www.mojevrijeme.hr\/magazin\/wp-json\/wp\/v2\/media\/66421"}],"wp:attachment":[{"href":"https:\/\/www.mojevrijeme.hr\/magazin\/wp-json\/wp\/v2\/media?parent=123932"}],"wp:term":[{"taxonomy":"category","embeddable":true,"href":"https:\/\/www.mojevrijeme.hr\/magazin\/wp-json\/wp\/v2\/categories?post=123932"},{"taxonomy":"post_tag","embeddable":true,"href":"https:\/\/www.mojevrijeme.hr\/magazin\/wp-json\/wp\/v2\/tags?post=123932"}],"curies":[{"name":"wp","href":"https:\/\/api.w.org\/{rel}","templated":true}]}}