{"id":124142,"date":"2025-04-13T15:17:13","date_gmt":"2025-04-13T13:17:13","guid":{"rendered":"https:\/\/www.mojevrijeme.hr\/magazin\/?p=124142"},"modified":"2025-04-13T15:28:34","modified_gmt":"2025-04-13T13:28:34","slug":"ana-79-ostvarila-sam-sve-u-zivotu-ali-sada-me-ubija-dosada","status":"publish","type":"post","link":"https:\/\/www.mojevrijeme.hr\/magazin\/2025\/04\/ana-79-ostvarila-sam-sve-u-zivotu-ali-sada-me-ubija-dosada\/","title":{"rendered":"Ana (79): Ostvarila sam sve u \u017eivotu, ali sada me ubija dosada"},"content":{"rendered":"\n<p>Mnogi u kasnijoj \u017eivotnoj dobi osje\u0107aju prazninu i, nakon \u0161to su ostvarili svoje \u017eivotne ciljeve, preispituju smisao postojanja. \u010cesto se na\u0111u u situaciji gdje im vanjski uspjesi vi\u0161e ne donose zadovoljstvo, a savjeti da prona\u0111u hobi ne zadovoljavaju ih.<\/p>\n\n\n\n<p>U potrazi za novim smislom \u017eivota na\u0161la se i umirovljenica <strong>Ana <\/strong>(79). &#8220;Obuzima me ne\u0161to \u0161to bih nazvala egzistencijalnom dosadom. S tim osje\u0107ajem borim se ve\u0107 neko vrijeme. Ostvarila sam sve svoje ambicije, pa i mnogo vi\u0161e od toga, ali sada sam izgubljena i ne znam \u0161to dalje. Svi mi savjetuju da se posvetim nekom hobiju ili pridru\u017eim zboru, no imam osje\u0107aj da nemaju pojma \u0161to zna\u010di prava, duboka dosada. Zavidim im, jer mene ni\u0161ta ne motivira, niti me bilo kakav hobi mo\u017ee ispuniti. \u0160to mi savjetujete?&#8221;<\/p>\n\n\n\n<p>Psihoterapeutkinja <strong>Philippa Perry<\/strong> odgovorila joj je javno u svojoj kolumni za <a href=\"https:\/\/www.theguardian.com\/profile\/philippa-perry\" target=\"_blank\" rel=\"noreferrer noopener\"><em>The Guardian<\/em><\/a>. &#8220;Egzistencijalna dosada koju opisujete nije obi\u010dna dosada, zar ne? To nije onaj prolazni osje\u0107aj koji mo\u017eete otkloniti novim hobijem ili usputnom distrakcijom. Stoga nije ni \u010dudo da vas frustrira kada vam ljudi predla\u017eu da se ne\u010dim zaokupite, kao da ispunjavanje vremena mo\u017ee rije\u0161iti ono \u0161to se doga\u0111a duboko u vama.&#8221;<\/p><div id=\"mojev-2531101407\" class=\"mojev-u-tekstu mojev-entity-placement\" style=\"margin-left: auto;margin-right: auto;text-align: center;\"><div class=\"mojev-adlabel\">oglas<\/div><div style=\"height: 250px;\"><script async src=\"https:\/\/pagead2.googlesyndication.com\/pagead\/js\/adsbygoogle.js?client=ca-pub-8106111766207173\"\r\n     crossorigin=\"anonymous\"><\/script>\r\n<!-- Prikazni 1 u tekstu -->\r\n<ins class=\"adsbygoogle\"\r\n     style=\"display:block\"\r\n     data-ad-client=\"ca-pub-8106111766207173\"\r\n     data-ad-slot=\"8535551207\"\r\n     data-ad-format=\"auto\"\r\n     data-full-width-responsive=\"true\"><\/ins>\r\n<script>\r\n     (adsbygoogle = window.adsbygoogle || []).push({});\r\n<\/script><\/div><\/div><br style=\"clear: both; display: block; float: none;\"\/>\n\n\n\n<h3 class=\"wp-block-heading\">Nova faza postojanja<\/h3>\n\n\n\n<p>&#8220;Ova faza va\u0161eg \u017eivota nije pitanje \u0161to \u0107ete sljede\u0107e raditi, ve\u0107 tko \u0107ete postati. I mo\u017eda je najva\u017enije prepoznati da jo\u0161 uvijek imate tu mo\u0107 odnosno mogu\u0107nost daljnjeg oblikovanja sebe&#8221;, odgovara terapeutkinja pa nastavlja: &#8220;Mo\u017eda se sada manje radi o vanjskim ciljevima, a vi\u0161e o okretanju prema unutra, prema onome tko zaista jeste, i pronala\u017eenju nove faze vlastitog postajanja. To nije jednostavan put i ne \u017eelim umanjiti koliko to mo\u017ee biti te\u0161ko ili samotno. Ali upravo u tome le\u017ei potencijal za dublje otkrivanje sebe.&#8221;<\/p>\n\n\n\n<p>\u201dPostigli ste sve \u0161to ste \u017eeljeli, ali sada ste suo\u010deni s pitanjem koje nadilazi obi\u010dne ciljeve i aktivnosti. Nalazite se u trenutku koji egzistencijalni filozofi nazivaju egzistencijalnim vakuumom. To je onaj osje\u0107aj kada sve \u0161to je ranije imalo smisla izgubi svoju snagu, a ono \u0161to vas je nekad ispunjavalo vi\u0161e nema isti u\u010dinak. Ovo je \u010desto iskustvo onih koji su zaista \u017eivjeli, koji su ostvarili i nadma\u0161ili svoje ambicije, no sada stoje pred pitanjem: \u0160to dalje?&#8221;<\/p>\n\n\n\n<h3 class=\"wp-block-heading\">Stvaranje novog smisla<\/h3>\n\n\n\n<p>S jedne strane, svijest o prolaznosti mo\u017ee izazvati osje\u0107aj praznine, ali s druge strane otvara prostor upravo za to ne\u0161to dublje, analizira Perry. &#8220;Va\u0161a dosada nije samo praznina, ona je poziv na stvaranje novog smisla, na pronala\u017eenje anga\u017emana koji nisu ukorijenjeni u pro\u0161lim postignu\u0107ima ili o\u010dekivanjima.&#8221;<\/p>\n\n\n\n<p>&#8220;Ova nova faza \u017eivota mo\u017eda od vas tra\u017ei kreativnost u naj\u0161irem smislu rije\u010di. Ne mislim samo na umjetnost ili pisanje (iako to mo\u017ee biti dio toga), ve\u0107 na kreativnost u na\u010dinu kako \u017eivite i kako se povezujete sa svijetom. \u0160to vas jo\u0161 uvijek mo\u017ee dirnuti? Kako biste mogli doprinositi, \u010dak i na jednostavan na\u010din? Mo\u017eda je to ne\u0161to naoko maleno, poput slu\u0161anja djece dok \u010ditaju, ili dublji razgovori koji ostavljaju trag. Mo\u017eda je to istra\u017eivanje dijelova sebe koje jo\u0161 niste stigli upoznati.&#8221;<\/p>\n\n\n\n<p>&#8220;Ovdje nije cilj samo &#8216;ostati zauzet&#8217;. Radi se o postavljanju pitanja: \u0160to mi moje sada zaista zna\u010di? Ovo je prilika za ne\u0161to novo \u0161to mo\u017eda izaziva nelagodu jer vam je nepoznato, no upravo tu le\u017ei \u0161ansa. Pitajte se koje dijelove svog bi\u0107a jo\u0161 niste istra\u017eili? Postoje li odnosi koje niste u potpunosti razvili ili razgovori koje niste vodili? \u0160to je sada najautenti\u010dnije za vas?&#8221;<\/p>\n\n\n\n<h3 class=\"wp-block-heading\">Niste sami<\/h3>\n\n\n\n<p>&#8220;Suo\u010davanje s prolazno\u0161\u0107u \u017eivota, s njegovim ograni\u010denjima, mo\u017ee zvu\u010dati zastra\u0161uju\u0107e, ali u toj svijesti le\u017ei i klju\u010d za dublji osje\u0107aj smisla. Smrt, iako te\u0161ka tema, ne mora biti izvor o\u010daja ve\u0107 naprotiv, ona mo\u017ee dati hitnost i te\u017einu svakom trenutku koji sada \u017eivite.&#8221;<\/p>\n\n\n\n<p>&#8220;Niste sami u tom iskustvu. Mnogi se suo\u010davaju s osje\u0107ajem praznine nakon \u0161to postignu sve \u0161to su htjeli. No, ono \u0161to sada prolazite nije neuspjeh, ve\u0107 duboko ljudsko pitanje: kako ponovno oblikovati smisao. To je prilika da otkrijete nove dimenzije sebe i svog odnosa prema svijetu, \u010dak i u ovoj fazi \u017eivota&#8221;, zaklju\u010du\u010dje psihoterapeutkinja.<\/p>\n\n\n\n<p>\u0160to va\u0161em \u017eivotu daje smisao? Pi\u0161ite nam o svojim razmi\u0161ljanjima.<\/p>\n\n\n\n<div id=\"crveno\"><\/p>\n\n\n\n<h3 class=\"wp-block-heading\">Zanima nas va\u0161a pri\u010da<\/h3>\n\n\n\n<p>\u017delite li i vi, posve anonimno, podijeliti svoje iskustvo i vi\u0111enje ove teme s nama i na\u0161im \u010ditateljima, mo\u017eete to u\u010diniti putem web obrasca <a rel=\"noreferrer noopener\" href=\"https:\/\/www.mojevrijeme.hr\/magazin\/povjerljivo\/\" target=\"_blank\">Povjerljivo<\/a>. Napi\u0161ite svoju pri\u010du!<\/p>\n\n\n\n<p><\/div>\n<div id=\"mojev-2129804331\" class=\"mojev-kraj-teksta mojev-entity-placement\" style=\"margin-bottom: 20px;margin-left: auto;margin-right: auto;text-align: center;\"><div class=\"mojev-adlabel\">oglas<\/div><div style=\"height: 250px;\"><script async src=\"https:\/\/pagead2.googlesyndication.com\/pagead\/js\/adsbygoogle.js?client=ca-pub-8106111766207173\"\r\n     crossorigin=\"anonymous\"><\/script>\r\n<!-- Display-1 -->\r\n<ins class=\"adsbygoogle\"\r\n     style=\"display:block\"\r\n     data-ad-client=\"ca-pub-8106111766207173\"\r\n     data-ad-slot=\"1465712950\"\r\n     data-ad-format=\"auto\"\r\n     data-full-width-responsive=\"true\"><\/ins>\r\n<script>\r\n     (adsbygoogle = window.adsbygoogle || []).push({});\r\n<\/script><\/div><\/div>","protected":false},"excerpt":{"rendered":"<p>Nakon \u0161to ostvare \u017eivotne ciljeve, mnogi stariji suo\u010de se s dubokim osje\u0107ajem praznine koji nadilazi obi\u010dnu dosadu. Psihoterapeutkinja Philippa Perry obja\u0161njava da to nije znak gubitka, ve\u0107 poziv na stvaranje novog smisla i prilika za dublje povezivanje sa sobom i svijetom.<\/p>\n","protected":false},"author":17,"featured_media":133174,"comment_status":"closed","ping_status":"closed","sticky":false,"template":"","format":"standard","meta":{"footnotes":""},"categories":[2],"tags":[149,4650,345,80,4651],"class_list":["post-124142","post","type-post","status-publish","format-standard","has-post-thumbnail","hentry","category-mozaik","tag-depresija","tag-egzistencijalna-dosada","tag-psihologija","tag-starenje","tag-zivotni-smisao"],"_links":{"self":[{"href":"https:\/\/www.mojevrijeme.hr\/magazin\/wp-json\/wp\/v2\/posts\/124142","targetHints":{"allow":["GET"]}}],"collection":[{"href":"https:\/\/www.mojevrijeme.hr\/magazin\/wp-json\/wp\/v2\/posts"}],"about":[{"href":"https:\/\/www.mojevrijeme.hr\/magazin\/wp-json\/wp\/v2\/types\/post"}],"author":[{"embeddable":true,"href":"https:\/\/www.mojevrijeme.hr\/magazin\/wp-json\/wp\/v2\/users\/17"}],"replies":[{"embeddable":true,"href":"https:\/\/www.mojevrijeme.hr\/magazin\/wp-json\/wp\/v2\/comments?post=124142"}],"version-history":[{"count":8,"href":"https:\/\/www.mojevrijeme.hr\/magazin\/wp-json\/wp\/v2\/posts\/124142\/revisions"}],"predecessor-version":[{"id":133176,"href":"https:\/\/www.mojevrijeme.hr\/magazin\/wp-json\/wp\/v2\/posts\/124142\/revisions\/133176"}],"wp:featuredmedia":[{"embeddable":true,"href":"https:\/\/www.mojevrijeme.hr\/magazin\/wp-json\/wp\/v2\/media\/133174"}],"wp:attachment":[{"href":"https:\/\/www.mojevrijeme.hr\/magazin\/wp-json\/wp\/v2\/media?parent=124142"}],"wp:term":[{"taxonomy":"category","embeddable":true,"href":"https:\/\/www.mojevrijeme.hr\/magazin\/wp-json\/wp\/v2\/categories?post=124142"},{"taxonomy":"post_tag","embeddable":true,"href":"https:\/\/www.mojevrijeme.hr\/magazin\/wp-json\/wp\/v2\/tags?post=124142"}],"curies":[{"name":"wp","href":"https:\/\/api.w.org\/{rel}","templated":true}]}}