{"id":124241,"date":"2024-12-29T14:23:03","date_gmt":"2024-12-29T13:23:03","guid":{"rendered":"https:\/\/www.mojevrijeme.hr\/magazin\/?p=124241"},"modified":"2024-12-30T09:48:33","modified_gmt":"2024-12-30T08:48:33","slug":"tko-ce-u-2025-godini-imati-pravo-na-besplatan-prijevoz-vlakom","status":"publish","type":"post","link":"https:\/\/www.mojevrijeme.hr\/magazin\/2024\/12\/tko-ce-u-2025-godini-imati-pravo-na-besplatan-prijevoz-vlakom\/","title":{"rendered":"Tko \u0107e u 2025. godini imati pravo na besplatan prijevoz vlakom?"},"content":{"rendered":"\n<p>Vo\u017enja vlakom ima svoje \u010dari. Umirovljenik <strong>Ivan Kiki\u0107<\/strong> zato H\u017d-om putuje triput tjedno.&#8221;Sjedim u miru, u\u017eivam, listam internet i ne moram se patiti u vo\u017enji, gradu, gu\u017evi i to&#8221;, ka\u017ee za <a href=\"https:\/\/net.hr\/danas\/rtl-danas\/besplatan-prijevoz-vlakom-diljem-hrvatske-za-razne-generacije-fe2739ce-c557-11ef-9021-829ff0affdfc\" target=\"_blank\" rel=\"noreferrer noopener\">RTL<\/a>.<\/p>\n\n\n\n<p>Jedan je od 177.000 umirovljenika i starijih od 65 godina koji su izradili pametnu karticu kojom putuju besplatno na svim relacijama. A ta se mogu\u0107nost, prema odluci Vlade, nastavlja i u 2025. &#8220;Mislio sam da je to bila reklamna ideja zbog izbora, ali dopalo mi se ovo da produ\u017euju. Jako dobra ideja&#8221;, ka\u017ee putnik H\u017d-om Ivan Kiki\u0107. <\/p>\n\n\n\n<p>Umirovljenik Marko Krznari\u0107 ka\u017ee da ga nastavak mjere raduje: &#8220;Valja onih 300 eura sa\u010duvat u d\u017eepu&#8221;, isti\u010de referiraju\u0107i se na slabe mirovine. Kako osigurati pametnu karticu za besplatan prijevoz vlakom pro\u010ditajte na <a href=\"https:\/\/www.mojevrijeme.hr\/magazin\/2024\/12\/kako-do-kartice-za-besplatnu-voznju-vlakom\/\">ovoj poveznici<\/a>.<\/p><div id=\"mojev-1392743663\" class=\"mojev-u-tekstu mojev-entity-placement\" style=\"margin-left: auto;margin-right: auto;text-align: center;\"><div class=\"mojev-adlabel\">oglas<\/div><div style=\"height: 250px;\"><script async src=\"https:\/\/pagead2.googlesyndication.com\/pagead\/js\/adsbygoogle.js?client=ca-pub-8106111766207173\"\r\n     crossorigin=\"anonymous\"><\/script>\r\n<!-- Prikazni 1 u tekstu -->\r\n<ins class=\"adsbygoogle\"\r\n     style=\"display:block\"\r\n     data-ad-client=\"ca-pub-8106111766207173\"\r\n     data-ad-slot=\"8535551207\"\r\n     data-ad-format=\"auto\"\r\n     data-full-width-responsive=\"true\"><\/ins>\r\n<script>\r\n     (adsbygoogle = window.adsbygoogle || []).push({});\r\n<\/script><\/div><\/div><br style=\"clear: both; display: block; float: none;\"\/>\n\n\n\n<p>Zadnje dvije godine oko 20.000 redovnih studenata koristilo je mogu\u0107nost kupovine mjese\u010dne karte za ne\u0161to manje od deset eura. Od Nove godine i oni \u0107e mo\u0107i vlakom po Hrvatskoj potpuno besplatno.<\/p>\n\n\n\n<p>Student Nikola Katni\u0107 komentira: &#8220;Studenti ba\u0161 nemaju puno novaca tako da vjerujem da svima zna\u010di to&#8221;. No, neki od studenata vi\u0161e bi voljeli da su Hrvatske \u017eeljeznice pouzdanije. Patrik Mateji\u0107 tako ka\u017ee: &#8220;Apsolutno ni\u0161ta pozitivno, sve cijelo vrijeme kasni, to je to&#8221;. <\/p>\n\n\n\n<p>Petra Mar\u010deti\u0107 je u srednjo\u0161kolskim danima putovala iz Zapre\u0161i\u0107a u Zagreb, a uskoro \u0107e istom rutom svakodnevno krenuti i njezin sin. &#8220;Bilo je tu svega, od ispri\u010dnica koje sam tra\u017eila zbog ka\u0161njenja. U biti, meni bi bilo najdra\u017ee kad bi uveli malo \u010de\u0161\u0107e. Da nije na svakih sat vremena vlak i da su povjerljiviji, da se mo\u017ee\u0161 uzdati da \u0107e\u0161 do\u0107i na vrijeme&#8221;, po\u017eeljela je Petra.<\/p>\n\n\n\n<p>U novoj godini nastavlja se i besplatan prijevoz za mla\u0111e od 18 godina. Za ovu mjeru Vlada RH je osigurala osam milijune eura.<\/p>\n\n\n\n<p>Glasnogovornica H\u017d-a Putni\u010dki prijevoz Mihaela Tomurad Su\u0161ac za <a href=\"https:\/\/net.hr\/danas\/rtl-danas\/besplatan-prijevoz-vlakom-diljem-hrvatske-za-razne-generacije-fe2739ce-c557-11ef-9021-829ff0affdfc\" target=\"_blank\" rel=\"noreferrer noopener\">RTL <\/a>ka\u017ee da je mjera uspje\u0161na: &#8220;Prije uvo\u0111enja pilot projekta za djecu i u\u010denike, 7.000 u\u010denika je koristilo prijevoz vlakom. Danas se ta brojka popela na 84.000 djece i u\u010denika koji redovno ili povremeno putuju vlakom&#8221;. <\/p>\n<div id=\"mojev-923808107\" class=\"mojev-kraj-teksta mojev-entity-placement\" style=\"margin-bottom: 20px;margin-left: auto;margin-right: auto;text-align: center;\"><div class=\"mojev-adlabel\">oglas<\/div><div style=\"height: 250px;\"><script async src=\"https:\/\/pagead2.googlesyndication.com\/pagead\/js\/adsbygoogle.js?client=ca-pub-8106111766207173\"\r\n     crossorigin=\"anonymous\"><\/script>\r\n<!-- Display-1 -->\r\n<ins class=\"adsbygoogle\"\r\n     style=\"display:block\"\r\n     data-ad-client=\"ca-pub-8106111766207173\"\r\n     data-ad-slot=\"1465712950\"\r\n     data-ad-format=\"auto\"\r\n     data-full-width-responsive=\"true\"><\/ins>\r\n<script>\r\n     (adsbygoogle = window.adsbygoogle || []).push({});\r\n<\/script><\/div><\/div>","protected":false},"excerpt":{"rendered":"<p>Porastao je broj umirovljenika koji koji koriste besplatan prijevoz, a i sve vi\u0161e je studenata, ka\u017ee kondukterka Lorena. Vlak je najsigurniji, pokazalo se to sad kad je pao snijeg, napominje kondukter Stjepan Klju\u010dari\u0107.<\/p>\n","protected":false},"author":1,"featured_media":124250,"comment_status":"closed","ping_status":"closed","sticky":false,"template":"","format":"standard","meta":{"footnotes":""},"categories":[9],"tags":[878,631],"class_list":["post-124241","post","type-post","status-publish","format-standard","has-post-thumbnail","hentry","category-vijesti","tag-javni-prijevoz","tag-zeljeznice"],"_links":{"self":[{"href":"https:\/\/www.mojevrijeme.hr\/magazin\/wp-json\/wp\/v2\/posts\/124241","targetHints":{"allow":["GET"]}}],"collection":[{"href":"https:\/\/www.mojevrijeme.hr\/magazin\/wp-json\/wp\/v2\/posts"}],"about":[{"href":"https:\/\/www.mojevrijeme.hr\/magazin\/wp-json\/wp\/v2\/types\/post"}],"author":[{"embeddable":true,"href":"https:\/\/www.mojevrijeme.hr\/magazin\/wp-json\/wp\/v2\/users\/1"}],"replies":[{"embeddable":true,"href":"https:\/\/www.mojevrijeme.hr\/magazin\/wp-json\/wp\/v2\/comments?post=124241"}],"version-history":[{"count":0,"href":"https:\/\/www.mojevrijeme.hr\/magazin\/wp-json\/wp\/v2\/posts\/124241\/revisions"}],"wp:featuredmedia":[{"embeddable":true,"href":"https:\/\/www.mojevrijeme.hr\/magazin\/wp-json\/wp\/v2\/media\/124250"}],"wp:attachment":[{"href":"https:\/\/www.mojevrijeme.hr\/magazin\/wp-json\/wp\/v2\/media?parent=124241"}],"wp:term":[{"taxonomy":"category","embeddable":true,"href":"https:\/\/www.mojevrijeme.hr\/magazin\/wp-json\/wp\/v2\/categories?post=124241"},{"taxonomy":"post_tag","embeddable":true,"href":"https:\/\/www.mojevrijeme.hr\/magazin\/wp-json\/wp\/v2\/tags?post=124241"}],"curies":[{"name":"wp","href":"https:\/\/api.w.org\/{rel}","templated":true}]}}