{"id":124434,"date":"2024-12-31T16:58:12","date_gmt":"2024-12-31T15:58:12","guid":{"rendered":"https:\/\/www.mojevrijeme.hr\/magazin\/?p=124434"},"modified":"2024-12-31T17:45:54","modified_gmt":"2024-12-31T16:45:54","slug":"vesna-probala-sam-veza-na-daljinu-ne-funkcionira","status":"publish","type":"post","link":"https:\/\/www.mojevrijeme.hr\/magazin\/2024\/12\/vesna-probala-sam-veza-na-daljinu-ne-funkcionira\/","title":{"rendered":"Vesna: &#8216;Probala sam, veza na daljinu ne funkcionira&#8217;"},"content":{"rendered":"\n<p>Ljubav na daljinu mnogima je izazov; dok se neki kunu da je \u017eivot na dvije adrese pravi raj, drugi vjeruju u staru izreku &#8220;daleko od o\u010diju, daleko od srca&#8221;. Me\u0111u ovima drugima je i <strong>Vesna Vukovi\u0107<\/strong> (53), kandidatkinja popularnog ruralnog zbiljokaza &#8220;Ljubav je na selu&#8221; koja je ljubav \u017eivota prona\u0161la u stasitom \u0161oferu iz Pule <strong>Ivi Obrezi<\/strong> (49).<\/p>\n\n\n\n<p>&#8220;Od po\u010detka prosinca \u017eivimo zajedno u Puli jer veza na daljinu ne funkcionira. Probala sam i to ide dva, tri mjeseca nakon \u010dega pukne. Ipak smo odrasli ljudi, imamo odre\u0111ene godine i znamo \u0161to \u017eelimo od \u017eivota. Sve bolje funkcionira kada smo zajedno. Kada on ode na posao, ja ga \u010dekam doma&#8221;, kazala je za <a href=\"https:\/\/www.rtl.hr\/tv-emisije\/ljubav-je-na-selu\/ekskluzivno-vesna-iz-ljubav-je-na-selu-za-rtlhr-otkrila-preselila-sam-kod-ive-u-pulu.html\" target=\"_blank\" rel=\"noreferrer noopener\">RTL<\/a>.<\/p>\n\n\n\n<p>Tako\u0111er, rekla je i kako ve\u0107 imaju neke planove. &#8220;Imamo neke ideje gdje i \u0161to sre\u0111ivati i ure\u0111ivati, ali o tome kad bude vrijeme. Evo otkad smo zajedno, Ivo se udebljao, ne znam za\u0161to&#8221;, kazala je <a href=\"https:\/\/www.rtl.hr\/tv-emisije\/ljubav-je-na-selu\/ekskluzivno-vesna-iz-ljubav-je-na-selu-za-rtlhr-otkrila-preselila-sam-kod-ive-u-pulu.html\" target=\"_blank\" rel=\"noreferrer noopener\">RTL<\/a>-u dok je Ivo pohvalio Vesninu kuhinju. Dodu\u0161e, to je bilo i za o\u010dekivati, budu\u0107i da je Vesna radila upravo kao kuharica, a svoje je kulinarske vje\u0161tine dokazala i u popularnoj emisiji &#8220;Ve\u010dera za pet&#8221;.<\/p><div id=\"mojev-2028673158\" class=\"mojev-u-tekstu mojev-entity-placement\" style=\"margin-left: auto;margin-right: auto;text-align: center;\"><div class=\"mojev-adlabel\">oglas<\/div><div style=\"height: 250px;\"><script async src=\"https:\/\/pagead2.googlesyndication.com\/pagead\/js\/adsbygoogle.js?client=ca-pub-8106111766207173\"\r\n     crossorigin=\"anonymous\"><\/script>\r\n<!-- Prikazni 1 u tekstu -->\r\n<ins class=\"adsbygoogle\"\r\n     style=\"display:block\"\r\n     data-ad-client=\"ca-pub-8106111766207173\"\r\n     data-ad-slot=\"8535551207\"\r\n     data-ad-format=\"auto\"\r\n     data-full-width-responsive=\"true\"><\/ins>\r\n<script>\r\n     (adsbygoogle = window.adsbygoogle || []).push({});\r\n<\/script><\/div><\/div><br style=\"clear: both; display: block; float: none;\"\/>\n\n\n\n<p>Nedavno je izvijestila javnost i o svojim zdravstvenim problemima, no sada je Ivo zavr\u0161io u bolnici. &#8220;Bili smo zajedno i na Hitnom prijemu. Ivo je uganuo nogu. Ove na\u0161e ceste su pune rupa pa je imao malu nezgodu, ali sve je sad dobro&#8221;, zaklju\u010dila je novope\u010dena Puljanka.<\/p>\n\n\n\n<p>&#8220;Kad volim, onda stvarno volim srcem. To \u017eelim onda dokazati i pokazati da je stvarno tako i da stojim iza toga, ali voljela bih onda da i ta osoba isto prema meni poka\u017ee ljubav&#8221;, izjavila je nedavno dinami\u010dna Vesna. Otkrila je i \u0161to misli o sebi. &#8220;Mane kao mane, doslovno, nemam ih. Mo\u017eda bi ih netko iz moga dru\u0161tva mogao navesti, ako ih imam. Uvijek sam iskrena i direktna, \u0161to mislim to i ka\u017eem. Ne volim nikome govoriti iza le\u0111a&#8221;, istaknula je.<\/p>\n<div id=\"mojev-3414968575\" class=\"mojev-kraj-teksta mojev-entity-placement\" style=\"margin-bottom: 20px;margin-left: auto;margin-right: auto;text-align: center;\"><div class=\"mojev-adlabel\">oglas<\/div><div style=\"height: 250px;\"><script async src=\"https:\/\/pagead2.googlesyndication.com\/pagead\/js\/adsbygoogle.js?client=ca-pub-8106111766207173\"\r\n     crossorigin=\"anonymous\"><\/script>\r\n<!-- Display-1 -->\r\n<ins class=\"adsbygoogle\"\r\n     style=\"display:block\"\r\n     data-ad-client=\"ca-pub-8106111766207173\"\r\n     data-ad-slot=\"1465712950\"\r\n     data-ad-format=\"auto\"\r\n     data-full-width-responsive=\"true\"><\/ins>\r\n<script>\r\n     (adsbygoogle = window.adsbygoogle || []).push({});\r\n<\/script><\/div><\/div>","protected":false},"excerpt":{"rendered":"<p>Vesna i Ivo su se zaljubili u zbiljokazu &#8216;Ljubav je na selu&#8217;, a on joj je pred kamerama darovao prsten kako bi joj pokazao da su njegove namjere ozbiljne.<\/p>\n","protected":false},"author":1,"featured_media":90567,"comment_status":"closed","ping_status":"closed","sticky":false,"template":"","format":"standard","meta":{"footnotes":""},"categories":[84],"tags":[4228,3054,3758],"class_list":["post-124434","post","type-post","status-publish","format-standard","has-post-thumbnail","hentry","category-show","tag-ivo-obreza","tag-ljubav-je-na-selu","tag-vesna-vukovic"],"_links":{"self":[{"href":"https:\/\/www.mojevrijeme.hr\/magazin\/wp-json\/wp\/v2\/posts\/124434","targetHints":{"allow":["GET"]}}],"collection":[{"href":"https:\/\/www.mojevrijeme.hr\/magazin\/wp-json\/wp\/v2\/posts"}],"about":[{"href":"https:\/\/www.mojevrijeme.hr\/magazin\/wp-json\/wp\/v2\/types\/post"}],"author":[{"embeddable":true,"href":"https:\/\/www.mojevrijeme.hr\/magazin\/wp-json\/wp\/v2\/users\/1"}],"replies":[{"embeddable":true,"href":"https:\/\/www.mojevrijeme.hr\/magazin\/wp-json\/wp\/v2\/comments?post=124434"}],"version-history":[{"count":0,"href":"https:\/\/www.mojevrijeme.hr\/magazin\/wp-json\/wp\/v2\/posts\/124434\/revisions"}],"wp:featuredmedia":[{"embeddable":true,"href":"https:\/\/www.mojevrijeme.hr\/magazin\/wp-json\/wp\/v2\/media\/90567"}],"wp:attachment":[{"href":"https:\/\/www.mojevrijeme.hr\/magazin\/wp-json\/wp\/v2\/media?parent=124434"}],"wp:term":[{"taxonomy":"category","embeddable":true,"href":"https:\/\/www.mojevrijeme.hr\/magazin\/wp-json\/wp\/v2\/categories?post=124434"},{"taxonomy":"post_tag","embeddable":true,"href":"https:\/\/www.mojevrijeme.hr\/magazin\/wp-json\/wp\/v2\/tags?post=124434"}],"curies":[{"name":"wp","href":"https:\/\/api.w.org\/{rel}","templated":true}]}}