{"id":124493,"date":"2025-01-02T00:44:28","date_gmt":"2025-01-01T23:44:28","guid":{"rendered":"https:\/\/www.mojevrijeme.hr\/magazin\/?p=124493"},"modified":"2025-01-02T00:46:05","modified_gmt":"2025-01-01T23:46:05","slug":"nisam-se-spreman-razvesti-ali-moja-djevojka-ne-zeli-vise-cekati","status":"publish","type":"post","link":"https:\/\/www.mojevrijeme.hr\/magazin\/2025\/01\/nisam-se-spreman-razvesti-ali-moja-djevojka-ne-zeli-vise-cekati\/","title":{"rendered":"&#8216;Nisam se spreman razvesti, ali moja djevojka ne \u017eeli vi\u0161e \u010dekati&#8217;"},"content":{"rendered":"\n<p>Kad je brak zapo\u010det iz pogre\u0161nih razloga, posljedice se \u010desto gomilaju godinama. Pri\u010da mu\u0161karca koji se javio savjetnici Abigal Van Buren pokazuje da je u takvoj situaciji te\u0161ko ostati po\u0161ten prema sebi, a posebice prema drugima. <\/p>\n\n\n\n<p>&#8220;O\u017eenio sam se s 27 godina jer sam bio neoprezan i ona je ostala trudna. Sada imamo troje odrasle djece i \u0161esnaestogodi\u0161njaka. Nesretan sam. Govorio sam si da \u0107u, kad djeca odrastu i postanu samostalna, krenuti dalje&#8221;, pi\u0161e ovaj \u010ditatelj i navodi da je nedavno upoznao \u017eenu s kojom se nekoliko puta na\u0161ao. <\/p>\n\n\n\n<p>&#8220;Ona je razvedena. Pozvala me da se preselim k njoj. Kad sam joj rekao da jo\u0161 ne mogu, odselila se u drugu dr\u017eavu. Osje\u0107am se izgubljeno jer smo razgovarali gotovo svaki dan, a sada uop\u0107e ne \u017eeli razgovarati sa mnom. Nisam ljut na nju; ljut sam na sebe. Kako se nositi s tim?&#8221; pita nesretno zaljubljeni o\u017eenjeni mu\u0161karac. <\/p><div id=\"mojev-1795502516\" class=\"mojev-u-tekstu mojev-entity-placement\" style=\"margin-left: auto;margin-right: auto;text-align: center;\"><div class=\"mojev-adlabel\">oglas<\/div><div style=\"height: 250px;\"><script async src=\"https:\/\/pagead2.googlesyndication.com\/pagead\/js\/adsbygoogle.js?client=ca-pub-8106111766207173\"\r\n     crossorigin=\"anonymous\"><\/script>\r\n<!-- Prikazni 1 u tekstu -->\r\n<ins class=\"adsbygoogle\"\r\n     style=\"display:block\"\r\n     data-ad-client=\"ca-pub-8106111766207173\"\r\n     data-ad-slot=\"8535551207\"\r\n     data-ad-format=\"auto\"\r\n     data-full-width-responsive=\"true\"><\/ins>\r\n<script>\r\n     (adsbygoogle = window.adsbygoogle || []).push({});\r\n<\/script><\/div><\/div><br style=\"clear: both; display: block; float: none;\"\/>\n\n\n\n<p>Abigail Van Buren pak u cijeloj pri\u010di zanima je li ovaj \u010ditatelj sa svojom zakonitom suprugom podijelio planove o zapo\u010dinjanju novog \u017eivota kad se djeca osamostale. &#8220;Ako ste se o\u017eenili samo kako biste ozakonili prvo dijete, kako ste zavr\u0161ili s \u010detvero? Mo\u017eda bi ih bilo manje da ste joj rekli da je jednog dana mislite ostaviti.&#8221;<\/p>\n\n\n\n<p>&#8220;Va\u0161e najmla\u0111e dijete sada ima 16 godina. To zna\u010di da \u0107e za dvije godine biti punoljetno. Postoje li planovi za fakultet? Ho\u0107ete li ga uzdr\u017eavati za vrijeme studija? Jedan od na\u010dina da se &#8216;nosite s tim&#8217; jest da preispitate svoju odluku o ulasku u romanti\u010dnu vezu prije nego sredite vlastiti \u017eivot&#8221;, odgovara savjetnica \u010diju kolumnu prenose brojni svjetski mediji.<\/p>\n\n\n\n<p>&#8220;Jo\u0161 ne\u0161to: \u017eena s kojom ste se upustili u vezu pokazala je da ima zdravu glavu na ramenima. Dokazala je to time \u0161to se distancirala od vas&#8221;, zaklju\u010dila je pomalo grubo Van Buren. <\/p>\n\n\n\n<div id=\"crveno\"><\/p>\n\n\n\n<h3 class=\"wp-block-heading\">Zanima nas va\u0161a pri\u010da<\/h3>\n\n\n\n<p>\u017delite li i vi, posve anonimno, podijeliti svoje iskustvo i vi\u0111enje ove teme s nama i na\u0161im \u010ditateljima, mo\u017eete to u\u010diniti putem web obrasca <a rel=\"noreferrer noopener\" href=\"https:\/\/www.mojevrijeme.hr\/magazin\/povjerljivo\/\" target=\"_blank\">Povjerljivo<\/a>. Napi\u0161ite svoju pri\u010du!<\/p>\n\n\n\n<p><\/div>\n<div id=\"mojev-4275574357\" class=\"mojev-kraj-teksta mojev-entity-placement\" style=\"margin-bottom: 20px;margin-left: auto;margin-right: auto;text-align: center;\"><div class=\"mojev-adlabel\">oglas<\/div><div style=\"height: 250px;\"><script async src=\"https:\/\/pagead2.googlesyndication.com\/pagead\/js\/adsbygoogle.js?client=ca-pub-8106111766207173\"\r\n     crossorigin=\"anonymous\"><\/script>\r\n<!-- Display-1 -->\r\n<ins class=\"adsbygoogle\"\r\n     style=\"display:block\"\r\n     data-ad-client=\"ca-pub-8106111766207173\"\r\n     data-ad-slot=\"1465712950\"\r\n     data-ad-format=\"auto\"\r\n     data-full-width-responsive=\"true\"><\/ins>\r\n<script>\r\n     (adsbygoogle = window.adsbygoogle || []).push({});\r\n<\/script><\/div><\/div>","protected":false},"excerpt":{"rendered":"<p>Iako otvoreno priznaje da je nesretan sa zakonitom suprugom, jo\u0161 uvijek nije spreman napustiti obiteljsko gnijezdo koje su svili. <\/p>\n","protected":false},"author":1,"featured_media":93872,"comment_status":"closed","ping_status":"closed","sticky":false,"template":"","format":"standard","meta":{"footnotes":""},"categories":[3552],"tags":[358,252],"class_list":["post-124493","post","type-post","status-publish","format-standard","has-post-thumbnail","hentry","category-povjerljivo","tag-preljub","tag-razvod"],"_links":{"self":[{"href":"https:\/\/www.mojevrijeme.hr\/magazin\/wp-json\/wp\/v2\/posts\/124493","targetHints":{"allow":["GET"]}}],"collection":[{"href":"https:\/\/www.mojevrijeme.hr\/magazin\/wp-json\/wp\/v2\/posts"}],"about":[{"href":"https:\/\/www.mojevrijeme.hr\/magazin\/wp-json\/wp\/v2\/types\/post"}],"author":[{"embeddable":true,"href":"https:\/\/www.mojevrijeme.hr\/magazin\/wp-json\/wp\/v2\/users\/1"}],"replies":[{"embeddable":true,"href":"https:\/\/www.mojevrijeme.hr\/magazin\/wp-json\/wp\/v2\/comments?post=124493"}],"version-history":[{"count":0,"href":"https:\/\/www.mojevrijeme.hr\/magazin\/wp-json\/wp\/v2\/posts\/124493\/revisions"}],"wp:featuredmedia":[{"embeddable":true,"href":"https:\/\/www.mojevrijeme.hr\/magazin\/wp-json\/wp\/v2\/media\/93872"}],"wp:attachment":[{"href":"https:\/\/www.mojevrijeme.hr\/magazin\/wp-json\/wp\/v2\/media?parent=124493"}],"wp:term":[{"taxonomy":"category","embeddable":true,"href":"https:\/\/www.mojevrijeme.hr\/magazin\/wp-json\/wp\/v2\/categories?post=124493"},{"taxonomy":"post_tag","embeddable":true,"href":"https:\/\/www.mojevrijeme.hr\/magazin\/wp-json\/wp\/v2\/tags?post=124493"}],"curies":[{"name":"wp","href":"https:\/\/api.w.org\/{rel}","templated":true}]}}