{"id":125364,"date":"2025-01-10T08:36:43","date_gmt":"2025-01-10T07:36:43","guid":{"rendered":"https:\/\/www.mojevrijeme.hr\/magazin\/?p=125364"},"modified":"2025-01-10T08:51:31","modified_gmt":"2025-01-10T07:51:31","slug":"draga-ksenija-majka-je-blagoslov-obitelji-pretvorila-u-veliki-stres-za-sve","status":"publish","type":"post","link":"https:\/\/www.mojevrijeme.hr\/magazin\/2025\/01\/draga-ksenija-majka-je-blagoslov-obitelji-pretvorila-u-veliki-stres-za-sve\/","title":{"rendered":"Draga Ksenija: Majka je blagoslov obitelji pretvorila u veliki stres"},"content":{"rendered":"\n<p><strong>Draga Ksenija<\/strong>, otkako je u mirovini, majka je postala te\u0161ka vjernica, iako prije nije i\u0161la u crkvu. Svaki dan ide u crkvu i optere\u0107uje nas pri\u010dama o sotoni, paklu i grijehu. Sve koji ne \u017eive prema njenim pravila osu\u0111uje pa se zbog toga \u010desto sva\u0111amo.<\/p>\n\n\n\n<p>Najgore je bilo sada, za blagoslov obitelji. Sve\u0107enik je trebao do\u0107i u na\u0161 zaseok, ali je stalno mijenjao plan, odga\u0111ao dolazak i skretao s rute. Tri dana smo ga \u010dekali, a u ta tri dana ku\u0107a je morala biti savr\u0161eno \u010dista, svaka stvar poravnata i netaknuta. Nismo smjeli ni\u0161ta dirati, koristiti ili pomicati. \u017divjeli smo kao u muzeju.<\/p>\n\n\n\n<p>Umjesto mira i blagoslova, to razdoblje nam je donijelo samo veliki stres, nervozu i stalne tenzije. Kad sam joj rekla da idu\u0107e godine bolje da ne prima sve\u0107enika, naljutila se i vi\u0161e ne razgovara sa mnom. Ne znam kako dalje, a bojim se da \u0107e biti sve gore. <em>Li\u010danka<\/em><\/p><div id=\"mojev-877794494\" class=\"mojev-u-tekstu mojev-entity-placement\" style=\"margin-left: auto;margin-right: auto;text-align: center;\"><div class=\"mojev-adlabel\">oglas<\/div><div style=\"height: 250px;\"><script async src=\"https:\/\/pagead2.googlesyndication.com\/pagead\/js\/adsbygoogle.js?client=ca-pub-8106111766207173\"\r\n     crossorigin=\"anonymous\"><\/script>\r\n<!-- Prikazni 1 u tekstu -->\r\n<ins class=\"adsbygoogle\"\r\n     style=\"display:block\"\r\n     data-ad-client=\"ca-pub-8106111766207173\"\r\n     data-ad-slot=\"8535551207\"\r\n     data-ad-format=\"auto\"\r\n     data-full-width-responsive=\"true\"><\/ins>\r\n<script>\r\n     (adsbygoogle = window.adsbygoogle || []).push({});\r\n<\/script><\/div><\/div><br style=\"clear: both; display: block; float: none;\"\/>\n\n\n\n<h3 class=\"wp-block-heading\">Ksenijin odgovor: I vi imate pravo na svoja uvjerenja i \u017eivot<\/h3>\n\n\n\n<p><strong>Draga Li\u010danko<\/strong>, okretanje majke vjeri donijelo je vi\u0161e napetosti nego mira i, ako \u0107e vam biti lak\u0161e, niste jedini koji ste to do\u017eivjeli. Vjera bi trebala poticati ljubav, razumijevanje i sklad, a ne udaljavanja, podjele i sukobe.<\/p>\n\n\n\n<p>Va\u0161a majka o\u010dito tra\u017ei smisao i stabilnost u ovom \u017eivotnom razdoblju, \u0161to je samo po sebi prirodno. Problem nastaje kada njeni osobni izbori prelaze u kritiku i pritisak na ostale uku\u0107ane. Poku\u0161ajte razumjeti da ono \u0161to ona radi, <strong>ne \u010dini iz zle namjere<\/strong>. Me\u0111utim, \u010dini mi se da razgovor o ovome ne\u0107e uroditi plodom, jer kada je rije\u010d o vjeri, to rijetko kada uspijeva. Niti \u0107e ona promijeniti vas, a ne\u0107ete ni vi promijeniti nju. Niti biste to trebali.<\/p>\n\n\n\n<p>Mo\u017eda je vrijeme da postavite granice. Neka to bude nenasilno i bez \u017eelje za sukobima, ali odlu\u010dno; jednostavno \u017eivite svoj \u017eivot. Poka\u017eite joj da je volite i po\u0161tujete, ali da imate pravo \u017eivjeti u skladu sa svojim uvjerenjima i potrebama. S vremenom \u0107e mo\u017eda shvatiti da ne mo\u017eete i ne\u0107ete mijenjati svoj na\u010din \u017eivota zbog njenih o\u010dekivanja. Ne znam kakva je va\u0161a obiteljska situacija i kakve su vam mogu\u0107nosti, ali mislim da bi \u017eivot na odvojenim sdresama rije\u0161io va\u0161e probleme, barem djelomi\u010dno. <em>Ksenija<\/em><\/p>\n\n\n\n<div id=\"crveno\"><\/p>\n\n\n\n<h3 class=\"wp-block-heading\">Pi\u0161ite Kseniji!<\/h3>\n\n\n\n<p>\u017delite li <strong>anonimno<\/strong> postaviti pitanje i posavjetovati se s na\u0161om kolumnisticom i \u017eivotnom savjetnicom Ksenijom Habunek ili samo ispri\u010dati svoju pri\u010du i vi\u0111enje ove teme, mo\u017eete to u\u010diniti putem internetskog obrasca klikom na <a href=\"https:\/\/www.mojevrijeme.hr\/magazin\/draga-ksenija\/\"><strong>ovu poveznicu<\/strong><\/a>.<\/p>\n\n\n\n<p>Ostala pitanja i Ksenijine odgovore potra\u017eite na <a href=\"https:\/\/www.mojevrijeme.hr\/magazin\/category\/povjerljivo\/draga-ksenija\/\"><strong>ovoj poveznici<\/strong><\/a>.<\/p>\n\n\n\n<p><\/div>\n<div id=\"mojev-718381978\" class=\"mojev-kraj-teksta mojev-entity-placement\" style=\"margin-bottom: 20px;margin-left: auto;margin-right: auto;text-align: center;\"><div class=\"mojev-adlabel\">oglas<\/div><div style=\"height: 250px;\"><script async src=\"https:\/\/pagead2.googlesyndication.com\/pagead\/js\/adsbygoogle.js?client=ca-pub-8106111766207173\"\r\n     crossorigin=\"anonymous\"><\/script>\r\n<!-- Display-1 -->\r\n<ins class=\"adsbygoogle\"\r\n     style=\"display:block\"\r\n     data-ad-client=\"ca-pub-8106111766207173\"\r\n     data-ad-slot=\"1465712950\"\r\n     data-ad-format=\"auto\"\r\n     data-full-width-responsive=\"true\"><\/ins>\r\n<script>\r\n     (adsbygoogle = window.adsbygoogle || []).push({});\r\n<\/script><\/div><\/div>","protected":false},"excerpt":{"rendered":"<p>\u010citateljica se ne mo\u017ee pomiriti s promjenama koje primje\u0107uje na svojoj majci koja je u mirovini postala gorljiva vjernica. Je li mogu\u0107e pomiriti dva razli\u010dita svjetonazora pod istim krovom, analizira \u017eivotna savjetnica Ksenija Habunek.<\/p>\n","protected":false},"author":11,"featured_media":125379,"comment_status":"closed","ping_status":"closed","sticky":false,"template":"","format":"standard","meta":{"footnotes":""},"categories":[4133],"tags":[3017,3532],"class_list":["post-125364","post","type-post","status-publish","format-standard","has-post-thumbnail","hentry","category-draga-ksenija","tag-blagoslov-kuca","tag-roditelji-i-djeca"],"_links":{"self":[{"href":"https:\/\/www.mojevrijeme.hr\/magazin\/wp-json\/wp\/v2\/posts\/125364","targetHints":{"allow":["GET"]}}],"collection":[{"href":"https:\/\/www.mojevrijeme.hr\/magazin\/wp-json\/wp\/v2\/posts"}],"about":[{"href":"https:\/\/www.mojevrijeme.hr\/magazin\/wp-json\/wp\/v2\/types\/post"}],"author":[{"embeddable":true,"href":"https:\/\/www.mojevrijeme.hr\/magazin\/wp-json\/wp\/v2\/users\/11"}],"replies":[{"embeddable":true,"href":"https:\/\/www.mojevrijeme.hr\/magazin\/wp-json\/wp\/v2\/comments?post=125364"}],"version-history":[{"count":0,"href":"https:\/\/www.mojevrijeme.hr\/magazin\/wp-json\/wp\/v2\/posts\/125364\/revisions"}],"wp:featuredmedia":[{"embeddable":true,"href":"https:\/\/www.mojevrijeme.hr\/magazin\/wp-json\/wp\/v2\/media\/125379"}],"wp:attachment":[{"href":"https:\/\/www.mojevrijeme.hr\/magazin\/wp-json\/wp\/v2\/media?parent=125364"}],"wp:term":[{"taxonomy":"category","embeddable":true,"href":"https:\/\/www.mojevrijeme.hr\/magazin\/wp-json\/wp\/v2\/categories?post=125364"},{"taxonomy":"post_tag","embeddable":true,"href":"https:\/\/www.mojevrijeme.hr\/magazin\/wp-json\/wp\/v2\/tags?post=125364"}],"curies":[{"name":"wp","href":"https:\/\/api.w.org\/{rel}","templated":true}]}}