{"id":12552,"date":"2018-02-17T12:17:42","date_gmt":"2018-02-17T11:17:42","guid":{"rendered":"https:\/\/www.mojevrijeme.hr\/magazin\/?p=12552"},"modified":"2018-02-17T12:33:17","modified_gmt":"2018-02-17T11:33:17","slug":"molitelji-pred-bolnicama-umjetna-oplodnja-nije-bozji-naum","status":"publish","type":"post","link":"https:\/\/www.mojevrijeme.hr\/magazin\/2018\/02\/molitelji-pred-bolnicama-umjetna-oplodnja-nije-bozji-naum\/","title":{"rendered":"Molitelji pred bolnicama: &#8216;Umjetna oplodnja nije bo\u017eji naum&#8217;"},"content":{"rendered":"<p>\u201eMogu u svoje ime re\u0107i da bi voljela da se djeca za\u010dinju prirodnim putem. Jer to je onda bo\u017eji naum da se ta djeca rode, a ne ne\u0161to umjetno. Samo ime ka\u017ee \u2013 umjetna oplodnja. Ne bi trebalo i\u0107i tim putem, ne znam mogu li re\u0107i, sebi\u010dnosti i \u017eelje da se pod svaku mjeru rodi dijete kao svoje, a mogli bi posvojiti djecu.\u201c Izjavila je ovo za <a href=\"http:\/\/hr.n1info.com\/a281311\/Vijesti\/MPO-je-nesto-dobro-i-hvala-Bogu-da-se-djeca-radjaju.html\" target=\"_blank\" rel=\"noopener\">N1<\/a>\u00a0<strong>Dominika Pulji\u0107<\/strong> djevojka iz Inicijative <strong>40 dana za \u017eivot<\/strong> \u010diji \u010dlanovi mole pred hrvatskim bolnicama protiv poba\u010daja, a od ove \u201esezone\u201c u interesu im je i medicinski potpomognuta oplodnja.<\/p>\n<p>Ministar zdravstva <strong>Milan Kujund\u017ei\u0107<\/strong> odgovora da se moliti se mo\u017ee svugdje, a ne ispred bolnice: \u201eBog nije rekao da je medicinski potpomognuta oplodnja ne\u0161to \u0161to nije tako, tako da u tome duhu ne dijelim mi\u0161ljenje s njima, mislim da je to ne\u0161to dobro i hvala bogu da se djeca ra\u0111aju&#8221;.<\/p>\n<h3>Hrvatska je nekad bila \u0161ampion<\/h3>\n<p>Podsjetimo, prva beba \u201eiz epruvete\u201c u Hrvatskoj ro\u0111ena je 23. listopada 1983. u zagreba\u010dkoj Petrovoj. Dragica i Josip Veriga iz Zapre\u0161i\u0107a \u0161est su godina poku\u0161avali dobiti dijete prirodnim putem, a onda im je \u201eumjetna oplodnja\u201c uspjela iz prve. Ro\u0111en je <strong>Robert<\/strong>, danas 35-godi\u0161nji sanitarni in\u017eenjer. U to vrijeme, samo je \u0161est zemalja u svijetu imalo po\u010detne uspjehe u izvantjelesnoj oplodnji, a Robert je sedma beba na svijetu ro\u0111ena ovim postupkom.<\/p><div id=\"mojev-634858784\" class=\"mojev-u-tekstu mojev-entity-placement\" style=\"margin-left: auto;margin-right: auto;text-align: center;\"><div class=\"mojev-adlabel\">oglas<\/div><div style=\"height: 250px;\"><script async src=\"https:\/\/pagead2.googlesyndication.com\/pagead\/js\/adsbygoogle.js?client=ca-pub-8106111766207173\"\r\n     crossorigin=\"anonymous\"><\/script>\r\n<!-- Prikazni 1 u tekstu -->\r\n<ins class=\"adsbygoogle\"\r\n     style=\"display:block\"\r\n     data-ad-client=\"ca-pub-8106111766207173\"\r\n     data-ad-slot=\"8535551207\"\r\n     data-ad-format=\"auto\"\r\n     data-full-width-responsive=\"true\"><\/ins>\r\n<script>\r\n     (adsbygoogle = window.adsbygoogle || []).push({});\r\n<\/script><\/div><\/div><br style=\"clear: both; display: block; float: none;\"\/>\n<p>\u201eDanas je gotovo nezamislivo da izvantjelesna oplodnja mo\u017ee uspjeti u tada\u0161njim okolnostima, kada smo embrije prenosili u posebnoj termosici\u201c rekao je <strong>prof. dr. sc. Velimir \u0160imuni\u0107<\/strong> 2003. godine na proslavi dvadesete obljetnice ovog uspjeha.<\/p>\n<p>Od tada do danas, Hrvatska je krenula nizbrdo, upozoravaju brojni aktivisti pa je medicinski potpomognuta oplodnja nedostupna sve ve\u0107e broju parova. Na manjkavosti i propuste u lije\u010denju neplodnosti i provo\u0111enja Zakona o medicinski potpomognutoj oplodnji upozorili su i u Saboru zastupnik Snage <strong>Goran Aleksi\u0107<\/strong> te \u010dlanice stranke <strong>Ana \u0160imi\u0107<\/strong> te <strong>Katarina Turkovi\u0107 Gulin<\/strong>, koje su i same pro\u0161le navedene postupke.<\/p>\n<div id=\"mojev-4239592677\" class=\"mojev-kraj-teksta mojev-entity-placement\" style=\"margin-bottom: 20px;margin-left: auto;margin-right: auto;text-align: center;\"><div class=\"mojev-adlabel\">oglas<\/div><div style=\"height: 250px;\"><script async src=\"https:\/\/pagead2.googlesyndication.com\/pagead\/js\/adsbygoogle.js?client=ca-pub-8106111766207173\"\r\n     crossorigin=\"anonymous\"><\/script>\r\n<!-- Display-1 -->\r\n<ins class=\"adsbygoogle\"\r\n     style=\"display:block\"\r\n     data-ad-client=\"ca-pub-8106111766207173\"\r\n     data-ad-slot=\"1465712950\"\r\n     data-ad-format=\"auto\"\r\n     data-full-width-responsive=\"true\"><\/ins>\r\n<script>\r\n     (adsbygoogle = window.adsbygoogle || []).push({});\r\n<\/script><\/div><\/div>","protected":false},"excerpt":{"rendered":"<p>Samo ime ka\u017ee \u2013 umjetna oplodnja. Ne bi trebalo i\u0107i tim putem, ne znam mogu li re\u0107i, sebi\u010dnosti i \u017eelje da se pod svaku mjeru rodi dijete kao svoje, a mogli bi posvojiti djecu, ka\u017ee Dominika. No Hrvatska je nekada bila velesila u ovoj grani medicina. Gdje smo danas? <\/p>\n","protected":false},"author":1,"featured_media":12553,"comment_status":"closed","ping_status":"closed","sticky":false,"template":"","format":"standard","meta":{"footnotes":""},"categories":[9],"tags":[1072,1070,1078],"class_list":["post-12552","post","type-post","status-publish","format-standard","has-post-thumbnail","hentry","category-vijesti","tag-aktivizam","tag-katolici","tag-umjetna-oplodnja"],"_links":{"self":[{"href":"https:\/\/www.mojevrijeme.hr\/magazin\/wp-json\/wp\/v2\/posts\/12552","targetHints":{"allow":["GET"]}}],"collection":[{"href":"https:\/\/www.mojevrijeme.hr\/magazin\/wp-json\/wp\/v2\/posts"}],"about":[{"href":"https:\/\/www.mojevrijeme.hr\/magazin\/wp-json\/wp\/v2\/types\/post"}],"author":[{"embeddable":true,"href":"https:\/\/www.mojevrijeme.hr\/magazin\/wp-json\/wp\/v2\/users\/1"}],"replies":[{"embeddable":true,"href":"https:\/\/www.mojevrijeme.hr\/magazin\/wp-json\/wp\/v2\/comments?post=12552"}],"version-history":[{"count":0,"href":"https:\/\/www.mojevrijeme.hr\/magazin\/wp-json\/wp\/v2\/posts\/12552\/revisions"}],"wp:featuredmedia":[{"embeddable":true,"href":"https:\/\/www.mojevrijeme.hr\/magazin\/wp-json\/wp\/v2\/media\/12553"}],"wp:attachment":[{"href":"https:\/\/www.mojevrijeme.hr\/magazin\/wp-json\/wp\/v2\/media?parent=12552"}],"wp:term":[{"taxonomy":"category","embeddable":true,"href":"https:\/\/www.mojevrijeme.hr\/magazin\/wp-json\/wp\/v2\/categories?post=12552"},{"taxonomy":"post_tag","embeddable":true,"href":"https:\/\/www.mojevrijeme.hr\/magazin\/wp-json\/wp\/v2\/tags?post=12552"}],"curies":[{"name":"wp","href":"https:\/\/api.w.org\/{rel}","templated":true}]}}