{"id":125768,"date":"2025-01-14T19:03:12","date_gmt":"2025-01-14T18:03:12","guid":{"rendered":"https:\/\/www.mojevrijeme.hr\/magazin\/?p=125768"},"modified":"2025-01-14T19:47:00","modified_gmt":"2025-01-14T18:47:00","slug":"nisam-zeljela-ni-djecu-ni-unucad-ali-zivim-sretnije-od-mojih-prijateljica","status":"publish","type":"post","link":"https:\/\/www.mojevrijeme.hr\/magazin\/2025\/01\/nisam-zeljela-ni-djecu-ni-unucad-ali-zivim-sretnije-od-mojih-prijateljica\/","title":{"rendered":"&#8216;Odabrala sam \u017eivot bez djece i unu\u010dadi, \u017eivim sretnije od mojih prijateljica&#8217;"},"content":{"rendered":"\n<p>&#8220;Nakon \u0161to sam pro\u010ditala va\u0161 \u010dlanak &#8220;<a href=\"https:\/\/www.mojevrijeme.hr\/magazin\/2025\/01\/je-li-starost-bez-djece-prednost-ili-teret\/\">Je li starost bez djece prednost ili teret?<\/a>&#8221; \u017eelim podijeliti svoje mi\u0161ljenje i iskustvo o toj temi. Bez uvijanja: nemam djecu i smatram da je to sre\u0107a, a sad \u0107u vam objasniti za\u0161to tako mislim&#8221;, napisala nam je to na\u0161a \u010ditateljica <strong>Andreja <\/strong>iz Zagreba. <\/p>\n\n\n\n<p>Ka\u017ee, od pet prijateljica s kojima je u kontaktu jo\u0161 iz srednje \u0161kole, dvije su ispratile djecu u Njema\u010dku. &#8220;Tre\u0107a ne razgovara sa sinom. \u010cetvrta odr\u017eava povr\u0161an kontakt, ali se ne vi\u0111a s njim zbog zategnutih odnosa sa snahom. Peta ima k\u0107er koja se desetlje\u0107e bori sa svojim unutarnjim demonima. Te \u017eene svaki dan razmi\u0161ljaju o tomu i \u017eive s tim teretom. Zavidim li im? Ne.&#8221;<\/p>\n\n\n\n<p>Dok su njene prijateljice odgajale djecu, Andreja je radila u predstavni\u0161tvu jedne strane tvrtke, putovala svijetom i u\u017eivala u ljubavi. &#8220;Udala sam se, vidjela da brak nije za mene, razvela sam se. One nisu imale taj luksuz. Nisam bila nesretna uz jednog mu\u0161karca, ve\u0107 sam svjesno odabrala u\u017eivati u ljubavi i \u017eivotu&#8221;, navodi bez zadr\u0161ke.<\/p><div id=\"mojev-2387965577\" class=\"mojev-u-tekstu mojev-entity-placement\" style=\"margin-left: auto;margin-right: auto;text-align: center;\"><div class=\"mojev-adlabel\">oglas<\/div><div style=\"height: 250px;\"><script async src=\"https:\/\/pagead2.googlesyndication.com\/pagead\/js\/adsbygoogle.js?client=ca-pub-8106111766207173\"\r\n     crossorigin=\"anonymous\"><\/script>\r\n<!-- Prikazni 1 u tekstu -->\r\n<ins class=\"adsbygoogle\"\r\n     style=\"display:block\"\r\n     data-ad-client=\"ca-pub-8106111766207173\"\r\n     data-ad-slot=\"8535551207\"\r\n     data-ad-format=\"auto\"\r\n     data-full-width-responsive=\"true\"><\/ins>\r\n<script>\r\n     (adsbygoogle = window.adsbygoogle || []).push({});\r\n<\/script><\/div><\/div><br style=\"clear: both; display: block; float: none;\"\/>\n\n\n\n<p>Dapa\u010de, tvrdi i da mnoge \u017eene premalo tra\u017ee u ljubavi. &#8220;Ostaju gladne jer se zadovoljavaju mrvicama pa se tje\u0161e da je to ljubav. Za to vrijeme, njima iza le\u0111a, njihovi mu\u017eevi uzimaju sve \u0161to im treba i sve \u0161to \u017eele. Takve su i moje prijateljice.&#8221;<\/p>\n\n\n\n<p>&#8220;Ja sam uvijek znala \u0161to \u017eelim; i u \u017eivotu i u spava\u0107oj sobi. Danas, kada pogledam unatrag, vidim da su moje prijateljice povrije\u0111ene i nesretne, dok ja i dalje putujem, u\u017eivam u dru\u0161tvu i ljubavi. \u017divim \u017eivot ispunjen rado\u0161\u0107u. Svaki dan je nova prilika za sre\u0107u. Imam 67 godina, a \u017eivim kao da imam 30. Tako se i osje\u0107am, a ka\u017eu mi da tako i izgledam. Znam da je to pretjerivanje. Ne brinite, nisam si umislila da sam djevojka&#8221;, \u0161aljivo dodaje.<\/p>\n\n\n\n<h3 class=\"wp-block-heading\">Situirana sam i ne trebam pomo\u0107<\/h3>\n\n\n\n<p>Zahvaljuju\u0107i \u010dinjenici da nema djecu, Andreja ka\u017ee da je stekla imovinu i u\u0161te\u0111evinu koja joj omogu\u0107uje da si priu\u0161ti sve \u0161to joj treba, ako ikada do\u0111e do situacije u kojoj \u0107e trebati tu\u0111u pomo\u0107. Iako se nada da do toga ne\u0107e do\u0107i. <\/p>\n\n\n\n<p>&#8220;I sad vas ja pitam: zar nisam u boljoj poziciji od svojih prijateljica koje su me nekada sa\u017ealjevale jer nemam djecu? Govorile su mi da se ne moram udati, ali da <strong>moram<\/strong> zatrudnjeti. \u0160to su bile nesretnije, to su me vi\u0161e uvjeravale da \u017eelim \u017eivot kakav one imaju, ali da mi se karte nisu poslo\u017eile. Sje\u0107am se kad me je kolegica na 20. godi\u0161njici mature pitala za\u0161to nemam djecu i rekla da ona ne bi mogla tako \u017eivjeti &#8216;bez ku\u010deta i ma\u010deta.&#8217; Ali danas, dok te \u017eene nose teret svojih odluka, ja sam ispunjena i mirna.&#8221; Mir joj je, pi\u0161e, uvijek bio jako va\u017ean.<\/p>\n\n\n\n<h3 class=\"wp-block-heading\">Sre\u0107om, ima i sretnih roditeljskih pri\u010da<\/h3>\n\n\n\n<p>&#8220;Ne tvrdim da su sve pri\u010de takve. Ima divne djece. I sama sam bila dobro dijete koje je brinulo o roditeljima. To su bila druga vremena. Iako, oni nikada nisu o\u010dekivali da im posvetim \u017eivot niti su me vezali uz sebe. Ja sam htjela biti tu za njih, bez prisile, bez osje\u0107aja te\u0161ke obveze&#8221;, ka\u017ee na\u0161a \u010ditateljica uz opasku: &#8220;U\u010dinila sam to iz \u010diste ljubavi.&#8221;<\/p>\n\n\n\n<p>To \u0161to nije imala potrebu baviti se djecom svojih prijateljica ili ro\u0111aka, Andreja opravdava \u010dinjenicom da nije maj\u010dinski tip. &#8220;Nisam ih htjela ni pri\u010duvati. Rekla sam im da nemam ni\u0161ta protiv djece, ali da to nije moj film. One su to shvatile. Za razliku od njih, sada nemam ni unuke i ne nedostaju mi. Nije me iscrpljivalo tr\u010danje za djecom niti sam osje\u0107ala da me itko iskori\u0161tava.&#8221;<\/p>\n\n\n\n<p>&#8220;Uvjerena sam da ljudi kojima je za sre\u0107u nu\u017eno dijete, prona\u0111u na\u010din da postanu roditelji. Oni kojima to nije potrebno jednako su sretni, a mo\u017eda \u010dak i sretniji. Svaki dan zapo\u010dinjem mirno, uz kavu i omiljene portale, ure\u0111ujem se, uredim svoj stan. Ve\u010der mo\u017eda provedem s knjigom, a mo\u017eda s prijateljem odem na ve\u010deru u Vara\u017edin. Nave\u010der legnem sretna i zadovoljna, a ako po\u017eelim dru\u0161tvo, sigurno ne\u0107u biti sama. \u0160to mi fali u \u017eivotu? Ba\u0161 ni\u0161ta&#8221;, zaklju\u010duje Andreja. \u0160to mislite o njenim rije\u010dima?<\/p>\n\n\n\n<div id=\"crveno\"><\/p>\n\n\n\n<h3 class=\"wp-block-heading\">Zanima nas va\u0161a pri\u010da<\/h3>\n\n\n\n<p>\u017delite li i vi, posve anonimno, podijeliti svoje iskustvo i vi\u0111enje ove teme s nama i na\u0161im \u010ditateljima, mo\u017eete to u\u010diniti putem web obrasca <a rel=\"noreferrer noopener\" href=\"https:\/\/www.mojevrijeme.hr\/magazin\/povjerljivo\/\" target=\"_blank\">Povjerljivo<\/a>. Napi\u0161ite svoju pri\u010du!<\/p>\n\n\n\n<p><\/div>\n<div id=\"mojev-3625864717\" class=\"mojev-kraj-teksta mojev-entity-placement\" style=\"margin-bottom: 20px;margin-left: auto;margin-right: auto;text-align: center;\"><div class=\"mojev-adlabel\">oglas<\/div><div style=\"height: 250px;\"><script async src=\"https:\/\/pagead2.googlesyndication.com\/pagead\/js\/adsbygoogle.js?client=ca-pub-8106111766207173\"\r\n     crossorigin=\"anonymous\"><\/script>\r\n<!-- Display-1 -->\r\n<ins class=\"adsbygoogle\"\r\n     style=\"display:block\"\r\n     data-ad-client=\"ca-pub-8106111766207173\"\r\n     data-ad-slot=\"1465712950\"\r\n     data-ad-format=\"auto\"\r\n     data-full-width-responsive=\"true\"><\/ins>\r\n<script>\r\n     (adsbygoogle = window.adsbygoogle || []).push({});\r\n<\/script><\/div><\/div>","protected":false},"excerpt":{"rendered":"<p>Uspore\u0111uju\u0107i svoj \u017eivot sa \u017eivotima svojih prijateljica, Andreja zaklju\u010duje da je u \u017eivotu bolje pro\u0161la. Iako, za razliku od njih, nikada nije ra\u0111ala.<\/p>\n","protected":false},"author":1,"featured_media":125785,"comment_status":"closed","ping_status":"closed","sticky":false,"template":"","format":"standard","meta":{"footnotes":""},"categories":[3552],"tags":[3690,1188],"class_list":["post-125768","post","type-post","status-publish","format-standard","has-post-thumbnail","hentry","category-povjerljivo","tag-bez-djece","tag-samci"],"_links":{"self":[{"href":"https:\/\/www.mojevrijeme.hr\/magazin\/wp-json\/wp\/v2\/posts\/125768","targetHints":{"allow":["GET"]}}],"collection":[{"href":"https:\/\/www.mojevrijeme.hr\/magazin\/wp-json\/wp\/v2\/posts"}],"about":[{"href":"https:\/\/www.mojevrijeme.hr\/magazin\/wp-json\/wp\/v2\/types\/post"}],"author":[{"embeddable":true,"href":"https:\/\/www.mojevrijeme.hr\/magazin\/wp-json\/wp\/v2\/users\/1"}],"replies":[{"embeddable":true,"href":"https:\/\/www.mojevrijeme.hr\/magazin\/wp-json\/wp\/v2\/comments?post=125768"}],"version-history":[{"count":0,"href":"https:\/\/www.mojevrijeme.hr\/magazin\/wp-json\/wp\/v2\/posts\/125768\/revisions"}],"wp:featuredmedia":[{"embeddable":true,"href":"https:\/\/www.mojevrijeme.hr\/magazin\/wp-json\/wp\/v2\/media\/125785"}],"wp:attachment":[{"href":"https:\/\/www.mojevrijeme.hr\/magazin\/wp-json\/wp\/v2\/media?parent=125768"}],"wp:term":[{"taxonomy":"category","embeddable":true,"href":"https:\/\/www.mojevrijeme.hr\/magazin\/wp-json\/wp\/v2\/categories?post=125768"},{"taxonomy":"post_tag","embeddable":true,"href":"https:\/\/www.mojevrijeme.hr\/magazin\/wp-json\/wp\/v2\/tags?post=125768"}],"curies":[{"name":"wp","href":"https:\/\/api.w.org\/{rel}","templated":true}]}}