{"id":126301,"date":"2025-01-22T08:21:10","date_gmt":"2025-01-22T07:21:10","guid":{"rendered":"https:\/\/www.mojevrijeme.hr\/magazin\/?p=126301"},"modified":"2025-01-22T08:21:14","modified_gmt":"2025-01-22T07:21:14","slug":"od-1-sijecnja-vece-mirovine-poznat-je-postotak-uskladivanja","status":"publish","type":"post","link":"https:\/\/www.mojevrijeme.hr\/magazin\/2025\/01\/od-1-sijecnja-vece-mirovine-poznat-je-postotak-uskladivanja\/","title":{"rendered":"Od 1. sije\u010dnja ve\u0107e mirovine, poznat je postotak uskla\u0111ivanja"},"content":{"rendered":"\n<p>Mirovinski analiti\u010dar <strong>\u017deljko \u0160emper<\/strong> izra\u010dunao je koliko \u0107e se mirovine uskladiti s 1. sije\u010dnjem teku\u0107e godine. Naime, D<strong>r\u017eavni zavod za statistiku<\/strong> (DZS) objavio je podatke o prosje\u010dnim pla\u0107ama za studeni koje iznose 1.366 neto ili 1.900 eura bruto.<\/p>\n\n\n\n<p>Uz to, navodi \u0160emper, prema mjese\u010dnim podacima DSZ-a, potro\u0161a\u010dke cijene su u drugom polugodi\u0161tu 2024. u odnosu na prvo polugodi\u0161te 2024. rasle 1,7 posto, a bruto pla\u0107e (bez prosinca) za 3,4 posto.<\/p>\n\n\n\n<p>&#8220;Prema sada\u0161njoj formuli u omjeru 70:30, postotak uskla\u0111ivanja trebao bi iznositi 2,89 posto. Na prosje\u010dnu mirovinu svih umirovljenika od 553,58 eura to bi pove\u0107anje sada iznosilo 16 eura&#8221;, navodi \u0160emper u objavi na Facebooku. <\/p><div id=\"mojev-1555005117\" class=\"mojev-u-tekstu mojev-entity-placement\" style=\"margin-left: auto;margin-right: auto;text-align: center;\"><div class=\"mojev-adlabel\">oglas<\/div><div style=\"height: 250px;\"><script async src=\"https:\/\/pagead2.googlesyndication.com\/pagead\/js\/adsbygoogle.js?client=ca-pub-8106111766207173\"\r\n     crossorigin=\"anonymous\"><\/script>\r\n<!-- Prikazni 1 u tekstu -->\r\n<ins class=\"adsbygoogle\"\r\n     style=\"display:block\"\r\n     data-ad-client=\"ca-pub-8106111766207173\"\r\n     data-ad-slot=\"8535551207\"\r\n     data-ad-format=\"auto\"\r\n     data-full-width-responsive=\"true\"><\/ins>\r\n<script>\r\n     (adsbygoogle = window.adsbygoogle || []).push({});\r\n<\/script><\/div><\/div><br style=\"clear: both; display: block; float: none;\"\/>\n\n\n\n<p>Da je Vlada RH ispunila obe\u0107anje i realizirala dogovor od 29. studenog 2023. godine postignut na Nacionalnom vije\u0107u za umirovljenike i starije osobe te da je formulu izmijenila u 85:15, sada bi postotak uskla\u0111ivanja bio 3,15 posto, a pove\u0107anje bi iznosilo 17,44 eura, dakle samo 1,44 eura vi\u0161e, upozorava analiti\u010dar. <\/p>\n\n\n\n<p>&#8220;Iz toga se vidi da ta izmjena i ti mizerni iznosi nisu nikakvo epohalno pove\u0107anje mirovina te da se radi o mrvicama \u010dije najave uvijek slu\u017ee kao mamac uo\u010di nekih izbora Za takvu minornu izmjenu zaista ne treba biti javne rasprave i dva \u010ditanja u Saboru&#8221;, navodi. <\/p>\n\n\n\n<p>\u0160emper smatra da ni\u0161ta bolje umirovljenici ne mogu o\u010dekivati ni za uskla\u0111ivanje koje \u0107e se dogoditi 1. srpnja kada \u0107e u primjeni vjerojatno biti omjer 85:15. Kona\u010dni postotak uskla\u0111ivanja mirovina od 1. sije\u010dnja 2025. znati \u0107e se 20. velja\u010de, kad \u0107e DZS objaviti podatke o pla\u0107ama za prosinac, naveo je u objavi.<\/p>\n\n\n<div id=\"mojev-2043630909\" class=\"mojev-u-tekstu-2 mojev-entity-placement\" style=\"margin-left: auto;margin-right: auto;text-align: center;\"><div class=\"mojev-adlabel\">oglas<\/div><script async src=\"\/\/pagead2.googlesyndication.com\/pagead\/js\/adsbygoogle.js?client=ca-pub-8106111766207173\" crossorigin=\"anonymous\"><\/script><ins class=\"adsbygoogle\" style=\"display:block;\" data-ad-client=\"ca-pub-8106111766207173\" \ndata-ad-slot=\"4860162200\" \ndata-ad-format=\"auto\"><\/ins>\n<script> \n(adsbygoogle = window.adsbygoogle || []).push({}); \n<\/script>\n<\/div>\n\n\n<h3 class=\"wp-block-heading\">Kako se uskla\u0111uju mirovine?<\/h3>\n\n\n\n<p>Stopa uskla\u0111ivanja aktualne vrijednosti mirovine, koja se primjenjuje\u00a0<strong>1. sije\u010dnja i 1. srpnja<\/strong>\u00a0svake kalendarske godine, odre\u0111uje se tako da se aktualna vrijednost mirovine (AVM) uskladi po stopi koja se dobije zbrajanjem stope promjene prosje\u010dnog indeksa potro\u0161a\u010dkih cijena i stope promjene prosje\u010dne bruto pla\u0107e svih zaposlenih u Republici Hrvatskoj u prethodnom polugodi\u0161tu u odnosu na polugodi\u0161te koje mu prethodi.<\/p>\n\n\n\n<p>Ako je udio stope promjene prosje\u010dnog indeksa potro\u0161a\u010dkih cijena u zbroju stopa manji ili jednak 50 posto, stopa uskla\u0111ivanja mirovina odre\u0111uje se tako da se zbroji 30 posto stope promjene prosje\u010dnog indeksa potro\u0161a\u010dkih cijena i 70 posto stope promjene prosje\u010dne bruto pla\u0107e.<\/p>\n\n\n\n<p>Ako je udio stope promjene prosje\u010dnog indeksa potro\u0161a\u010dkih cijena u zbroju stopa ve\u0107i od 50 posto, stopa uskla\u0111ivanja mirovina odre\u0111uje se tako da se zbroji 70 posto stope promjene prosje\u010dnog indeksa potro\u0161a\u010dkih cijena i 30 posto stope promjene prosje\u010dne bruto pla\u0107e.<\/p>\n<div id=\"mojev-822548788\" class=\"mojev-kraj-teksta mojev-entity-placement\" style=\"margin-bottom: 20px;margin-left: auto;margin-right: auto;text-align: center;\"><div class=\"mojev-adlabel\">oglas<\/div><div style=\"height: 250px;\"><script async src=\"https:\/\/pagead2.googlesyndication.com\/pagead\/js\/adsbygoogle.js?client=ca-pub-8106111766207173\"\r\n     crossorigin=\"anonymous\"><\/script>\r\n<!-- Display-1 -->\r\n<ins class=\"adsbygoogle\"\r\n     style=\"display:block\"\r\n     data-ad-client=\"ca-pub-8106111766207173\"\r\n     data-ad-slot=\"1465712950\"\r\n     data-ad-format=\"auto\"\r\n     data-full-width-responsive=\"true\"><\/ins>\r\n<script>\r\n     (adsbygoogle = window.adsbygoogle || []).push({});\r\n<\/script><\/div><\/div>","protected":false},"excerpt":{"rendered":"<p>Mirovine se redovno uskla\u0111uju 1. sije\u010dnja i 1. srpnja svake godine, a Vlada RH je najavila da \u0107e do srpnja u zakon ugraditi povoljniju formulu uskla\u0111ivanja. Koliko \u0107e na pomo\u0107i umirovljenicima, izra\u010dunao je analiti\u010dar mirovinskog sustava \u017deljko \u0160emper.<\/p>\n","protected":false},"author":1,"featured_media":121827,"comment_status":"closed","ping_status":"closed","sticky":false,"template":"","format":"standard","meta":{"footnotes":""},"categories":[9],"tags":[971,3706],"class_list":["post-126301","post","type-post","status-publish","format-standard","has-post-thumbnail","hentry","category-vijesti","tag-uskladivanje-mirovina","tag-zeljko-semper"],"_links":{"self":[{"href":"https:\/\/www.mojevrijeme.hr\/magazin\/wp-json\/wp\/v2\/posts\/126301","targetHints":{"allow":["GET"]}}],"collection":[{"href":"https:\/\/www.mojevrijeme.hr\/magazin\/wp-json\/wp\/v2\/posts"}],"about":[{"href":"https:\/\/www.mojevrijeme.hr\/magazin\/wp-json\/wp\/v2\/types\/post"}],"author":[{"embeddable":true,"href":"https:\/\/www.mojevrijeme.hr\/magazin\/wp-json\/wp\/v2\/users\/1"}],"replies":[{"embeddable":true,"href":"https:\/\/www.mojevrijeme.hr\/magazin\/wp-json\/wp\/v2\/comments?post=126301"}],"version-history":[{"count":15,"href":"https:\/\/www.mojevrijeme.hr\/magazin\/wp-json\/wp\/v2\/posts\/126301\/revisions"}],"predecessor-version":[{"id":126360,"href":"https:\/\/www.mojevrijeme.hr\/magazin\/wp-json\/wp\/v2\/posts\/126301\/revisions\/126360"}],"wp:featuredmedia":[{"embeddable":true,"href":"https:\/\/www.mojevrijeme.hr\/magazin\/wp-json\/wp\/v2\/media\/121827"}],"wp:attachment":[{"href":"https:\/\/www.mojevrijeme.hr\/magazin\/wp-json\/wp\/v2\/media?parent=126301"}],"wp:term":[{"taxonomy":"category","embeddable":true,"href":"https:\/\/www.mojevrijeme.hr\/magazin\/wp-json\/wp\/v2\/categories?post=126301"},{"taxonomy":"post_tag","embeddable":true,"href":"https:\/\/www.mojevrijeme.hr\/magazin\/wp-json\/wp\/v2\/tags?post=126301"}],"curies":[{"name":"wp","href":"https:\/\/api.w.org\/{rel}","templated":true}]}}