{"id":126481,"date":"2025-01-23T12:44:57","date_gmt":"2025-01-23T11:44:57","guid":{"rendered":"https:\/\/www.mojevrijeme.hr\/magazin\/?p=126481"},"modified":"2025-01-23T12:45:01","modified_gmt":"2025-01-23T11:45:01","slug":"sezona-gripe-ide-ka-vrhuncu-umrlo-je-11-osoba","status":"publish","type":"post","link":"https:\/\/www.mojevrijeme.hr\/magazin\/2025\/01\/sezona-gripe-ide-ka-vrhuncu-umrlo-je-11-osoba\/","title":{"rendered":"Sezona gripe ide ka vrhuncu, umrlo je 11 osoba"},"content":{"rendered":"\n<p>U Hrvatskoj je tijekom aktualne sezone gripe, zaklju\u010dno s 19. sije\u010dnja 2025. godine pristiglo 6.003 prijava oboljelih od te zarazne bolesti pri \u010demu je u zadnjem tjednu zaprimljeno 3.156 prijava, objavio je Hrvatski zavod za javno zdravstvo.<\/p>\n\n\n\n<p>Ti podaci upu\u0107uju na daljnji porast broja oboljeli koji se po\u010deo bilje\u017eiti tijekom bo\u017ei\u0107nih i novogodi\u0161njih blagdana. Gripa je zabilje\u017eena u svim \u017eupanijama, pri \u010demu se najve\u0107e stope bilje\u017ee u Karlova\u010dkoj \u017eupaniji, zatim u Dubrova\u010dko-neretvanskoj i Vara\u017edinskoj \u017eupaniji.<\/p>\n\n\n\n<p>Me\u0111u pristiglim prijavama stopa incidencije je uobi\u010dajeno najve\u0107a u djece pred\u0161kolske dobi, a najni\u017ea u osoba u dobi od 65 godina i vi\u0161e.<\/p><div id=\"mojev-3837486721\" class=\"mojev-u-tekstu mojev-entity-placement\" style=\"margin-left: auto;margin-right: auto;text-align: center;\"><div class=\"mojev-adlabel\">oglas<\/div><div style=\"height: 250px;\"><script async src=\"https:\/\/pagead2.googlesyndication.com\/pagead\/js\/adsbygoogle.js?client=ca-pub-8106111766207173\"\r\n     crossorigin=\"anonymous\"><\/script>\r\n<!-- Prikazni 1 u tekstu -->\r\n<ins class=\"adsbygoogle\"\r\n     style=\"display:block\"\r\n     data-ad-client=\"ca-pub-8106111766207173\"\r\n     data-ad-slot=\"8535551207\"\r\n     data-ad-format=\"auto\"\r\n     data-full-width-responsive=\"true\"><\/ins>\r\n<script>\r\n     (adsbygoogle = window.adsbygoogle || []).push({});\r\n<\/script><\/div><\/div><br style=\"clear: both; display: block; float: none;\"\/>\n\n\n\n<p>Uz sezonu gripe uobi\u010dajeno se povezuje tzv. vi\u0161ak smrti odnosno pove\u0107ani broj umrlih u odnosu na broj umrlih izvan sezone gripe. To je posljedica \u010dinjenice da je gripa u odre\u0111enim rizi\u010dnim skupinama kao \u0161to su osobe u dobi od 65 godina i stariji te kroni\u010dni bolesnici neovisno o dobi, \u010de\u0161\u0107e pra\u0107ena komplikacijama i smrtnim ishodom.<\/p>\n\n\n\n<p>Te\u0161ko je re\u0107i koliko stvarno osoba umre izravno ili, \u0161to je \u010de\u0161\u0107e, neizravno od gripe (kao posljedica pogor\u0161anja osnovne bolesti ili komplikacije, poput upale plu\u0107a ili sepse). Tijekom ove sezone do sada je prijavljeno jedanaest smrtnih ishoda zbog gripe i njezinih komplikacija.<\/p>\n\n\n\n<p>U oko dvije tre\u0107ine pozitivnih uzoraka detektiran je virus gripe A, a u ostatku virus gripe B. Me\u0111u subtipiziranim uzorcima pozitivnim na gripu A i dalje prevladava virus A\/H1N1pdm09, za razliku od sezone 2023.\/2024. kada je tijekom ve\u0107eg dijela sezone dominirao virus gripe A\/H3N2.<\/p>\n\n\n\n<figure class=\"wp-block-image size-large\"><img loading=\"lazy\" decoding=\"async\" width=\"740\" height=\"375\" src=\"https:\/\/www.mojevrijeme.hr\/magazin\/wp-content\/uploads\/2025\/01\/image-740x375.png\" alt=\"\" class=\"wp-image-126482\" srcset=\"https:\/\/www.mojevrijeme.hr\/magazin\/wp-content\/uploads\/2025\/01\/image-740x375.png 740w, https:\/\/www.mojevrijeme.hr\/magazin\/wp-content\/uploads\/2025\/01\/image-636x323.png 636w, https:\/\/www.mojevrijeme.hr\/magazin\/wp-content\/uploads\/2025\/01\/image-768x389.png 768w, https:\/\/www.mojevrijeme.hr\/magazin\/wp-content\/uploads\/2025\/01\/image.png 911w\" sizes=\"auto, (max-width: 740px) 100vw, 740px\" \/><\/figure>\n\n\n\n<p><\/p>\n<div id=\"mojev-1544792947\" class=\"mojev-kraj-teksta mojev-entity-placement\" style=\"margin-bottom: 20px;margin-left: auto;margin-right: auto;text-align: center;\"><div class=\"mojev-adlabel\">oglas<\/div><div style=\"height: 250px;\"><script async src=\"https:\/\/pagead2.googlesyndication.com\/pagead\/js\/adsbygoogle.js?client=ca-pub-8106111766207173\"\r\n     crossorigin=\"anonymous\"><\/script>\r\n<!-- Display-1 -->\r\n<ins class=\"adsbygoogle\"\r\n     style=\"display:block\"\r\n     data-ad-client=\"ca-pub-8106111766207173\"\r\n     data-ad-slot=\"1465712950\"\r\n     data-ad-format=\"auto\"\r\n     data-full-width-responsive=\"true\"><\/ins>\r\n<script>\r\n     (adsbygoogle = window.adsbygoogle || []).push({});\r\n<\/script><\/div><\/div>","protected":false},"excerpt":{"rendered":"<p>Uz sezonu gripe uobi\u010dajeno se povezuje tzv. vi\u0161ak smrti odnosno pove\u0107ani broj umrlih u odnosu na broj umrlih izvan sezone gripe.<\/p>\n","protected":false},"author":1,"featured_media":33566,"comment_status":"closed","ping_status":"closed","sticky":false,"template":"","format":"standard","meta":{"footnotes":""},"categories":[3],"tags":[47],"class_list":["post-126481","post","type-post","status-publish","format-standard","has-post-thumbnail","hentry","category-zdravlje","tag-gripa"],"_links":{"self":[{"href":"https:\/\/www.mojevrijeme.hr\/magazin\/wp-json\/wp\/v2\/posts\/126481","targetHints":{"allow":["GET"]}}],"collection":[{"href":"https:\/\/www.mojevrijeme.hr\/magazin\/wp-json\/wp\/v2\/posts"}],"about":[{"href":"https:\/\/www.mojevrijeme.hr\/magazin\/wp-json\/wp\/v2\/types\/post"}],"author":[{"embeddable":true,"href":"https:\/\/www.mojevrijeme.hr\/magazin\/wp-json\/wp\/v2\/users\/1"}],"replies":[{"embeddable":true,"href":"https:\/\/www.mojevrijeme.hr\/magazin\/wp-json\/wp\/v2\/comments?post=126481"}],"version-history":[{"count":2,"href":"https:\/\/www.mojevrijeme.hr\/magazin\/wp-json\/wp\/v2\/posts\/126481\/revisions"}],"predecessor-version":[{"id":126484,"href":"https:\/\/www.mojevrijeme.hr\/magazin\/wp-json\/wp\/v2\/posts\/126481\/revisions\/126484"}],"wp:featuredmedia":[{"embeddable":true,"href":"https:\/\/www.mojevrijeme.hr\/magazin\/wp-json\/wp\/v2\/media\/33566"}],"wp:attachment":[{"href":"https:\/\/www.mojevrijeme.hr\/magazin\/wp-json\/wp\/v2\/media?parent=126481"}],"wp:term":[{"taxonomy":"category","embeddable":true,"href":"https:\/\/www.mojevrijeme.hr\/magazin\/wp-json\/wp\/v2\/categories?post=126481"},{"taxonomy":"post_tag","embeddable":true,"href":"https:\/\/www.mojevrijeme.hr\/magazin\/wp-json\/wp\/v2\/tags?post=126481"}],"curies":[{"name":"wp","href":"https:\/\/api.w.org\/{rel}","templated":true}]}}