{"id":126936,"date":"2025-01-29T15:28:59","date_gmt":"2025-01-29T14:28:59","guid":{"rendered":"https:\/\/www.mojevrijeme.hr\/magazin\/?p=126936"},"modified":"2025-01-29T15:31:17","modified_gmt":"2025-01-29T14:31:17","slug":"muza-cu-smjestiti-u-dom-malo-tko-me-razumije","status":"publish","type":"post","link":"https:\/\/www.mojevrijeme.hr\/magazin\/2025\/01\/muza-cu-smjestiti-u-dom-malo-tko-me-razumije\/","title":{"rendered":"&#8216;Mu\u017ea \u0107u smjestiti u dom, nitko me ne razumije&#8217;"},"content":{"rendered":"\n<p>&#8220;Sve se vra\u0107a, sve se pla\u0107a! Gorjet \u0107ete u paklu svi koji ste se rije\u0161ili svojih starih i strpali ih u dom kad su onemo\u0107ali. Dabogda i vas va\u0161a djeca tamo smjestila.&#8221;<\/p>\n\n\n\n<p>Ovo je samo jedan od mnogih komentara punih osude koji se mogu na\u0107i u reakcijama na\u0161ih \u010ditatelja ispod objava o domovima za stare i nemo\u0107ne. Takve izjave otkrivaju koliko su neiskorjenjive predrasude o institucionalnoj skrbi za starije, a jo\u0161 vi\u0161e kolikom su pritisku i nerazumijevanju izlo\u017eene obitelji koje se susre\u0107u s kompleksnim odlukama o smje\u0161tanju voljenih u instituciju.<\/p>\n\n\n\n<p>Ukratko, oni koji se postavljaju u ulogu suca ne uzimaju u obzir stvarne okolnosti i ne \u017eele prihvatiti \u010dinjenicu da se mnogi na\u0111u u situaciji gdje bli\u017enjemu jednostavno ne mogu sami pru\u017eiti potrebnu skrb.<\/p><div id=\"mojev-2739473013\" class=\"mojev-u-tekstu mojev-entity-placement\" style=\"margin-left: auto;margin-right: auto;text-align: center;\"><div class=\"mojev-adlabel\">oglas<\/div><div style=\"height: 250px;\"><script async src=\"https:\/\/pagead2.googlesyndication.com\/pagead\/js\/adsbygoogle.js?client=ca-pub-8106111766207173\"\r\n     crossorigin=\"anonymous\"><\/script>\r\n<!-- Prikazni 1 u tekstu -->\r\n<ins class=\"adsbygoogle\"\r\n     style=\"display:block\"\r\n     data-ad-client=\"ca-pub-8106111766207173\"\r\n     data-ad-slot=\"8535551207\"\r\n     data-ad-format=\"auto\"\r\n     data-full-width-responsive=\"true\"><\/ins>\r\n<script>\r\n     (adsbygoogle = window.adsbygoogle || []).push({});\r\n<\/script><\/div><\/div><br style=\"clear: both; display: block; float: none;\"\/>\n\n\n\n<h3 class=\"wp-block-heading\">\u017dana: Fizi\u010dki i psihi\u010dki kopnim<\/h3>\n\n\n\n<p>O tome puno mo\u017eemo nau\u010diti iz iskustva i svjedo\u010denja na\u0161e \u010ditateljice \u017dane, koja je zbog danono\u0107ne brige oko bolesnog supruga na izmaku fizi\u010dkih, a sve vi\u0161e i psihi\u010dkih snaga. &#8220;Moj suprug boluje od <strong>demencije i Parkinsonove bolesti<\/strong>. \u017divimo sami, a ja vi\u0161e nemam snage nositi se s njegovim ispadima, osobito no\u0107u. Po\u010dinje se skidati, premje\u0161ta stvari po ku\u0107i, ru\u0161i sve pred sobom. Nedavno je na sebe sru\u0161io ormar, \u0161to mu je doslovno ugrozilo \u017eivot. Stanje je postalo gotovo nepodno\u0161ljivo&#8221;, pi\u0161e nam.<\/p>\n\n\n\n<p>Potom ka\u017ee da sve \u010de\u0161\u0107e tra\u017ei pomo\u0107 lije\u010dnika. &#8220;Doktor mu povremeno daje infuzije, a sada mu je poja\u010dao i terapiju. To je donijelo neko pobolj\u0161anje, no on se i dalje zna pogubiti. Neopisivo te\u0161ko mi pada kad napravi ne\u0161to neprihvatljivo, a onda za to okrivi mene. I ina\u010de sam mu kriva za apsolutno sve \u0161to se doga\u0111a i ne znam se vi\u0161e nositi s tim optu\u017ebama. Iako se trudim prilagoditi situaciji, nisam sigurna koliko jo\u0161 mogu izdr\u017eati&#8221;, pi\u0161e nadalje.<\/p>\n\n\n\n<h3 class=\"wp-block-heading\">Dom za starije kao izlaz<\/h3>\n\n\n\n<p>Poku\u0161ala je prona\u0107i njegovateljicu koja bi joj skinula barem mali dio tereta koji nosi, ali bezuspje\u0161no, jer demencija i Parkinsonova bolest \u010desto izazivaju strah i nesigurnost kod onih koji nisu kompetentni nositi se s njima.<\/p>\n\n\n\n<p>&#8220;Na\u017ealost, nitko ne \u017eeli prihvatiti takav posao, odbiju me \u010dim saznaju o kakve se dvije te\u0161ke bolesti radi. Po svemu sude\u0107i, ako se stanje pogor\u0161a ili ako psihi\u010dki vi\u0161e ne budem mogla izdr\u017eati, bit \u0107u prisiljena potra\u017eiti mu smje\u0161taj u domu za starije i nemo\u0107ne. U na\u0161em gradu postoji dobar dom za ovakve osobe i mislim da bi to bilo bolje za njega. Voljela bih \u010duti i savjete drugih koji su pro\u0161li kroz sli\u010dnu situaciju&#8221;, napisala je gospo\u0111a \u017dana.<\/p>\n\n\n\n<p>\u0160to mislite o smje\u0161taju voljenih u dom za stare i nemo\u0107ne? Zanima nas i va\u0161a pri\u010da, pi\u0161ite nam!<\/p>\n\n\n\n<div id=\"crveno\"><\/p>\n\n\n\n<h3 class=\"wp-block-heading\">Zanima nas va\u0161a pri\u010da<\/h3>\n\n\n\n<p>\u017delite li i vi, posve anonimno, podijeliti svoje iskustvo i vi\u0111enje ove teme s nama i na\u0161im \u010ditateljima, mo\u017eete to u\u010diniti putem web obrasca <a rel=\"noreferrer noopener\" href=\"https:\/\/www.mojevrijeme.hr\/magazin\/povjerljivo\/\" target=\"_blank\">Povjerljivo<\/a>. Napi\u0161ite svoju pri\u010du!<\/p>\n\n\n\n<p><\/div>\n\n\n\n<p><\/p>\n<div id=\"mojev-892824302\" class=\"mojev-kraj-teksta mojev-entity-placement\" style=\"margin-bottom: 20px;margin-left: auto;margin-right: auto;text-align: center;\"><div class=\"mojev-adlabel\">oglas<\/div><div style=\"height: 250px;\"><script async src=\"https:\/\/pagead2.googlesyndication.com\/pagead\/js\/adsbygoogle.js?client=ca-pub-8106111766207173\"\r\n     crossorigin=\"anonymous\"><\/script>\r\n<!-- Display-1 -->\r\n<ins class=\"adsbygoogle\"\r\n     style=\"display:block\"\r\n     data-ad-client=\"ca-pub-8106111766207173\"\r\n     data-ad-slot=\"1465712950\"\r\n     data-ad-format=\"auto\"\r\n     data-full-width-responsive=\"true\"><\/ins>\r\n<script>\r\n     (adsbygoogle = window.adsbygoogle || []).push({});\r\n<\/script><\/div><\/div>","protected":false},"excerpt":{"rendered":"<p>Smjestiti suprugu ili supruga u dom za starije i nemo\u0107ne jedna je od najte\u017eih odluka s kojom se netko mo\u017ee suo\u010diti. No, ta odluka postaje jo\u0161 te\u017ea kada izostane podr\u0161ka okoline \u2013 umjesto razumijevanja, mnogi nailaze na osudu onih koji ne \u017eele shvatiti slo\u017eenost takve situacije.<\/p>\n","protected":false},"author":15,"featured_media":126956,"comment_status":"closed","ping_status":"closed","sticky":false,"template":"","format":"standard","meta":{"footnotes":""},"categories":[3552],"tags":[3292],"class_list":["post-126936","post","type-post","status-publish","format-standard","has-post-thumbnail","hentry","category-povjerljivo","tag-neformalni-njegovatelji"],"_links":{"self":[{"href":"https:\/\/www.mojevrijeme.hr\/magazin\/wp-json\/wp\/v2\/posts\/126936","targetHints":{"allow":["GET"]}}],"collection":[{"href":"https:\/\/www.mojevrijeme.hr\/magazin\/wp-json\/wp\/v2\/posts"}],"about":[{"href":"https:\/\/www.mojevrijeme.hr\/magazin\/wp-json\/wp\/v2\/types\/post"}],"author":[{"embeddable":true,"href":"https:\/\/www.mojevrijeme.hr\/magazin\/wp-json\/wp\/v2\/users\/15"}],"replies":[{"embeddable":true,"href":"https:\/\/www.mojevrijeme.hr\/magazin\/wp-json\/wp\/v2\/comments?post=126936"}],"version-history":[{"count":13,"href":"https:\/\/www.mojevrijeme.hr\/magazin\/wp-json\/wp\/v2\/posts\/126936\/revisions"}],"predecessor-version":[{"id":126962,"href":"https:\/\/www.mojevrijeme.hr\/magazin\/wp-json\/wp\/v2\/posts\/126936\/revisions\/126962"}],"wp:featuredmedia":[{"embeddable":true,"href":"https:\/\/www.mojevrijeme.hr\/magazin\/wp-json\/wp\/v2\/media\/126956"}],"wp:attachment":[{"href":"https:\/\/www.mojevrijeme.hr\/magazin\/wp-json\/wp\/v2\/media?parent=126936"}],"wp:term":[{"taxonomy":"category","embeddable":true,"href":"https:\/\/www.mojevrijeme.hr\/magazin\/wp-json\/wp\/v2\/categories?post=126936"},{"taxonomy":"post_tag","embeddable":true,"href":"https:\/\/www.mojevrijeme.hr\/magazin\/wp-json\/wp\/v2\/tags?post=126936"}],"curies":[{"name":"wp","href":"https:\/\/api.w.org\/{rel}","templated":true}]}}