{"id":1276,"date":"2014-10-11T10:42:29","date_gmt":"2014-10-11T08:42:29","guid":{"rendered":"http:\/\/www.mojevrijeme.hr\/magazin\/?p=1276"},"modified":"2019-04-24T17:24:07","modified_gmt":"2019-04-24T15:24:07","slug":"mislite-da-je-ebola-biolosko-oruzje-procitajte-ovo","status":"publish","type":"post","link":"https:\/\/www.mojevrijeme.hr\/magazin\/2014\/10\/mislite-da-je-ebola-biolosko-oruzje-procitajte-ovo\/","title":{"rendered":"Mislite da je ebola biolo\u0161ko oru\u017eje? Pro\u010ditajte ovo!"},"content":{"rendered":"<p>Nakon \u0161to smo objavili tekst \u201e<a title=\"MojeVrijeme.hr\" href=\"http:\/\/www.mojevrijeme.hr\/magazin\/2014\/10\/sve-sto-za-sada-trebate-znati-o-eboli\/\" target=\"_blank\" rel=\"noopener noreferrer\">Sve \u0161to (za sada) trebate znati o eboli<\/a>\u201c, dobili smo niz poruka na\u0161ih \u010ditatelja koji nas uvjeravaju da je &#8220;ebola namjerno pu\u0161tena iz laboratorija&#8221;, a sve kako bi neimenovane &#8220;elite&#8221; smanjile broj stanovnika na Zemlji. Sli\u010dnu\u00a0su tezu poduprli \u010dak i najtira\u017eniji britanski i ameri\u010dki tabloidi tvrde\u0107i da je virus ebole opasno niskobud\u017eetno oru\u017eje u rukama, ne samo &#8220;masona i ljudi-gu\u0161tera&#8221;, ve\u0107 i d\u017eihadista takozvane Islamske dr\u017eave. Paralelno su vo\u0111e te iste Islamske dr\u017eave optu\u017eile Washington za kreiranje ovog virusa. \u00a0No istina je da bi virus ebole bio vrlo lo\u0161e, neisplativo i op\u0107enito neefikasno oru\u017eje. Evo i za\u0161to.<\/p>\n<p><div id=\"quote\">Zamislite teroristi\u010dku organizaciju kako ide od vrata do vrata s vre\u0107ama tjelesnih izlu\u010devina kako bi zarazila \u0161a\u010dicu ljudi<\/div><br \/>\nStru\u010dnjak za bioterorizam i bioeti\u010dar <strong>Nicholas Evans<\/strong> sa Sveu\u010dili\u0161ta u Pennsylvaniji u svojem osvrtu za <a title=\"Slate magazine\" href=\"http:\/\/www.slate.com\/articles\/health_and_science\/science\/2014\/10\/ebola_and_bioterrorism_the_virus_is_not_a_bioweapon_despite_media_myths.html\" target=\"_blank\" rel=\"noopener noreferrer\">Slate magazin<\/a> obja\u0161njava da je virus ebole slabo zarazan; jedna zara\u017eena osoba \u0107e u prosjeku zaraziti tek 2 osobe. Osim toga, zarazna osoba jasno pokazuje simptome bolesti i zbog toga <strong>postoji \u010ditav niz organizama koji su bolje oru\u017eje od ebole<\/strong>, primjerice smrtonosni antraks (bedrenica, crni pri\u0161t, maligna pustula).<\/p>\n<p>Za razliku od antraksa koji se \u0161iri mikroskopskim sporama i lako ga je proizvesti i rasuti u obliku praha, ebola zahtjeva prijenos tjelesnim teku\u0107inama u kojima virus \u017eivi. \u201eMo\u017eete li zamisliti da teroristi\u010dka organizacija ide od vrata do vrata s vre\u0107ama tjelesnih izlu\u010devina kako bi zarazila \u0161a\u010dicu ljudi?\u201c, pita se Evans.<\/p>\n<p>A \u0161to je s \u201ekiha\u010dima-samoubojicama\u201c, onima koji \u0107e se i sami zaraziti da bi zarazili druge? I taj je scenarij poprili\u010dno nezgodan i neefikasan. Kako smo ve\u0107 naveli, osoba je zarazna tek kada pokazuje jasne simptome bolesti pa ju potencijalne \u017ertve mogu na vrijeme uo\u010diti. Osim toga, nije ba\u0161 da su zara\u017eene osobe sposobne za bilo kakav fizi\u010dki napor i organiziraniju teroristi\u010dku akciju.<\/p><div id=\"mojev-324479694\" class=\"mojev-u-tekstu mojev-entity-placement\" style=\"margin-left: auto;margin-right: auto;text-align: center;\"><div class=\"mojev-adlabel\">oglas<\/div><div style=\"height: 250px;\"><script async src=\"https:\/\/pagead2.googlesyndication.com\/pagead\/js\/adsbygoogle.js?client=ca-pub-8106111766207173\"\r\n     crossorigin=\"anonymous\"><\/script>\r\n<!-- Prikazni 1 u tekstu -->\r\n<ins class=\"adsbygoogle\"\r\n     style=\"display:block\"\r\n     data-ad-client=\"ca-pub-8106111766207173\"\r\n     data-ad-slot=\"8535551207\"\r\n     data-ad-format=\"auto\"\r\n     data-full-width-responsive=\"true\"><\/ins>\r\n<script>\r\n     (adsbygoogle = window.adsbygoogle || []).push({});\r\n<\/script><\/div><\/div><br style=\"clear: both; display: block; float: none;\"\/>\n<p>&#8220;Ebola nije oru\u017eje, ve\u0107 posljedica sraza \u010dovjeka i njegove okoline, poraz javnozdravstvenih institucija zemalja u kojima je izbila. Ebola je i djelomi\u010dno na\u0161 poraz, jer im nismo na vrijeme pomogli da zauzdaju bolest\u201c, tvrdi znanstvenik. Naime, rije\u010d je o starom virusu \u010diji je prirodni rezervoar u \u017eivotinjama, a moderna ga je znanost registrirala jo\u0161 prije nekoliko desetlje\u0107a.<\/p>\n<p>\u201eU razvijenim zemljama najve\u0107a prijetnja nije terorizam, ve\u0107 strah\u201c, dodaje navode\u0107i da je strah najmo\u0107nije oru\u017eje koje se mo\u017ee koristiti protiv ljudi kako bi donijeli lo\u0161e odluke. \u201eDa bismo pobijedili ebolu, moramo se manje zamarati teroristima i vi\u0161e pomagati ljudima\u201c, zaklju\u010duje Evans.<\/p>\n<div id=\"mojev-2213223530\" class=\"mojev-kraj-teksta mojev-entity-placement\" style=\"margin-bottom: 20px;margin-left: auto;margin-right: auto;text-align: center;\"><div class=\"mojev-adlabel\">oglas<\/div><div style=\"height: 250px;\"><script async src=\"https:\/\/pagead2.googlesyndication.com\/pagead\/js\/adsbygoogle.js?client=ca-pub-8106111766207173\"\r\n     crossorigin=\"anonymous\"><\/script>\r\n<!-- Display-1 -->\r\n<ins class=\"adsbygoogle\"\r\n     style=\"display:block\"\r\n     data-ad-client=\"ca-pub-8106111766207173\"\r\n     data-ad-slot=\"1465712950\"\r\n     data-ad-format=\"auto\"\r\n     data-full-width-responsive=\"true\"><\/ins>\r\n<script>\r\n     (adsbygoogle = window.adsbygoogle || []).push({});\r\n<\/script><\/div><\/div>","protected":false},"excerpt":{"rendered":"<p>\u0160to je s \u201ekiha\u010dima-samoubojicama\u201c, onima koji \u0107e se i sami zaraziti da bi zarazili druge? Mo\u017ee li ebola biti oru\u017eje terorista ili elita koje &#8220;rade na smanjenju svjetske populacije&#8221;? Te\u0161ko. Postoje puno prakti\u010dnije bolesti za te svrhe. <\/p>\n","protected":false},"author":1,"featured_media":1277,"comment_status":"closed","ping_status":"open","sticky":false,"template":"","format":"standard","meta":{"footnotes":""},"categories":[3],"tags":[242,249,248],"class_list":["post-1276","post","type-post","status-publish","format-standard","has-post-thumbnail","hentry","category-zdravlje","tag-ebola","tag-teorije-urote","tag-terorizam"],"_links":{"self":[{"href":"https:\/\/www.mojevrijeme.hr\/magazin\/wp-json\/wp\/v2\/posts\/1276","targetHints":{"allow":["GET"]}}],"collection":[{"href":"https:\/\/www.mojevrijeme.hr\/magazin\/wp-json\/wp\/v2\/posts"}],"about":[{"href":"https:\/\/www.mojevrijeme.hr\/magazin\/wp-json\/wp\/v2\/types\/post"}],"author":[{"embeddable":true,"href":"https:\/\/www.mojevrijeme.hr\/magazin\/wp-json\/wp\/v2\/users\/1"}],"replies":[{"embeddable":true,"href":"https:\/\/www.mojevrijeme.hr\/magazin\/wp-json\/wp\/v2\/comments?post=1276"}],"version-history":[{"count":0,"href":"https:\/\/www.mojevrijeme.hr\/magazin\/wp-json\/wp\/v2\/posts\/1276\/revisions"}],"wp:featuredmedia":[{"embeddable":true,"href":"https:\/\/www.mojevrijeme.hr\/magazin\/wp-json\/wp\/v2\/media\/1277"}],"wp:attachment":[{"href":"https:\/\/www.mojevrijeme.hr\/magazin\/wp-json\/wp\/v2\/media?parent=1276"}],"wp:term":[{"taxonomy":"category","embeddable":true,"href":"https:\/\/www.mojevrijeme.hr\/magazin\/wp-json\/wp\/v2\/categories?post=1276"},{"taxonomy":"post_tag","embeddable":true,"href":"https:\/\/www.mojevrijeme.hr\/magazin\/wp-json\/wp\/v2\/tags?post=1276"}],"curies":[{"name":"wp","href":"https:\/\/api.w.org\/{rel}","templated":true}]}}