{"id":127769,"date":"2025-02-10T10:08:58","date_gmt":"2025-02-10T09:08:58","guid":{"rendered":"https:\/\/www.mojevrijeme.hr\/magazin\/?p=127769"},"modified":"2025-02-10T11:45:53","modified_gmt":"2025-02-10T10:45:53","slug":"draga-ksenija-zena-zanemaruje-kucu-samo-se-licka-i-plese","status":"publish","type":"post","link":"https:\/\/www.mojevrijeme.hr\/magazin\/2025\/02\/draga-ksenija-zena-zanemaruje-kucu-samo-se-licka-i-plese\/","title":{"rendered":"Draga Ksenija: \u017dena zanemaruje ku\u0107u, samo se licka i ple\u0161e"},"content":{"rendered":"\n<p><strong>Draga Ksenija,<\/strong> u penziju sam oti\u0161ao pola godine prije supruge. Kuhao sam, prao sam, usisavao sam, radio sve \u0161to bi mi zapisala da trebam obaviti. Ona je tupila da je umorna i da ni\u0161ta ne sti\u017ee. Mislio sam da \u0107e, kad se i ona napokon umirovi, do\u0107i mir i zadovoljstvo. <\/p>\n\n\n\n<p>Ljetos se umirovila, dobila je otpremninu, oti\u0161li smo na more i u\u017eivali kao nikad prije. A onda je sve oti\u0161lo nizbrdo. Nakon povratka, nije mogla izdr\u017eati kod ku\u0107e dulje od dva tjedna. Najprije je upisala <em>zumbu<\/em> pa nordijsko hodanje pa se u\u010dlanila u udrugu umirovljenika. Stalno je na frizuri, licka se i izlazi, ide na izlete, ple\u0161e u mjesnoj zajednici. <\/p>\n\n\n\n<p>Dok se ona zabavlja, ja sjedim sam kod ku\u0107e. Ako skuham, pojede na brzinu i ode. Ako kuha ona, to je ne\u0161to jako jednostavno jer nema vremena za dugo stajanje uz \u0161tednjak. Ku\u0107a nam je kao \u0161tala, ne \u017eeli vi\u0161e ni unuka pri\u010duvati. Imam osje\u0107aj da smo joj ja, na\u0161a ku\u0107a i obitelj vi\u0161ak u \u017eivotu. Trebam li se razvesti? <em>Brko<\/em><\/p><div id=\"mojev-1338460783\" class=\"mojev-u-tekstu mojev-entity-placement\" style=\"margin-left: auto;margin-right: auto;text-align: center;\"><div class=\"mojev-adlabel\">oglas<\/div><div style=\"height: 250px;\"><script async src=\"https:\/\/pagead2.googlesyndication.com\/pagead\/js\/adsbygoogle.js?client=ca-pub-8106111766207173\"\r\n     crossorigin=\"anonymous\"><\/script>\r\n<!-- Prikazni 1 u tekstu -->\r\n<ins class=\"adsbygoogle\"\r\n     style=\"display:block\"\r\n     data-ad-client=\"ca-pub-8106111766207173\"\r\n     data-ad-slot=\"8535551207\"\r\n     data-ad-format=\"auto\"\r\n     data-full-width-responsive=\"true\"><\/ins>\r\n<script>\r\n     (adsbygoogle = window.adsbygoogle || []).push({});\r\n<\/script><\/div><\/div><br style=\"clear: both; display: block; float: none;\"\/>\n\n\n\n<h3 class=\"wp-block-heading\">Ksenijin odgovor: Vi ne \u017eelite razvod<\/h3>\n\n\n\n<p><strong>Dragi Brko<\/strong>, vjerojatno supruga ne bje\u017ei od vas, ve\u0107 je u fazi prilagodbe na \u010dinjenicu da nema strogu satnicu i da si sada mora sama ispunjavati vrijeme. Jo\u0161 nije na\u0161la mjeru koja \u0107e odgovarati i vama i njoj. Nakon umirovljenja, svi tra\u017eimo novo mjesto u \u017eivotnom poretku, a neki nadokna\u0111uju ono za \u0161to nisu imali vremena dok su radili, odgajali djecu, brinuli za partnera.<\/p>\n\n\n\n<p>Ako vam smeta podjela ku\u0107nih obaveza, recite joj to. Dogovorite se oko minimuma koji oboje morate odraditi. Iza\u0111ite iz ku\u0107e. Najgore je sjediti na kau\u010du i vrtjeti crne scenarije u glavi. Za\u0161to joj se ne biste pridru\u017eili? Oti\u0111ite s njom u udrugu umirovljenika, mo\u017eda \u010dak i na <em>zumbu<\/em>. Nakon toga bi vam neke stvari trebale biti jasnije.<\/p>\n\n\n\n<p>Rekla bih da je prerano za razmi\u0161ljati o razvodu i \u010dini mi se da ga vi, zapravo, ne \u017eelite. Ono \u0161to vi \u017eelite je povratak na staro, no tu \u0107ete morati prona\u0107i kompromis. Druge nema. <em>Ksenija<\/em><\/p>\n\n\n\n<div id=\"crveno\"><\/p>\n\n\n\n<h3 class=\"wp-block-heading\">Pi\u0161ite Kseniji!<\/h3>\n\n\n\n<p>\u017delite li <strong>anonimno<\/strong> postaviti pitanje i posavjetovati se s na\u0161om kolumnisticom i \u017eivotnom savjetnicom Ksenijom Habunek ili samo ispri\u010dati svoju pri\u010du i vi\u0111enje ove teme, mo\u017eete to u\u010diniti putem internetskog obrasca klikom na <a href=\"https:\/\/www.mojevrijeme.hr\/magazin\/draga-ksenija\/\"><strong>ovu poveznicu<\/strong><\/a>.<\/p>\n\n\n\n<p>Ostala pitanja i Ksenijine odgovore potra\u017eite na <a href=\"https:\/\/www.mojevrijeme.hr\/magazin\/category\/povjerljivo\/draga-ksenija\/\"><strong>ovoj poveznici<\/strong><\/a>.<\/p>\n\n\n\n<p><\/div>\n<div id=\"mojev-2230061704\" class=\"mojev-kraj-teksta mojev-entity-placement\" style=\"margin-bottom: 20px;margin-left: auto;margin-right: auto;text-align: center;\"><div class=\"mojev-adlabel\">oglas<\/div><div style=\"height: 250px;\"><script async src=\"https:\/\/pagead2.googlesyndication.com\/pagead\/js\/adsbygoogle.js?client=ca-pub-8106111766207173\"\r\n     crossorigin=\"anonymous\"><\/script>\r\n<!-- Display-1 -->\r\n<ins class=\"adsbygoogle\"\r\n     style=\"display:block\"\r\n     data-ad-client=\"ca-pub-8106111766207173\"\r\n     data-ad-slot=\"1465712950\"\r\n     data-ad-format=\"auto\"\r\n     data-full-width-responsive=\"true\"><\/ins>\r\n<script>\r\n     (adsbygoogle = window.adsbygoogle || []).push({});\r\n<\/script><\/div><\/div>","protected":false},"excerpt":{"rendered":"<p>Na sto muka na\u0161ao se na\u0161 \u010ditatelj kada je njegova supruga, tek \u0161to se umirovila, po\u010dela \u017eivjeti potpuno druga\u010dijim tempom nego \u0161to je on zami\u0161ljao. Umjesto mirnih dana udvoje, izabrala je aktivnosti izvan ku\u0107e, a on se osje\u0107a usamljeno i zanemareno pa je za savjet pitao na\u0161u \u017eivotnu savjetnicu Kseniju Habunek.<\/p>\n","protected":false},"author":11,"featured_media":127811,"comment_status":"closed","ping_status":"closed","sticky":false,"template":"","format":"standard","meta":{"footnotes":""},"categories":[4133],"tags":[304,957,423],"class_list":["post-127769","post","type-post","status-publish","format-standard","has-post-thumbnail","hentry","category-draga-ksenija","tag-brak","tag-mirovina","tag-usamljenost"],"_links":{"self":[{"href":"https:\/\/www.mojevrijeme.hr\/magazin\/wp-json\/wp\/v2\/posts\/127769","targetHints":{"allow":["GET"]}}],"collection":[{"href":"https:\/\/www.mojevrijeme.hr\/magazin\/wp-json\/wp\/v2\/posts"}],"about":[{"href":"https:\/\/www.mojevrijeme.hr\/magazin\/wp-json\/wp\/v2\/types\/post"}],"author":[{"embeddable":true,"href":"https:\/\/www.mojevrijeme.hr\/magazin\/wp-json\/wp\/v2\/users\/11"}],"replies":[{"embeddable":true,"href":"https:\/\/www.mojevrijeme.hr\/magazin\/wp-json\/wp\/v2\/comments?post=127769"}],"version-history":[{"count":22,"href":"https:\/\/www.mojevrijeme.hr\/magazin\/wp-json\/wp\/v2\/posts\/127769\/revisions"}],"predecessor-version":[{"id":127836,"href":"https:\/\/www.mojevrijeme.hr\/magazin\/wp-json\/wp\/v2\/posts\/127769\/revisions\/127836"}],"wp:featuredmedia":[{"embeddable":true,"href":"https:\/\/www.mojevrijeme.hr\/magazin\/wp-json\/wp\/v2\/media\/127811"}],"wp:attachment":[{"href":"https:\/\/www.mojevrijeme.hr\/magazin\/wp-json\/wp\/v2\/media?parent=127769"}],"wp:term":[{"taxonomy":"category","embeddable":true,"href":"https:\/\/www.mojevrijeme.hr\/magazin\/wp-json\/wp\/v2\/categories?post=127769"},{"taxonomy":"post_tag","embeddable":true,"href":"https:\/\/www.mojevrijeme.hr\/magazin\/wp-json\/wp\/v2\/tags?post=127769"}],"curies":[{"name":"wp","href":"https:\/\/api.w.org\/{rel}","templated":true}]}}