{"id":127821,"date":"2025-02-10T10:45:43","date_gmt":"2025-02-10T09:45:43","guid":{"rendered":"https:\/\/www.mojevrijeme.hr\/magazin\/?p=127821"},"modified":"2025-02-10T10:48:09","modified_gmt":"2025-02-10T09:48:09","slug":"lepa-85-macka-maza-mi-je-poput-kceri-za-nju-ostavljam-bogatstvo","status":"publish","type":"post","link":"https:\/\/www.mojevrijeme.hr\/magazin\/2025\/02\/lepa-85-macka-maza-mi-je-poput-kceri-za-nju-ostavljam-bogatstvo\/","title":{"rendered":"Lepa (85): Ma\u010dka Maza mi je poput k\u0107eri, za nju ostavljam bogatstvo"},"content":{"rendered":"\n<p>Pjeva\u010dica narodne glazbe, <strong>Lepa Luki\u0107<\/strong>, nedavno je otkrila da je napisala oporuku, kao i da \u0107e veliko bogatstvo koje je stekla tijekom 50 godina karijere ostaviti svom ne\u0107aku. Ipak, da bi dobio dva stana, ku\u0107u, restoran i pozama\u0161ne svote na bankovnim ra\u010dunima, Radisav mora ispuniti jedan uvjet: mora se dostojno brinuti o Lepinoj ljubimici, pi\u0161e <a href=\"https:\/\/www.blic.rs\/zabava\/testament-lepe-lukic-evo-kome-ce-pevacica-ostaviti-svo-bogatstvo-postoji-1-uslov\/wk21bx0\" target=\"_blank\" rel=\"noreferrer noopener\">Blic<\/a>.<\/p>\n\n\n\n<p>&#8220;Napisala sam oporuku u kojoj sam navela da moj ne\u0107ak mora brinuti o ma\u010dki ako ja odem prije nje. Radisav treba \u010duvati Mazu, paziti je i maziti, i naslijedit \u0107e sve \u0161to sam stekla tijekom \u017eivota. To sve stoji u dokumentu koji \u010duva moj odvjetnik&#8221;, rekla je Lepa i dodala da je izuzetno vezana za macu koju je udomila prije devet godina.<\/p>\n\n\n\n<p>&#8220;Ona je pravo \u010dudo od ma\u010dke, ja je do\u017eivljavam kao svoje dijete. Zato sam morala osigurati da bude zbrinuta i da znam da \u0107e biti dobro kad ja odem na onaj svijet. Od 2011. nas dvije \u017eivimo zajedno kao majka i k\u0107i&#8221;, ispri\u010dala je Lepa i naglasila da s Mazom razgovara kao s \u010dovjekom.<\/p><div id=\"mojev-445342485\" class=\"mojev-u-tekstu mojev-entity-placement\" style=\"margin-left: auto;margin-right: auto;text-align: center;\"><div class=\"mojev-adlabel\">oglas<\/div><div style=\"height: 250px;\"><script async src=\"https:\/\/pagead2.googlesyndication.com\/pagead\/js\/adsbygoogle.js?client=ca-pub-8106111766207173\"\r\n     crossorigin=\"anonymous\"><\/script>\r\n<!-- Prikazni 1 u tekstu -->\r\n<ins class=\"adsbygoogle\"\r\n     style=\"display:block\"\r\n     data-ad-client=\"ca-pub-8106111766207173\"\r\n     data-ad-slot=\"8535551207\"\r\n     data-ad-format=\"auto\"\r\n     data-full-width-responsive=\"true\"><\/ins>\r\n<script>\r\n     (adsbygoogle = window.adsbygoogle || []).push({});\r\n<\/script><\/div><\/div><br style=\"clear: both; display: block; float: none;\"\/>\n\n\n\n<p>&#8220;Jako je pametna, ma pametnija je od mene! Nikada se nije penjala na stol dok jedem kao \u0161to to rade druge ma\u010dke. Ima svoje granule i kada ka\u017ee: Mijauuu, ja je pitam: Sine, reci mi \u0161to ho\u0107e\u0161, ka\u017ei majci \u0161to \u017eeli\u0161? Onda zajedno odemo do mjesta gdje joj stoji zdjelica s hranom i ja joj nasipam granule da jede.&#8221;<\/p>\n\n\n\n<p>A kad se Maza najede, vrijeme je za po\u010dinak. &#8220;Odemo u spava\u0107u sobu, ugasim svjetlo, a ona se popne na krevet i \u010deka me da zajedno spavamo. Da \u017eivim sama, ja bih poludjela! Uz Mazu nikada nisam sama&#8221;, zaklju\u010dila je.<\/p>\n\n\n\n<div id=\"crveno\"><\/p>\n\n\n\n<h3 class=\"wp-block-heading\">Zanima nas va\u0161a pri\u010da<\/h3>\n\n\n\n<p>\u017delite li i vi, posve anonimno, podijeliti svoje iskustvo i vi\u0111enje ove teme s nama i na\u0161im \u010ditateljima, mo\u017eete to u\u010diniti putem web obrasca <a rel=\"noreferrer noopener\" href=\"https:\/\/www.mojevrijeme.hr\/magazin\/povjerljivo\/\" target=\"_blank\">Povjerljivo<\/a>. Napi\u0161ite svoju pri\u010du!<\/p>\n\n\n\n<p><\/div>\n<div id=\"mojev-945698382\" class=\"mojev-kraj-teksta mojev-entity-placement\" style=\"margin-bottom: 20px;margin-left: auto;margin-right: auto;text-align: center;\"><div class=\"mojev-adlabel\">oglas<\/div><div style=\"height: 250px;\"><script async src=\"https:\/\/pagead2.googlesyndication.com\/pagead\/js\/adsbygoogle.js?client=ca-pub-8106111766207173\"\r\n     crossorigin=\"anonymous\"><\/script>\r\n<!-- Display-1 -->\r\n<ins class=\"adsbygoogle\"\r\n     style=\"display:block\"\r\n     data-ad-client=\"ca-pub-8106111766207173\"\r\n     data-ad-slot=\"1465712950\"\r\n     data-ad-format=\"auto\"\r\n     data-full-width-responsive=\"true\"><\/ins>\r\n<script>\r\n     (adsbygoogle = window.adsbygoogle || []).push({});\r\n<\/script><\/div><\/div>","protected":false},"excerpt":{"rendered":"<p>Omiljena pjeva\u010dica narodne glazbe ka\u017ee da je njena maca druga\u010dija od svih ostalih maca. Dobro je odgojena i jako je pametna. <\/p>\n","protected":false},"author":1,"featured_media":127826,"comment_status":"closed","ping_status":"closed","sticky":false,"template":"","format":"standard","meta":{"footnotes":""},"categories":[84],"tags":[46,4390,919,270],"class_list":["post-127821","post","type-post","status-publish","format-standard","has-post-thumbnail","hentry","category-show","tag-kucni-ljubimci","tag-lepa-lukic","tag-oporuka","tag-pjevaci"],"_links":{"self":[{"href":"https:\/\/www.mojevrijeme.hr\/magazin\/wp-json\/wp\/v2\/posts\/127821","targetHints":{"allow":["GET"]}}],"collection":[{"href":"https:\/\/www.mojevrijeme.hr\/magazin\/wp-json\/wp\/v2\/posts"}],"about":[{"href":"https:\/\/www.mojevrijeme.hr\/magazin\/wp-json\/wp\/v2\/types\/post"}],"author":[{"embeddable":true,"href":"https:\/\/www.mojevrijeme.hr\/magazin\/wp-json\/wp\/v2\/users\/1"}],"replies":[{"embeddable":true,"href":"https:\/\/www.mojevrijeme.hr\/magazin\/wp-json\/wp\/v2\/comments?post=127821"}],"version-history":[{"count":11,"href":"https:\/\/www.mojevrijeme.hr\/magazin\/wp-json\/wp\/v2\/posts\/127821\/revisions"}],"predecessor-version":[{"id":127834,"href":"https:\/\/www.mojevrijeme.hr\/magazin\/wp-json\/wp\/v2\/posts\/127821\/revisions\/127834"}],"wp:featuredmedia":[{"embeddable":true,"href":"https:\/\/www.mojevrijeme.hr\/magazin\/wp-json\/wp\/v2\/media\/127826"}],"wp:attachment":[{"href":"https:\/\/www.mojevrijeme.hr\/magazin\/wp-json\/wp\/v2\/media?parent=127821"}],"wp:term":[{"taxonomy":"category","embeddable":true,"href":"https:\/\/www.mojevrijeme.hr\/magazin\/wp-json\/wp\/v2\/categories?post=127821"},{"taxonomy":"post_tag","embeddable":true,"href":"https:\/\/www.mojevrijeme.hr\/magazin\/wp-json\/wp\/v2\/tags?post=127821"}],"curies":[{"name":"wp","href":"https:\/\/api.w.org\/{rel}","templated":true}]}}