{"id":127932,"date":"2025-02-11T12:59:13","date_gmt":"2025-02-11T11:59:13","guid":{"rendered":"https:\/\/www.mojevrijeme.hr\/magazin\/?p=127932"},"modified":"2025-02-11T13:00:09","modified_gmt":"2025-02-11T12:00:09","slug":"starosna-mirovina-tek-sa-67-godina-slovenija-dize-dob-za-umirovljenje","status":"publish","type":"post","link":"https:\/\/www.mojevrijeme.hr\/magazin\/2025\/02\/starosna-mirovina-tek-sa-67-godina-slovenija-dize-dob-za-umirovljenje\/","title":{"rendered":"Starosna mirovina tek sa 67 godina, Slovenija di\u017ee dob za umirovljenje"},"content":{"rendered":"\n<p>Pregovori o mirovinskoj reformi u Sloveniji ulaze u drugo poluvrijeme. Pregovara\u010dka skupina ve\u0107 razmatra pojedine \u010dlanke zakona. Radio Slovenija neslu\u017ebeno je do\u0161la do dokumenta koji pokazuje da Vlada namjerava zna\u010dajno intervenirati u uvjete za umirovljenje.<\/p>\n\n\n\n<p>Prema aktualnom prijedlogu, osiguranik \u0107e ste\u0107i pravo na starosnu mirovinu s navr\u0161enih 67 godina \u017eivota, ako pri tome ima najmanje 15 godina mirovinskog sta\u017ea. Za osiguranike s navr\u0161enih 40 godina mirovinskog sta\u017ea bez dokupa, dobna granica za starosnu mirovinu iznosila bi 60 godina i 3 mjeseca u 2028. godini, dok bi do 2034. postupno porasla na 61 godinu i 9 mjeseci. <\/p>\n\n\n\n<p>Postojale bi odre\u0111ene iznimke; dobna granica mogla bi se sniziti na temelju broja ro\u0111ene djece, slu\u017eenja obveznog vojnog roka te ulaska u sustav osiguranja prije 20. godine \u017eivota.<\/p><div id=\"mojev-1934030836\" class=\"mojev-u-tekstu mojev-entity-placement\" style=\"margin-left: auto;margin-right: auto;text-align: center;\"><div class=\"mojev-adlabel\">oglas<\/div><div style=\"height: 250px;\"><script async src=\"https:\/\/pagead2.googlesyndication.com\/pagead\/js\/adsbygoogle.js?client=ca-pub-8106111766207173\"\r\n     crossorigin=\"anonymous\"><\/script>\r\n<!-- Prikazni 1 u tekstu -->\r\n<ins class=\"adsbygoogle\"\r\n     style=\"display:block\"\r\n     data-ad-client=\"ca-pub-8106111766207173\"\r\n     data-ad-slot=\"8535551207\"\r\n     data-ad-format=\"auto\"\r\n     data-full-width-responsive=\"true\"><\/ins>\r\n<script>\r\n     (adsbygoogle = window.adsbygoogle || []).push({});\r\n<\/script><\/div><\/div><br style=\"clear: both; display: block; float: none;\"\/>\n\n\n\n<p>Trenutno se mirovinska osnovica odre\u0111uje na temelju bilo kojih uzastopnih 24 godine radnog sta\u017ea, dok Ministarstvo predla\u017ee da se za osiguranike s 40 i vi\u0161e godina sta\u017ea iz izra\u010duna isklju\u010di pet najnepovoljnijih godina.<\/p>\n\n\n\n<p>Mirovinski faktor bi se pove\u0107avao svake godine; sa sada\u0161njih 63,5 posto za 40 godina sta\u017ea postupno bi rastao, tako da bi na kraju prijelaznog razdoblja dosegao 70 posto. Za osiguranike s 15 godina sta\u017ea, mirovinski faktor bi iznosio 30 posto.<\/p>\n<div id=\"mojev-3556951502\" class=\"mojev-kraj-teksta mojev-entity-placement\" style=\"margin-bottom: 20px;margin-left: auto;margin-right: auto;text-align: center;\"><div class=\"mojev-adlabel\">oglas<\/div><div style=\"height: 250px;\"><script async src=\"https:\/\/pagead2.googlesyndication.com\/pagead\/js\/adsbygoogle.js?client=ca-pub-8106111766207173\"\r\n     crossorigin=\"anonymous\"><\/script>\r\n<!-- Display-1 -->\r\n<ins class=\"adsbygoogle\"\r\n     style=\"display:block\"\r\n     data-ad-client=\"ca-pub-8106111766207173\"\r\n     data-ad-slot=\"1465712950\"\r\n     data-ad-format=\"auto\"\r\n     data-full-width-responsive=\"true\"><\/ins>\r\n<script>\r\n     (adsbygoogle = window.adsbygoogle || []).push({});\r\n<\/script><\/div><\/div>","protected":false},"excerpt":{"rendered":"<p>Pove\u0107anje dobi za umirovljenje europski je trend pa je tako i Hrvatska poku\u0161ala postaviti granicu na 67, ali joj to nije po\u0161lo za rukom. Naime, Vlada je 2019. godine popustila pod vrlo uspje\u0161nom referendumskom inicijativom &#8217;67 je previ\u0161e&#8217;.<\/p>\n","protected":false},"author":1,"featured_media":103702,"comment_status":"closed","ping_status":"closed","sticky":false,"template":"","format":"standard","meta":{"footnotes":""},"categories":[9],"tags":[2706,376],"class_list":["post-127932","post","type-post","status-publish","format-standard","has-post-thumbnail","hentry","category-vijesti","tag-dob-za-umirovljenje","tag-slovenija"],"_links":{"self":[{"href":"https:\/\/www.mojevrijeme.hr\/magazin\/wp-json\/wp\/v2\/posts\/127932","targetHints":{"allow":["GET"]}}],"collection":[{"href":"https:\/\/www.mojevrijeme.hr\/magazin\/wp-json\/wp\/v2\/posts"}],"about":[{"href":"https:\/\/www.mojevrijeme.hr\/magazin\/wp-json\/wp\/v2\/types\/post"}],"author":[{"embeddable":true,"href":"https:\/\/www.mojevrijeme.hr\/magazin\/wp-json\/wp\/v2\/users\/1"}],"replies":[{"embeddable":true,"href":"https:\/\/www.mojevrijeme.hr\/magazin\/wp-json\/wp\/v2\/comments?post=127932"}],"version-history":[{"count":10,"href":"https:\/\/www.mojevrijeme.hr\/magazin\/wp-json\/wp\/v2\/posts\/127932\/revisions"}],"predecessor-version":[{"id":127942,"href":"https:\/\/www.mojevrijeme.hr\/magazin\/wp-json\/wp\/v2\/posts\/127932\/revisions\/127942"}],"wp:featuredmedia":[{"embeddable":true,"href":"https:\/\/www.mojevrijeme.hr\/magazin\/wp-json\/wp\/v2\/media\/103702"}],"wp:attachment":[{"href":"https:\/\/www.mojevrijeme.hr\/magazin\/wp-json\/wp\/v2\/media?parent=127932"}],"wp:term":[{"taxonomy":"category","embeddable":true,"href":"https:\/\/www.mojevrijeme.hr\/magazin\/wp-json\/wp\/v2\/categories?post=127932"},{"taxonomy":"post_tag","embeddable":true,"href":"https:\/\/www.mojevrijeme.hr\/magazin\/wp-json\/wp\/v2\/tags?post=127932"}],"curies":[{"name":"wp","href":"https:\/\/api.w.org\/{rel}","templated":true}]}}