{"id":127995,"date":"2025-02-12T11:23:23","date_gmt":"2025-02-12T10:23:23","guid":{"rendered":"https:\/\/www.mojevrijeme.hr\/magazin\/?p=127995"},"modified":"2025-02-12T12:10:12","modified_gmt":"2025-02-12T11:10:12","slug":"umirovljenica-iz-rijeke-je-zbunjena-radim-a-penalizacija-ostaje","status":"publish","type":"post","link":"https:\/\/www.mojevrijeme.hr\/magazin\/2025\/02\/umirovljenica-iz-rijeke-je-zbunjena-radim-a-penalizacija-ostaje\/","title":{"rendered":"Umirovljenica iz Rijeke je zbunjena: Radim uz mirovinu, a penalizacija ostaje!"},"content":{"rendered":"\n<p>Trajna penalizacija za godine ranijeg umirovljenja bolna je rana hrvatskih umirovljenika. Naime, prema najsvje\u017eijim podacima Hrvatskog zavoda za mirovinsko osiguranje, Hrvatska ispla\u0107uje \u010dak 212.446 prijevremenih starosnih mirovina te 391 prijevremenu starosnu mirovinu zbog ste\u010daja poslodavca.<\/p>\n\n\n\n<p>Jedna od onih koja je oti\u0161la ranije u mirovinu je i umirovljenica koja je savjet zatra\u017eila u Pravnom savjetovali\u0161tu <a href=\"http:\/\/suh.hr\" data-type=\"link\" data-id=\"suh.hr\" target=\"_blank\" rel=\"noreferrer noopener\">Sindikata umirovljenika Hrvatske<\/a> (SUH). Domislila se radom uz mirovinu poni\u0161titi penalizaciju. No je li to zaista mogu\u0107e? <\/p>\n\n\n\n<p>&#8220;Ostvarila sam prijevremenu starosnu mirovinu u 2021. sa 38 godina sta\u017ea i 60 godina \u017eivota, ali sam nastavila raditi na pola radnog vremena. Navr\u0161it \u0107u 64 godine \u017eivota u travnju 2025. (puna starosna za \u017eene u 2025. je ve\u0107 sa 63 godine \u017eivota i 9 mjeseci) pa sam se u HZMO interesirala da li ispunjavam uvjete za punu starosnu mirovinu bez penalizacije&#8221;, ka\u017ee J.C.B. iz Rijeke.<\/p><div id=\"mojev-387201715\" class=\"mojev-u-tekstu mojev-entity-placement\" style=\"margin-left: auto;margin-right: auto;text-align: center;\"><div class=\"mojev-adlabel\">oglas<\/div><div style=\"height: 250px;\"><script async src=\"https:\/\/pagead2.googlesyndication.com\/pagead\/js\/adsbygoogle.js?client=ca-pub-8106111766207173\"\r\n     crossorigin=\"anonymous\"><\/script>\r\n<!-- Prikazni 1 u tekstu -->\r\n<ins class=\"adsbygoogle\"\r\n     style=\"display:block\"\r\n     data-ad-client=\"ca-pub-8106111766207173\"\r\n     data-ad-slot=\"8535551207\"\r\n     data-ad-format=\"auto\"\r\n     data-full-width-responsive=\"true\"><\/ins>\r\n<script>\r\n     (adsbygoogle = window.adsbygoogle || []).push({});\r\n<\/script><\/div><\/div><br style=\"clear: both; display: block; float: none;\"\/>\n\n\n\n<p>U odgovoru kojem je dobila, stoji da joj penalizacija ostaje do\u017eivotno i da \u0107e joj se pribrojiti samo dodatno navr\u0161en sta\u017e osiguranja i vrijednosni bodovi. &#8220;Da li je to to\u010dno? Ako je, mi smo svi dovedeni u te\u0161ku zabludu jer ako se ne skida penalizacija, na\u0161e mirovine ne\u0107e rasti onoliko koliko penalizacija uzme i zna\u010di da smo dalje radili skoro bez ikakve koristi&#8221;, pi\u0161e ova Rije\u010danka i moli dodatno tuma\u010denje.<\/p>\n\n\n\n<p>&#8220;Na\u017ealost, kod prera\u010duna prijevremene starosne mirovine ostaje jednaki polazni faktor za izra\u010dun mirovine, odnosno, jednaka penalizacija&#8221;, odgovaraju pravnici SUH-a. No tra\u010dak nade, \u010dini se, ipak postoji.<\/p>\n\n\n\n<p>&#8220;Trenuta\u010dno je u pripremi novi Zakon o mirovinskom osiguranju i SUH se bori za to da se kod prera\u010duna svih mirovina zbog naknadno navr\u0161enog mirovinskog sta\u017ea, pa i prijevremene starosne mirovine, ukine raniji polazni faktor i primijeni povoljniji. U odnosu na prijevremenu starosnu mirovinu to bi zna\u010dilo da se primijeni ni\u017ea penalizacija, kao i to da se penalizacija potpuno ukine kada korisnik prijevremene starosne mirovine navr\u0161i godine \u017eivota za starosnu mirovinu&#8221;, stoji su odgovoru. Ho\u0107e li taj zahtjev uroditi konkretnim promjenama, trebalo bi biti poznato sredinom godine.<\/p>\n<div id=\"mojev-2807892996\" class=\"mojev-kraj-teksta mojev-entity-placement\" style=\"margin-bottom: 20px;margin-left: auto;margin-right: auto;text-align: center;\"><div class=\"mojev-adlabel\">oglas<\/div><div style=\"height: 250px;\"><script async src=\"https:\/\/pagead2.googlesyndication.com\/pagead\/js\/adsbygoogle.js?client=ca-pub-8106111766207173\"\r\n     crossorigin=\"anonymous\"><\/script>\r\n<!-- Display-1 -->\r\n<ins class=\"adsbygoogle\"\r\n     style=\"display:block\"\r\n     data-ad-client=\"ca-pub-8106111766207173\"\r\n     data-ad-slot=\"1465712950\"\r\n     data-ad-format=\"auto\"\r\n     data-full-width-responsive=\"true\"><\/ins>\r\n<script>\r\n     (adsbygoogle = window.adsbygoogle || []).push({});\r\n<\/script><\/div><\/div>","protected":false},"excerpt":{"rendered":"<p>Prijevremeni umirovljenici nadaju se ukidanju trajne penalizacije. Ho\u0107e li novi zakon donijeti promjene i omogu\u0107iti povoljniji izra\u010dun mirovine onima koji nastave raditi? <\/p>\n","protected":false},"author":1,"featured_media":93968,"comment_status":"closed","ping_status":"closed","sticky":false,"template":"","format":"standard","meta":{"footnotes":""},"categories":[2],"tags":[3498,1000,3000],"class_list":["post-127995","post","type-post","status-publish","format-standard","has-post-thumbnail","hentry","category-mozaik","tag-penalizacija","tag-pravo","tag-prijevremena-mirovina"],"_links":{"self":[{"href":"https:\/\/www.mojevrijeme.hr\/magazin\/wp-json\/wp\/v2\/posts\/127995","targetHints":{"allow":["GET"]}}],"collection":[{"href":"https:\/\/www.mojevrijeme.hr\/magazin\/wp-json\/wp\/v2\/posts"}],"about":[{"href":"https:\/\/www.mojevrijeme.hr\/magazin\/wp-json\/wp\/v2\/types\/post"}],"author":[{"embeddable":true,"href":"https:\/\/www.mojevrijeme.hr\/magazin\/wp-json\/wp\/v2\/users\/1"}],"replies":[{"embeddable":true,"href":"https:\/\/www.mojevrijeme.hr\/magazin\/wp-json\/wp\/v2\/comments?post=127995"}],"version-history":[{"count":8,"href":"https:\/\/www.mojevrijeme.hr\/magazin\/wp-json\/wp\/v2\/posts\/127995\/revisions"}],"predecessor-version":[{"id":128016,"href":"https:\/\/www.mojevrijeme.hr\/magazin\/wp-json\/wp\/v2\/posts\/127995\/revisions\/128016"}],"wp:featuredmedia":[{"embeddable":true,"href":"https:\/\/www.mojevrijeme.hr\/magazin\/wp-json\/wp\/v2\/media\/93968"}],"wp:attachment":[{"href":"https:\/\/www.mojevrijeme.hr\/magazin\/wp-json\/wp\/v2\/media?parent=127995"}],"wp:term":[{"taxonomy":"category","embeddable":true,"href":"https:\/\/www.mojevrijeme.hr\/magazin\/wp-json\/wp\/v2\/categories?post=127995"},{"taxonomy":"post_tag","embeddable":true,"href":"https:\/\/www.mojevrijeme.hr\/magazin\/wp-json\/wp\/v2\/tags?post=127995"}],"curies":[{"name":"wp","href":"https:\/\/api.w.org\/{rel}","templated":true}]}}