{"id":128343,"date":"2025-02-16T13:48:57","date_gmt":"2025-02-16T12:48:57","guid":{"rendered":"https:\/\/www.mojevrijeme.hr\/magazin\/?p=128343"},"modified":"2025-02-16T13:52:59","modified_gmt":"2025-02-16T12:52:59","slug":"sto-kad-vam-netko-posalje-breskvu-ili-patlidzan-oprez-nije-stvar-u-vitaminima","status":"publish","type":"post","link":"https:\/\/www.mojevrijeme.hr\/magazin\/2025\/02\/sto-kad-vam-netko-posalje-breskvu-ili-patlidzan-oprez-nije-stvar-u-vitaminima\/","title":{"rendered":"\u0160to kad vam netko po\u0161alje breskvu ili patlid\u017ean? Oprez, nisu vitamini!"},"content":{"rendered":"\n<p>Svi smo objeru\u010dke prihvatili emotikone, sli\u010dice koje, kao za\u010din, obilno ume\u0107emo u tekstualne poruke i objave na dru\u0161tvenim mre\u017eama da bi pokazali svoje osje\u0107aje ili jednostavno razigrali duge pasuse teksta.<\/p>\n\n\n\n<p>No, ljudi, pogotovo oni starije dobi, ponekad nisu svjesni pop-kulturnih zna\u010denja tih sli\u010dica, pri \u010demu su posebno &#8220;opasni&#8221; breskva i patlid\u017ean. Razmislite, jeste li ih kome slali u zadnje vrijeme? I za\u0161to vam se ta osoba vi\u0161e ne javlja?<\/p>\n\n\n\n<p>Jer, mo\u017eda je baka mislila da je upravo poslala simbol zdravlja, punu virtualnu ko\u0161aricu vitamina i zdravih prehrambenih vlakana, no primatelj bi mogao vidjeti ne\u0161to sasvim drugo. Dapa\u010de, mogao bi se naljutiti, zbuniti, ili pak shvati poruku kao poziv na &#8220;za\u010dinjeniji&#8221; razgovor. Pa \u0161to onda te sli\u010dice zna\u010de u digitalnom slengu?<\/p><div id=\"mojev-2585878900\" class=\"mojev-u-tekstu mojev-entity-placement\" style=\"margin-left: auto;margin-right: auto;text-align: center;\"><div class=\"mojev-adlabel\">oglas<\/div><div style=\"height: 250px;\"><script async src=\"https:\/\/pagead2.googlesyndication.com\/pagead\/js\/adsbygoogle.js?client=ca-pub-8106111766207173\"\r\n     crossorigin=\"anonymous\"><\/script>\r\n<!-- Prikazni 1 u tekstu -->\r\n<ins class=\"adsbygoogle\"\r\n     style=\"display:block\"\r\n     data-ad-client=\"ca-pub-8106111766207173\"\r\n     data-ad-slot=\"8535551207\"\r\n     data-ad-format=\"auto\"\r\n     data-full-width-responsive=\"true\"><\/ins>\r\n<script>\r\n     (adsbygoogle = window.adsbygoogle || []).push({});\r\n<\/script><\/div><\/div><br style=\"clear: both; display: block; float: none;\"\/>\n\n\n\n<h3 class=\"wp-block-heading\">Od obi\u010dnog povr\u0107a do simbola<\/h3>\n\n\n\n<p>Iako je patlid\u017ean nekada bio samo jo\u0161 jedan emotikon u bogatom digitalnom rje\u010dniku iz odjeljka vo\u0107a i povr\u0107a, jo\u0161 su po\u010detkom tisu\u0107lje\u0107a razni <em>online <\/em>magazini po\u010deli su pisati o tome kako je rije\u010d o nesta\u0161noj sli\u010dici koja je posve promijenila na\u010din na koji percipiramo ovu namirnicu. Ne, patlid\u017ean nije samo povr\u0107e koje poti\u010de zdravu probavu, a pri tome nas \u010duva od nakupljanja suvi\u0161nih kilograma.<\/p>\n\n\n\n<p><em>Slateova <\/em>autorica Amanda Hess opisala ga je kao &#8220;dominantni falusni plod Amerike&#8221;, dok je Kathryn Lindsay iz <em>Cosmopolitana <\/em>istaknula kako se patlid\u017ean u samo nekoliko godina kolektivnom odlukom pretvorio u globalni simbol za mu\u0161ki spolni organ. Ljudi su zaista robovi prljave ma\u0161te, zar ne? Dapa\u010de, \u010desto mu se pridru\u017euje emotikon breskve koji simbolizira stra\u017enjicu ili \u017eenske genitalije.<\/p>\n\n\n\n<p>Kako je njegov simbolizam postajao sve poznatiji, emotikon patlid\u017ean na\u0161ao je mjesto i u pop-kulturi. <em>Netflix <\/em>je 2017. godine kupio prava na film pod nazivom &#8220;Patlid\u017ean&#8221;, koji je kasnije preimenovan u &#8220;Paket&#8221;. Tako\u0111er, kozmeti\u010dki brend <em>Lush <\/em>je 2019. godine lansirao kolekciju proizvoda inspiriranih patlid\u017eanom i breskvom, uklju\u010duju\u0107i svoje slavne bombice za kupanje.<\/p>\n\n\n\n<h3 class=\"wp-block-heading\">Trajno naru\u0161ena reputacija breskve i patlid\u017eana<\/h3>\n\n\n\n<p>Zbog svega su i digitalne platforme povremeno uvodile ograni\u010denja u kori\u0161tenju spomenutih emotikona. Posebno su se <em>Instagram <\/em>i <em>Facebook <\/em>istaknuli u poku\u0161ajima da se ovoj nedu\u017enoj vo\u0107ki i ukusnom povr\u0107u povrati naru\u0161eni ugled, ali bez ve\u0107eg uspjeha. Jer, \u0161to narod \u017eeli, to narod dobije, zar ne?<\/p>\n\n\n\n<p>Upravo zbog ovakve uloge u digitalnom jeziku, Ameri\u010dko dru\u0161tvo dijalektologa 2016. godine proglasilo je emotikon patlid\u017eana &#8220;najzna\u010dajnijim emotikonom 2015. godine&#8221;. Stoga, ako vas zasvrbi prst da upotrijebite ba\u0161 patlid\u017ean ili breskvu u poruci koju \u0161aljete, razmislite dva puta. Ili, ako ba\u0161 \u017eelite, uvijek se mo\u017eete praviti da niste znali, zar ne?<\/p>\n\n\n\n<div id=\"crveno\"><\/p>\n\n\n\n<h3 class=\"wp-block-heading\">Zanima nas va\u0161a pri\u010da<\/h3>\n\n\n\n<p>\u017delite li i vi, posve anonimno, podijeliti svoje iskustvo i vi\u0111enje ove teme s nama i na\u0161im \u010ditateljima, mo\u017eete to u\u010diniti putem web obrasca <a rel=\"noreferrer noopener\" href=\"https:\/\/www.mojevrijeme.hr\/magazin\/povjerljivo\/\" target=\"_blank\">Povjerljivo<\/a>. Napi\u0161ite svoju pri\u010du!<\/p>\n\n\n\n<p><\/div>\n<div id=\"mojev-1469121705\" class=\"mojev-kraj-teksta mojev-entity-placement\" style=\"margin-bottom: 20px;margin-left: auto;margin-right: auto;text-align: center;\"><div class=\"mojev-adlabel\">oglas<\/div><div style=\"height: 250px;\"><script async src=\"https:\/\/pagead2.googlesyndication.com\/pagead\/js\/adsbygoogle.js?client=ca-pub-8106111766207173\"\r\n     crossorigin=\"anonymous\"><\/script>\r\n<!-- Display-1 -->\r\n<ins class=\"adsbygoogle\"\r\n     style=\"display:block\"\r\n     data-ad-client=\"ca-pub-8106111766207173\"\r\n     data-ad-slot=\"1465712950\"\r\n     data-ad-format=\"auto\"\r\n     data-full-width-responsive=\"true\"><\/ins>\r\n<script>\r\n     (adsbygoogle = window.adsbygoogle || []).push({});\r\n<\/script><\/div><\/div>","protected":false},"excerpt":{"rendered":"<p>Nemojte se iznenaditi ako, nakon \u0161to nekome po\u0161aljete sli\u010dicu patlid\u017eana ili breskve, razgovor krene u neplaniranom smjeru. Jer rije\u010d je o emotikonima s duboko ukorijenjenim zna\u010denjima u popularnoj kulturi. <\/p>\n","protected":false},"author":1,"featured_media":128351,"comment_status":"closed","ping_status":"closed","sticky":false,"template":"","format":"standard","meta":{"footnotes":""},"categories":[2],"tags":[453,4397],"class_list":["post-128343","post","type-post","status-publish","format-standard","has-post-thumbnail","hentry","category-mozaik","tag-drustvene-mreze","tag-emotikoni"],"_links":{"self":[{"href":"https:\/\/www.mojevrijeme.hr\/magazin\/wp-json\/wp\/v2\/posts\/128343","targetHints":{"allow":["GET"]}}],"collection":[{"href":"https:\/\/www.mojevrijeme.hr\/magazin\/wp-json\/wp\/v2\/posts"}],"about":[{"href":"https:\/\/www.mojevrijeme.hr\/magazin\/wp-json\/wp\/v2\/types\/post"}],"author":[{"embeddable":true,"href":"https:\/\/www.mojevrijeme.hr\/magazin\/wp-json\/wp\/v2\/users\/1"}],"replies":[{"embeddable":true,"href":"https:\/\/www.mojevrijeme.hr\/magazin\/wp-json\/wp\/v2\/comments?post=128343"}],"version-history":[{"count":13,"href":"https:\/\/www.mojevrijeme.hr\/magazin\/wp-json\/wp\/v2\/posts\/128343\/revisions"}],"predecessor-version":[{"id":128357,"href":"https:\/\/www.mojevrijeme.hr\/magazin\/wp-json\/wp\/v2\/posts\/128343\/revisions\/128357"}],"wp:featuredmedia":[{"embeddable":true,"href":"https:\/\/www.mojevrijeme.hr\/magazin\/wp-json\/wp\/v2\/media\/128351"}],"wp:attachment":[{"href":"https:\/\/www.mojevrijeme.hr\/magazin\/wp-json\/wp\/v2\/media?parent=128343"}],"wp:term":[{"taxonomy":"category","embeddable":true,"href":"https:\/\/www.mojevrijeme.hr\/magazin\/wp-json\/wp\/v2\/categories?post=128343"},{"taxonomy":"post_tag","embeddable":true,"href":"https:\/\/www.mojevrijeme.hr\/magazin\/wp-json\/wp\/v2\/tags?post=128343"}],"curies":[{"name":"wp","href":"https:\/\/api.w.org\/{rel}","templated":true}]}}