{"id":128620,"date":"2025-02-19T18:27:26","date_gmt":"2025-02-19T17:27:26","guid":{"rendered":"https:\/\/www.mojevrijeme.hr\/magazin\/?p=128620"},"modified":"2025-02-19T18:28:59","modified_gmt":"2025-02-19T17:28:59","slug":"s-54-sam-krenula-na-fakultet-i-razvela-se-sa-68-zivim-najbolji-zivot","status":"publish","type":"post","link":"https:\/\/www.mojevrijeme.hr\/magazin\/2025\/02\/s-54-sam-krenula-na-fakultet-i-razvela-se-sa-68-zivim-najbolji-zivot\/","title":{"rendered":"S 54 sam krenula na fakultet i razvela se. Sa 68 \u017eivim najbolji \u017eivot"},"content":{"rendered":"\n<p>Amerikanka <strong>Elizabeth Barbour<\/strong> s 54 je godine po\u010dela studirati pravo, \u0161to i nije tipi\u010dan izbor karijere u kasnijoj dobi. \u0160tovi\u0161e, pravo nije imalo nikakve veze ni s njezinim prija\u0161njim zanimanjima; prvo je bila profesionalni model za ruke brenda <em>Lanc\u00f4me<\/em>, a zatim se bavila nekretninama. Zbog promjena na koje se odlu\u010dila njezine su pedesete bile zahtjevne, ali su joj \u0161ezdesete donijele sve \u010demu se nadala, pa i vi\u0161e od toga.<\/p>\n\n\n\n<p>&#8220;Pravni fakultet bio je te\u017eak. Doslovno sam bila u dobi u kojoj su bile i majke mojih kolega. Nisam imala dru\u0161tvo i osje\u0107ala sam se stvarno izolirano. No, bila sam uspje\u0161na i jednom mi je profesor nakon vje\u017ebe pregovaranja rekao da nikad nije imao studenticu koja je ovako vje\u0161to vodila razgovor za stolom.&#8221;<\/p>\n\n\n\n<p>&#8220;Vrijeme sam provodila s odvjetnicima specijaliziranim za obiteljsko pravo te sam po\u010dela naslu\u0107ivati da je to podru\u010dje mog najve\u0107eg zanimanja. No, po zavr\u0161etku studija sta\u017eirala sam u uredu koji se bavio imu\u0107nim klijentima, ali to je bilo samo asistiranje ljudima koji se sva\u0111aju oko novca i to me nije privla\u010dilo.&#8221;<\/p><div id=\"mojev-3701431163\" class=\"mojev-u-tekstu mojev-entity-placement\" style=\"margin-left: auto;margin-right: auto;text-align: center;\"><div class=\"mojev-adlabel\">oglas<\/div><div style=\"height: 250px;\"><script async src=\"https:\/\/pagead2.googlesyndication.com\/pagead\/js\/adsbygoogle.js?client=ca-pub-8106111766207173\"\r\n     crossorigin=\"anonymous\"><\/script>\r\n<!-- Prikazni 1 u tekstu -->\r\n<ins class=\"adsbygoogle\"\r\n     style=\"display:block\"\r\n     data-ad-client=\"ca-pub-8106111766207173\"\r\n     data-ad-slot=\"8535551207\"\r\n     data-ad-format=\"auto\"\r\n     data-full-width-responsive=\"true\"><\/ins>\r\n<script>\r\n     (adsbygoogle = window.adsbygoogle || []).push({});\r\n<\/script><\/div><\/div><br style=\"clear: both; display: block; float: none;\"\/>\n\n\n\n<h3 class=\"wp-block-heading\">Pravosudni ispit sa 60<\/h3>\n\n\n\n<p>Kad je sa 60 godina polo\u017eila i pravosudni ispit, zaposlila se u tvrtki <em>Legal Aid Society<\/em> u rodnom Roanokeu u Virginiji. U me\u0111uvremenu se i razvela. Danas, sa 68 godina, radi na 50 slu\u010dajeva obiteljskog nasilja.<\/p>\n\n\n\n<p>&#8220;Posao je emocionalno zahtjevan, ali me ispunjava. Radim s nevjerojatnim \u017eenama koje su pro\u0161le svakakve neda\u0107e i u jednom trenutku rekle da im je dosta i da su spremne za promjenu. Pru\u017eam im pravnu pomo\u0107 i aktivno sudjelujem u njihovoj tranziciji iz jednog \u017eivotnog razdoblja u drugo. Ispunjava me to&#8221;, rekla je za <a href=\"https:\/\/www.theguardian.com\/lifeandstyle\/health-and-wellbeing\" target=\"_blank\" rel=\"noreferrer noopener\">The Guardian<\/a>.<\/p>\n\n\n\n<p>Barbour je svoju karijeru nazvala spletom sretnih okolnosti. &#8220;Do svoje 54. godine vodila sam opu\u0161ten, ali nikad besciljan \u017eivot. Iako sam bila najstarija od triju sestara, uvijek sam se osje\u0107ala kao jedinica \u0161to je u meni razvilo sna\u017ean osje\u0107aj neovisnosti. Tijekom srednje \u0161kole krajem \u0161ezdesetih i po\u010detkom sedamdesetih sudjelovala sam na skupovima za \u017eenska prava. Nau\u010dila sam da mogu krojiti vlastiti \u017eivotni put.&#8221;<\/p>\n\n\n\n<h3 class=\"wp-block-heading\">Prvi posao kao model za ruke<\/h3>\n\n\n\n<p>&#8220;Dio poruke glasio je da mo\u017eemo ostvariti sve \u0161to \u017eelimo, i\u0107i na pravni fakultet ili postati lije\u010dnice. Ono \u0161to sam ja \u010dula bilo je pak pomalo selektivno; neka budem svoja i radim ono \u0161to volim. To sam i u\u010dinila, ali pritom nisam puno razmi\u0161ljala o karijeri. Tako sam najprije oti\u0161la proputovati Ju\u017enu i Srednju Ameriku, a onda sam dobila prvi pravi posao, i to kao model za ruke u agenciji <em>Ford<\/em> u New Yorku. Potom sam radila kao u <em>Lanc\u00f4meu<\/em>, u vrijeme dok je Isabella Rossellini bila njihovo za\u0161titno lice. Ja sam bila njezine ruke&#8221;, ispri\u010dala je nekoliko zanimljivosti iz tog razdoblja.<\/p>\n\n\n\n<p>Nakon karijere modela za ruke upoznala je (biv\u0161eg) supruga. &#8220;Zajedno smo obnavljali ku\u0107e i prodavali ih, to mi je do\u0161lo kao ne\u0161to prirodno jer dolazim iz obitelji gra\u0111evinara, po\u010dev\u0161i od pradjeda&#8221;, isti\u010de.<\/p>\n\n\n\n<h3 class=\"wp-block-heading\">Hrabro u sudnicu<\/h3>\n\n\n\n<p>Potom se osvrnula na odabir odvjetni\u010dke karijere. &#8220;Odmalena sam bila svjesna nejednakosti. Majka je stalno volontirala, a ja sam je pratila pa smo zajedno dijelile hranu potrebitima. Ve\u0107 kao djevoj\u010dica znala sam da \u017eelim posvojiti dijete. Danas je moja 26-godi\u0161nja k\u0107i hitna medicinska tehni\u010darka. Majka pak ima 92 godine te i dalje volontira u hospiciju.&#8221;<\/p>\n\n\n\n<p>Barbour vjeruje da je napokon prona\u0161la svoje zvanje iako ju je sudnica isprva pla\u0161ila. &#8220;Mama mi je uvijek govorila neka radim ono \u010dega me strah. Tako sam postigla da je danas taj moj strah nestao. Volim svoj ured. Volim svoje klijentice. Ne vidim kraja svojoj karijeri. Ovo je privilegija, a ne posao.&#8221;<\/p>\n\n\n\n<p>Je li i vama \u017eivot nakon pedesete krenuo u nekom novom smjeru? Pi\u0161ite nam, zanima nas va\u0161a pri\u010da.<\/p>\n\n\n\n<div id=\"crveno\"><\/p>\n\n\n\n<h3 class=\"wp-block-heading\">Zanima nas va\u0161a pri\u010da<\/h3>\n\n\n\n<p>\u017delite li i vi, posve anonimno, podijeliti svoje iskustvo i vi\u0111enje ove teme s nama i na\u0161im \u010ditateljima, mo\u017eete to u\u010diniti putem web obrasca <a rel=\"noreferrer noopener\" href=\"https:\/\/www.mojevrijeme.hr\/magazin\/povjerljivo\/\" target=\"_blank\">Povjerljivo<\/a>. Napi\u0161ite svoju pri\u010du!<\/p>\n\n\n\n<p><\/div>\n<div id=\"mojev-2396078022\" class=\"mojev-kraj-teksta mojev-entity-placement\" style=\"margin-bottom: 20px;margin-left: auto;margin-right: auto;text-align: center;\"><div class=\"mojev-adlabel\">oglas<\/div><div style=\"height: 250px;\"><script async src=\"https:\/\/pagead2.googlesyndication.com\/pagead\/js\/adsbygoogle.js?client=ca-pub-8106111766207173\"\r\n     crossorigin=\"anonymous\"><\/script>\r\n<!-- Display-1 -->\r\n<ins class=\"adsbygoogle\"\r\n     style=\"display:block\"\r\n     data-ad-client=\"ca-pub-8106111766207173\"\r\n     data-ad-slot=\"1465712950\"\r\n     data-ad-format=\"auto\"\r\n     data-full-width-responsive=\"true\"><\/ins>\r\n<script>\r\n     (adsbygoogle = window.adsbygoogle || []).push({});\r\n<\/script><\/div><\/div>","protected":false},"excerpt":{"rendered":"<p>Toliko puta \u010dujemo od ljudi koji su pre\u0161li pedesetu da je za njih kasno; kasno za promjenu karijere, izlazak iz lo\u0161eg braka, pomirenje. Ali oni koji naprave te velike \u017eivotne zaokrete dokaz su da se sve mo\u017ee kad se ho\u0107e, ba\u0161 poput 68-godi\u0161nje \u017eene \u010diju pri\u010du pro\u010ditajte u nastavku.<\/p>\n","protected":false},"author":15,"featured_media":128657,"comment_status":"closed","ping_status":"closed","sticky":false,"template":"","format":"standard","meta":{"footnotes":""},"categories":[2],"tags":[1462,4404,676],"class_list":["post-128620","post","type-post","status-publish","format-standard","has-post-thumbnail","hentry","category-mozaik","tag-cjelozivotno-ucenje","tag-karijere","tag-motivacija"],"_links":{"self":[{"href":"https:\/\/www.mojevrijeme.hr\/magazin\/wp-json\/wp\/v2\/posts\/128620","targetHints":{"allow":["GET"]}}],"collection":[{"href":"https:\/\/www.mojevrijeme.hr\/magazin\/wp-json\/wp\/v2\/posts"}],"about":[{"href":"https:\/\/www.mojevrijeme.hr\/magazin\/wp-json\/wp\/v2\/types\/post"}],"author":[{"embeddable":true,"href":"https:\/\/www.mojevrijeme.hr\/magazin\/wp-json\/wp\/v2\/users\/15"}],"replies":[{"embeddable":true,"href":"https:\/\/www.mojevrijeme.hr\/magazin\/wp-json\/wp\/v2\/comments?post=128620"}],"version-history":[{"count":9,"href":"https:\/\/www.mojevrijeme.hr\/magazin\/wp-json\/wp\/v2\/posts\/128620\/revisions"}],"predecessor-version":[{"id":128660,"href":"https:\/\/www.mojevrijeme.hr\/magazin\/wp-json\/wp\/v2\/posts\/128620\/revisions\/128660"}],"wp:featuredmedia":[{"embeddable":true,"href":"https:\/\/www.mojevrijeme.hr\/magazin\/wp-json\/wp\/v2\/media\/128657"}],"wp:attachment":[{"href":"https:\/\/www.mojevrijeme.hr\/magazin\/wp-json\/wp\/v2\/media?parent=128620"}],"wp:term":[{"taxonomy":"category","embeddable":true,"href":"https:\/\/www.mojevrijeme.hr\/magazin\/wp-json\/wp\/v2\/categories?post=128620"},{"taxonomy":"post_tag","embeddable":true,"href":"https:\/\/www.mojevrijeme.hr\/magazin\/wp-json\/wp\/v2\/tags?post=128620"}],"curies":[{"name":"wp","href":"https:\/\/api.w.org\/{rel}","templated":true}]}}