{"id":128749,"date":"2025-02-20T13:27:51","date_gmt":"2025-02-20T12:27:51","guid":{"rendered":"https:\/\/www.mojevrijeme.hr\/magazin\/?p=128749"},"modified":"2025-02-20T13:29:39","modified_gmt":"2025-02-20T12:29:39","slug":"objavljena-je-stopa-uskladivanja-mirovina-u-travnju-stizu-i-zaostaci","status":"publish","type":"post","link":"https:\/\/www.mojevrijeme.hr\/magazin\/2025\/02\/objavljena-je-stopa-uskladivanja-mirovina-u-travnju-stizu-i-zaostaci\/","title":{"rendered":"Objavljena je stopa uskla\u0111ivanja mirovina, u travnju sti\u017eu i zaostaci"},"content":{"rendered":"\n<p>Analiti\u010dar mirovinskog sustava <strong>\u017deljko \u0160emper<\/strong> objavio je izra\u010dun stope uskla\u0111ivanja mirovine, temeljen na najsvje\u017eijim podacima Dr\u017eavnog zavoda za statistiku (DSZ). <\/p>\n\n\n\n<p>&#8220;Danas na Svjetski dan socijalne pravde DSZ je objavio podatke o prosje\u010dnim pla\u0107ama za prosinac; neto 1.361 i bruto 1.877 eura. Prema podacima DZS-a, potro\u0161a\u010dke cijene, odnosno polugodi\u0161nja inflacija, su u drugom polugodi\u0161tu 2024. godine u odnosu na prvo polugodi\u0161te 2024. godine rasle 1,7 posto, a bruto pla\u0107e za 3,6 posto&#8221;, naveo je \u0160emper. <\/p>\n\n\n\n<p>&#8220;Prema trenutno va\u017ee\u0107oj formuli u omjeru 70:30, postotak uskla\u0111ivanja trebao bi iznositi 3,03 posto&#8221;, izra\u010dunao je. No koliko to izgleda kada se preto\u010di u eure?<\/p><div id=\"mojev-1561608411\" class=\"mojev-u-tekstu mojev-entity-placement\" style=\"margin-left: auto;margin-right: auto;text-align: center;\"><div class=\"mojev-adlabel\">oglas<\/div><div style=\"height: 250px;\"><script async src=\"https:\/\/pagead2.googlesyndication.com\/pagead\/js\/adsbygoogle.js?client=ca-pub-8106111766207173\"\r\n     crossorigin=\"anonymous\"><\/script>\r\n<!-- Prikazni 1 u tekstu -->\r\n<ins class=\"adsbygoogle\"\r\n     style=\"display:block\"\r\n     data-ad-client=\"ca-pub-8106111766207173\"\r\n     data-ad-slot=\"8535551207\"\r\n     data-ad-format=\"auto\"\r\n     data-full-width-responsive=\"true\"><\/ins>\r\n<script>\r\n     (adsbygoogle = window.adsbygoogle || []).push({});\r\n<\/script><\/div><\/div><br style=\"clear: both; display: block; float: none;\"\/>\n\n\n\n<p>&#8220;Na prosje\u010dnu mirovinu svih umirovljenika, koja je za prosinac iznosila 554,40 eura, to bi uskla\u0111ivanje sada iznosilo 16,80 eura. Da je Vlada ispunila predizborno obe\u0107anje o izmjeni formule s 70:30 na 85:15, postotak uskla\u0111ivanja bi sada iznosio 3,32 posto, a prosje\u010dan iznos uskla\u0111ivanja bi iznosio 18,41 eura ili samo za 1,61 euro vi\u0161e&#8221;, objavio je \u0160emper. <\/p>\n\n\n\n<p>&#8220;To je jedno veliko <strong>ni\u0161ta <\/strong>i daleko od onog \u0161to o mirovinama ve\u0107 godinu dana obe\u0107avaju premijer Andrej Plenkovi\u0107 i ministar Marin Pileti\u0107&#8221;, komentirao je \u0160emper uz napomenu da je Europska komisija preporu\u010dila Hrvatskoj izmjenu modela uskla\u0111ivanja zbog niskog udjela mirovina u pla\u0107ama u RH.<\/p>\n\n\n\n<p>Slu\u017ebeni podatak o postotku uskla\u0111ivanja mirovina donijeti \u0107e Upravno vije\u0107e Hrvatskog zavoda za mirovinsko osiguranje, a isplata ide u travnju s mirovinom za o\u017eujak i zaostacima za sije\u010danj i velja\u010du.<\/p>\n<div id=\"mojev-3122161890\" class=\"mojev-kraj-teksta mojev-entity-placement\" style=\"margin-bottom: 20px;margin-left: auto;margin-right: auto;text-align: center;\"><div class=\"mojev-adlabel\">oglas<\/div><div style=\"height: 250px;\"><script async src=\"https:\/\/pagead2.googlesyndication.com\/pagead\/js\/adsbygoogle.js?client=ca-pub-8106111766207173\"\r\n     crossorigin=\"anonymous\"><\/script>\r\n<!-- Display-1 -->\r\n<ins class=\"adsbygoogle\"\r\n     style=\"display:block\"\r\n     data-ad-client=\"ca-pub-8106111766207173\"\r\n     data-ad-slot=\"1465712950\"\r\n     data-ad-format=\"auto\"\r\n     data-full-width-responsive=\"true\"><\/ins>\r\n<script>\r\n     (adsbygoogle = window.adsbygoogle || []).push({});\r\n<\/script><\/div><\/div>","protected":false},"excerpt":{"rendered":"<p>Stru\u010dnjak za mirovinski sustav smatra da ni aktualna ni budu\u0107a formula uskla\u0111ivanja mirovina ne\u0107e pomo\u0107i umirovljenicima te da su realni pomaci u velikom neskladu s obe\u0107anjima koja dolaze iz Banskih dvora.<\/p>\n","protected":false},"author":1,"featured_media":128751,"comment_status":"closed","ping_status":"closed","sticky":false,"template":"","format":"standard","meta":{"footnotes":""},"categories":[9],"tags":[18,971,3706],"class_list":["post-128749","post","type-post","status-publish","format-standard","has-post-thumbnail","hentry","category-vijesti","tag-mirovine","tag-uskladivanje-mirovina","tag-zeljko-semper"],"_links":{"self":[{"href":"https:\/\/www.mojevrijeme.hr\/magazin\/wp-json\/wp\/v2\/posts\/128749","targetHints":{"allow":["GET"]}}],"collection":[{"href":"https:\/\/www.mojevrijeme.hr\/magazin\/wp-json\/wp\/v2\/posts"}],"about":[{"href":"https:\/\/www.mojevrijeme.hr\/magazin\/wp-json\/wp\/v2\/types\/post"}],"author":[{"embeddable":true,"href":"https:\/\/www.mojevrijeme.hr\/magazin\/wp-json\/wp\/v2\/users\/1"}],"replies":[{"embeddable":true,"href":"https:\/\/www.mojevrijeme.hr\/magazin\/wp-json\/wp\/v2\/comments?post=128749"}],"version-history":[{"count":4,"href":"https:\/\/www.mojevrijeme.hr\/magazin\/wp-json\/wp\/v2\/posts\/128749\/revisions"}],"predecessor-version":[{"id":128755,"href":"https:\/\/www.mojevrijeme.hr\/magazin\/wp-json\/wp\/v2\/posts\/128749\/revisions\/128755"}],"wp:featuredmedia":[{"embeddable":true,"href":"https:\/\/www.mojevrijeme.hr\/magazin\/wp-json\/wp\/v2\/media\/128751"}],"wp:attachment":[{"href":"https:\/\/www.mojevrijeme.hr\/magazin\/wp-json\/wp\/v2\/media?parent=128749"}],"wp:term":[{"taxonomy":"category","embeddable":true,"href":"https:\/\/www.mojevrijeme.hr\/magazin\/wp-json\/wp\/v2\/categories?post=128749"},{"taxonomy":"post_tag","embeddable":true,"href":"https:\/\/www.mojevrijeme.hr\/magazin\/wp-json\/wp\/v2\/tags?post=128749"}],"curies":[{"name":"wp","href":"https:\/\/api.w.org\/{rel}","templated":true}]}}