{"id":128799,"date":"2025-02-21T07:03:55","date_gmt":"2025-02-21T06:03:55","guid":{"rendered":"https:\/\/www.mojevrijeme.hr\/magazin\/?p=128799"},"modified":"2025-02-21T07:05:50","modified_gmt":"2025-02-21T06:05:50","slug":"kanadski-radnici-kazu-da-moraju-ustedjeti-milijun-eura-za-sigurnu-mirovinu","status":"publish","type":"post","link":"https:\/\/www.mojevrijeme.hr\/magazin\/2025\/02\/kanadski-radnici-kazu-da-moraju-ustedjeti-milijun-eura-za-sigurnu-mirovinu\/","title":{"rendered":"Kanadski radnici ka\u017eu da moraju u\u0161tedjeti milijun eura za sigurnu mirovinu"},"content":{"rendered":"\n<p>Kana\u0111ani vjeruju da \u0107e im za mirovinu u prosjeku trebati 1,54 milijuna dolara (1,03 milijuna eura), \u0161to je manje u odnosu na 1,67 milijuna dolara u 2023. godini, pokazuje novo istra\u017eivanje Banke Montreala. Istra\u017eivanjem je obuhva\u0107eno 1.500 radnika. <\/p>\n\n\n\n<p>Oko 76 posto zaposlenih zabrinuto je da na mirovinskim ra\u010dunima ne\u0107e imati dovoljno u\u0161te\u0111evine za financijski stabilnu i sigurnu mirovinu, a glavni razlog vide u rastu cijena. Istovremeno, 63 posto radnika misli da je inflacija utjecala na njihovu mo\u0107 \u0161tednje za mirovinu. <\/p>\n\n\n\n<p>Radnici su, uglavnom, smanjili druge tro\u0161kove kako bi zadr\u017eali trenutnu razinu \u0161tednje za mirovinu. Manji broj njih je smanjio uplate, dok ih dio planira raditi du\u017ee da bi dostignuli potrebnu svotu. Neku su \u010dak i odustali od mirovinske \u0161tednje. <\/p><div id=\"mojev-2759138662\" class=\"mojev-u-tekstu mojev-entity-placement\" style=\"margin-left: auto;margin-right: auto;text-align: center;\"><div class=\"mojev-adlabel\">oglas<\/div><div style=\"height: 250px;\"><script async src=\"https:\/\/pagead2.googlesyndication.com\/pagead\/js\/adsbygoogle.js?client=ca-pub-8106111766207173\"\r\n     crossorigin=\"anonymous\"><\/script>\r\n<!-- Prikazni 1 u tekstu -->\r\n<ins class=\"adsbygoogle\"\r\n     style=\"display:block\"\r\n     data-ad-client=\"ca-pub-8106111766207173\"\r\n     data-ad-slot=\"8535551207\"\r\n     data-ad-format=\"auto\"\r\n     data-full-width-responsive=\"true\"><\/ins>\r\n<script>\r\n     (adsbygoogle = window.adsbygoogle || []).push({});\r\n<\/script><\/div><\/div><br style=\"clear: both; display: block; float: none;\"\/>\n\n\n\n<p>&#8220;Inflacija jako brine Kana\u0111ane, a nagli rast cijena nakon izlaska gospodarstva iz pandemije o\u0161tar je podsjetnik da inflacija mo\u017ee utjecati na potro\u0161nju, ulaganja i mirovinsku \u0161tednju&#8221;, rekao je Robert Kavcic, vi\u0161i ekonomist u BMO-u.<\/p>\n\n\n\n<p>&#8220;Inflacija bi uvijek trebala biti klju\u010dni faktor pri \u0161tednji i ulaganju za mirovinu, a ako ulaga\u010di imaju zabrinutosti oko utjecaja rasta cijena na njihovu mirovinsku \u0161tednju, moglo bi im pomo\u0107i da potra\u017ee savjet financijskog stru\u010dnjaka&#8221;, dodaje Kavcic.<\/p>\n\n\n\n<p>Kanadski mirovinski sustav je vi\u0161estupan. Dr\u017eavnu mirovinu koja se financira iz poreza dobivaju svi stariji od 65, ako su zadovoljili uvjet du\u017eine boravka u toj zemlji. Takva mirovina ovisi i o drugim prihodima i imovini starije osobe pa njen najvi\u0161i iznos ne mo\u017ee prije\u0107i vrijednost 488 eura. Zbog toga se za siguran \u017eivot u mirovini radnici oslanjaju na kapitalizirane mirovinske \u0161tednje i privatna ulaganja u mirovinske fondove.<\/p>\n<div id=\"mojev-3301107459\" class=\"mojev-kraj-teksta mojev-entity-placement\" style=\"margin-bottom: 20px;margin-left: auto;margin-right: auto;text-align: center;\"><div class=\"mojev-adlabel\">oglas<\/div><div style=\"height: 250px;\"><script async src=\"https:\/\/pagead2.googlesyndication.com\/pagead\/js\/adsbygoogle.js?client=ca-pub-8106111766207173\"\r\n     crossorigin=\"anonymous\"><\/script>\r\n<!-- Display-1 -->\r\n<ins class=\"adsbygoogle\"\r\n     style=\"display:block\"\r\n     data-ad-client=\"ca-pub-8106111766207173\"\r\n     data-ad-slot=\"1465712950\"\r\n     data-ad-format=\"auto\"\r\n     data-full-width-responsive=\"true\"><\/ins>\r\n<script>\r\n     (adsbygoogle = window.adsbygoogle || []).push({});\r\n<\/script><\/div><\/div>","protected":false},"excerpt":{"rendered":"<p>Inflacija je Kana\u0111anima pomrsila planove pa su neki odustali od mirovinske \u0161tednje. Drugi su pak smanjili druge tro\u0161kove, sve kako bi si osigurali pristojan prihod u starosti.<\/p>\n","protected":false},"author":1,"featured_media":101109,"comment_status":"closed","ping_status":"closed","sticky":false,"template":"","format":"standard","meta":{"footnotes":""},"categories":[9],"tags":[424,18,3901],"class_list":["post-128799","post","type-post","status-publish","format-standard","has-post-thumbnail","hentry","category-vijesti","tag-kanada","tag-mirovine","tag-mirovinska-stednja"],"_links":{"self":[{"href":"https:\/\/www.mojevrijeme.hr\/magazin\/wp-json\/wp\/v2\/posts\/128799","targetHints":{"allow":["GET"]}}],"collection":[{"href":"https:\/\/www.mojevrijeme.hr\/magazin\/wp-json\/wp\/v2\/posts"}],"about":[{"href":"https:\/\/www.mojevrijeme.hr\/magazin\/wp-json\/wp\/v2\/types\/post"}],"author":[{"embeddable":true,"href":"https:\/\/www.mojevrijeme.hr\/magazin\/wp-json\/wp\/v2\/users\/1"}],"replies":[{"embeddable":true,"href":"https:\/\/www.mojevrijeme.hr\/magazin\/wp-json\/wp\/v2\/comments?post=128799"}],"version-history":[{"count":11,"href":"https:\/\/www.mojevrijeme.hr\/magazin\/wp-json\/wp\/v2\/posts\/128799\/revisions"}],"predecessor-version":[{"id":128810,"href":"https:\/\/www.mojevrijeme.hr\/magazin\/wp-json\/wp\/v2\/posts\/128799\/revisions\/128810"}],"wp:featuredmedia":[{"embeddable":true,"href":"https:\/\/www.mojevrijeme.hr\/magazin\/wp-json\/wp\/v2\/media\/101109"}],"wp:attachment":[{"href":"https:\/\/www.mojevrijeme.hr\/magazin\/wp-json\/wp\/v2\/media?parent=128799"}],"wp:term":[{"taxonomy":"category","embeddable":true,"href":"https:\/\/www.mojevrijeme.hr\/magazin\/wp-json\/wp\/v2\/categories?post=128799"},{"taxonomy":"post_tag","embeddable":true,"href":"https:\/\/www.mojevrijeme.hr\/magazin\/wp-json\/wp\/v2\/tags?post=128799"}],"curies":[{"name":"wp","href":"https:\/\/api.w.org\/{rel}","templated":true}]}}