{"id":128846,"date":"2025-02-21T21:14:32","date_gmt":"2025-02-21T20:14:32","guid":{"rendered":"https:\/\/www.mojevrijeme.hr\/magazin\/?p=128846"},"modified":"2025-02-22T08:22:18","modified_gmt":"2025-02-22T07:22:18","slug":"draga-ksenija-sin-jedinac-ljubi-stariju-trebam-li-se-umijesati","status":"publish","type":"post","link":"https:\/\/www.mojevrijeme.hr\/magazin\/2025\/02\/draga-ksenija-sin-jedinac-ljubi-stariju-trebam-li-se-umijesati\/","title":{"rendered":"Draga Ksenija: Sin jedinac ljubi stariju, trebam li se umije\u0161ati?"},"content":{"rendered":"\n<p><strong>Draga Ksenija<\/strong>, ne spavam ve\u0107 mjesecima. Prije pola godine sam saznala da se moj sin jedinac spetljao sa starijom, rastavljenom \u017eenom s djetetom. Kad sam ga pitala \u0161to mu to treba, razljutio se i danima nismo razgovarali. Sada ju je po\u010deo dovoditi ku\u0107i, \u0161to sam mu poku\u0161ala zabraniti, ali me nije poslu\u0161ao. Sklonim se svaki put kad ona do\u0111e jer je jednostavno ne mogu podnijeti.<\/p>\n\n\n\n<p>Pri\u017eeljkivala sam sinu neki drugi, sretniji put. Ima 34 godine i voljela bih da zasnuje obitelj blagoslovljenu djecom. Nadala sam se unucima i \u017eivjela za dan kad \u0107u ih mo\u0107i \u010duvati. No, ova njegova partnerica ve\u0107 ima 44 godine i sedmogodi\u0161nje dijete, tako da sve pada vodu.<\/p>\n\n\n\n<p>Ne \u017eelim toliku mr\u017enju u du\u0161i, ali ne mogu se oteti gor\u010dini koja me obuzima. Draga Ksenija, trebam li se umije\u0161ati i nekako to <em>razbucati<\/em> za njegovo dobro ili pustiti pa \u0161to bude? <em>Dotu\u010dena majka<\/em><\/p><div id=\"mojev-1910634488\" class=\"mojev-u-tekstu mojev-entity-placement\" style=\"margin-left: auto;margin-right: auto;text-align: center;\"><div class=\"mojev-adlabel\">oglas<\/div><div style=\"height: 250px;\"><script async src=\"https:\/\/pagead2.googlesyndication.com\/pagead\/js\/adsbygoogle.js?client=ca-pub-8106111766207173\"\r\n     crossorigin=\"anonymous\"><\/script>\r\n<!-- Prikazni 1 u tekstu -->\r\n<ins class=\"adsbygoogle\"\r\n     style=\"display:block\"\r\n     data-ad-client=\"ca-pub-8106111766207173\"\r\n     data-ad-slot=\"8535551207\"\r\n     data-ad-format=\"auto\"\r\n     data-full-width-responsive=\"true\"><\/ins>\r\n<script>\r\n     (adsbygoogle = window.adsbygoogle || []).push({});\r\n<\/script><\/div><\/div><br style=\"clear: both; display: block; float: none;\"\/>\n\n\n\n<h3 class=\"wp-block-heading\">Ksenijin odgovor: Imate sretnog sina, za\u0161to vam to nije dovoljno?<\/h3>\n\n\n\n<p><strong>Draga Dotu\u010dena<\/strong>, \u010dini mi se da vas treba ozbiljno protresti. Da biste ra\u0161\u010distili maglu u vlastitoj glavi, postavite si naglas pitanje: \u017delim li da moje dijete bude sretno ili da ja budem sretna s njegovim izborom? Onda si naglas odgovorite na to pitanje.<\/p>\n\n\n\n<p>Vremena kada su roditelji birali djeci supru\u017enike odavno su iza nas. Odrastao mu\u0161karac sa 34 godine zna \u0161to je za njega dobro i ne treba mu majka da ga vodi kroz \u017eivot. Va\u0161e srce je puno gor\u010dine jer ste napisali cijeli scenarij po kojem va\u0161 sin ne \u017eeli igrati. Ali vi niste ni scenaristica, a jo\u0161 manje ste redateljica tu\u0111ih \u017eivota. \u0160to je najbolje, i sami ste svjesni toga da, \u010dak i kad biste <em>razbucali<\/em> tu vezu, ne biste bili sretniji. Ina\u010de mi ne biste pisali.<\/p>\n\n\n\n<p>\u0160to zapravo zamjerate toj \u017eeni? Na koji na\u010din vas je uvrijedila? Ako je ona prema njemu dobra i ako ga voli, za\u0161to sabotirate njegovu sre\u0107u? Na va\u0161em mjestu bih to \u017eeni pru\u017eila priliku. I bila bih sretna \u0161to imam sretnog sina i ne bih si uni\u0161tavala \u017eivot ne\u010dime \u0161to sam &#8220;izgubila&#8221;, a zapravo je postojalo samo u mojoj ma\u0161ti. <em>Ksenija<\/em><\/p>\n\n\n\n<div id=\"crveno\"><\/p>\n\n\n\n<h3 class=\"wp-block-heading\">Pi\u0161ite Kseniji!<\/h3>\n\n\n\n<p>\u017delite li <strong>anonimno<\/strong> postaviti pitanje i posavjetovati se s na\u0161om kolumnisticom i \u017eivotnom savjetnicom Ksenijom Habunek ili samo ispri\u010dati svoju pri\u010du i vi\u0111enje ove teme, mo\u017eete to u\u010diniti putem internetskog obrasca klikom na <a href=\"https:\/\/www.mojevrijeme.hr\/magazin\/draga-ksenija\/\"><strong>ovu poveznicu<\/strong><\/a>.<\/p>\n\n\n\n<p>Ostala pitanja i Ksenijine odgovore potra\u017eite na <a href=\"https:\/\/www.mojevrijeme.hr\/magazin\/category\/povjerljivo\/draga-ksenija\/\"><strong>ovoj poveznici<\/strong><\/a>.<\/p>\n\n\n\n<p><\/div>\n<div id=\"mojev-2764668651\" class=\"mojev-kraj-teksta mojev-entity-placement\" style=\"margin-bottom: 20px;margin-left: auto;margin-right: auto;text-align: center;\"><div class=\"mojev-adlabel\">oglas<\/div><div style=\"height: 250px;\"><script async src=\"https:\/\/pagead2.googlesyndication.com\/pagead\/js\/adsbygoogle.js?client=ca-pub-8106111766207173\"\r\n     crossorigin=\"anonymous\"><\/script>\r\n<!-- Display-1 -->\r\n<ins class=\"adsbygoogle\"\r\n     style=\"display:block\"\r\n     data-ad-client=\"ca-pub-8106111766207173\"\r\n     data-ad-slot=\"1465712950\"\r\n     data-ad-format=\"auto\"\r\n     data-full-width-responsive=\"true\"><\/ins>\r\n<script>\r\n     (adsbygoogle = window.adsbygoogle || []).push({});\r\n<\/script><\/div><\/div>","protected":false},"excerpt":{"rendered":"<p>Ova veza, koju ne mo\u017ee prihvatiti, po\u010dela je naru\u0161avati njezin du\u0161evni mir i ne zna kako se nositi s tim. Pro\u010ditajte \u0161to joj je odgovorila \u017eivotna savjetnica Ksenija Habunek.<\/p>\n","protected":false},"author":11,"featured_media":128886,"comment_status":"closed","ping_status":"closed","sticky":false,"template":"","format":"standard","meta":{"footnotes":""},"categories":[4133],"tags":[747],"class_list":["post-128846","post","type-post","status-publish","format-standard","has-post-thumbnail","hentry","category-draga-ksenija","tag-razlika-u-godinama"],"_links":{"self":[{"href":"https:\/\/www.mojevrijeme.hr\/magazin\/wp-json\/wp\/v2\/posts\/128846","targetHints":{"allow":["GET"]}}],"collection":[{"href":"https:\/\/www.mojevrijeme.hr\/magazin\/wp-json\/wp\/v2\/posts"}],"about":[{"href":"https:\/\/www.mojevrijeme.hr\/magazin\/wp-json\/wp\/v2\/types\/post"}],"author":[{"embeddable":true,"href":"https:\/\/www.mojevrijeme.hr\/magazin\/wp-json\/wp\/v2\/users\/11"}],"replies":[{"embeddable":true,"href":"https:\/\/www.mojevrijeme.hr\/magazin\/wp-json\/wp\/v2\/comments?post=128846"}],"version-history":[{"count":15,"href":"https:\/\/www.mojevrijeme.hr\/magazin\/wp-json\/wp\/v2\/posts\/128846\/revisions"}],"predecessor-version":[{"id":128897,"href":"https:\/\/www.mojevrijeme.hr\/magazin\/wp-json\/wp\/v2\/posts\/128846\/revisions\/128897"}],"wp:featuredmedia":[{"embeddable":true,"href":"https:\/\/www.mojevrijeme.hr\/magazin\/wp-json\/wp\/v2\/media\/128886"}],"wp:attachment":[{"href":"https:\/\/www.mojevrijeme.hr\/magazin\/wp-json\/wp\/v2\/media?parent=128846"}],"wp:term":[{"taxonomy":"category","embeddable":true,"href":"https:\/\/www.mojevrijeme.hr\/magazin\/wp-json\/wp\/v2\/categories?post=128846"},{"taxonomy":"post_tag","embeddable":true,"href":"https:\/\/www.mojevrijeme.hr\/magazin\/wp-json\/wp\/v2\/tags?post=128846"}],"curies":[{"name":"wp","href":"https:\/\/api.w.org\/{rel}","templated":true}]}}