{"id":129240,"date":"2025-02-26T11:25:44","date_gmt":"2025-02-26T10:25:44","guid":{"rendered":"https:\/\/www.mojevrijeme.hr\/magazin\/?p=129240"},"modified":"2025-02-26T11:41:42","modified_gmt":"2025-02-26T10:41:42","slug":"kvrzice-na-korijenu-mahunarki-su-saveznici-svakog-vrtlara","status":"publish","type":"post","link":"https:\/\/www.mojevrijeme.hr\/magazin\/2025\/02\/kvrzice-na-korijenu-mahunarki-su-saveznici-svakog-vrtlara\/","title":{"rendered":"Kvr\u017eice na korijenu mahunarki su saveznici svakog vrtlara"},"content":{"rendered":"\n<p>Intenzivna poljoprivreda iscrpljuje tlo, li\u0161avaju\u0107i ga hranjivih tvari koje svake godine nadomje\u0161tamo mineralnim gnojivima. Paradoksalno, upravo ta mineralna du\u0161i\u010dna gnojiva, ubrzavanjem razgradnje mrtve organske tvari, ubrzavaju propadanje samoga tla.<\/p>\n\n\n\n<p>No priroda je smislila na\u010dine na koji si vrtlari mogu pobolj\u0161ati tlo, a jedan od najjednostavnijih je ostavljanje korijenja mahunarki (grah, gra\u0161ak, bob, le\u0107a, soja, mahune) u tlu, a nakon \u0161to biljke zavr\u0161e svoj \u017eivotni ciklus. Naime, ove biljke imaju jedinstvenu sposobnost oboga\u0107ivanja tla du\u0161ikom i to onim iz zraka pa tako smanjuju potrebu za mineralnim gnojivima i pobolj\u0161avaju plodnost, ali i strukturu tla.<\/p>\n\n\n\n<p>Mahunarke uspostavljaju simbiotski odnos s bakterijama roda <em>Rhizobium<\/em>, koje \u017eive u kvr\u017eicama na korijenu biljki iz ove botani\u010dke porodice. Te bakterije pretvaraju atmosferski du\u0161ik u oblik koji biljke mogu koristiti. Proces se naziva nitrofiksacija, vezivanje du\u0161ika ili fiksacija du\u0161ika, a zbog njega mahunarke ne zahtijevaju gnojiva bogata du\u0161ikom.<\/p><div id=\"mojev-293756572\" class=\"mojev-u-tekstu mojev-entity-placement\" style=\"margin-left: auto;margin-right: auto;text-align: center;\"><div class=\"mojev-adlabel\">oglas<\/div><div style=\"height: 250px;\"><script async src=\"https:\/\/pagead2.googlesyndication.com\/pagead\/js\/adsbygoogle.js?client=ca-pub-8106111766207173\"\r\n     crossorigin=\"anonymous\"><\/script>\r\n<!-- Prikazni 1 u tekstu -->\r\n<ins class=\"adsbygoogle\"\r\n     style=\"display:block\"\r\n     data-ad-client=\"ca-pub-8106111766207173\"\r\n     data-ad-slot=\"8535551207\"\r\n     data-ad-format=\"auto\"\r\n     data-full-width-responsive=\"true\"><\/ins>\r\n<script>\r\n     (adsbygoogle = window.adsbygoogle || []).push({});\r\n<\/script><\/div><\/div><br style=\"clear: both; display: block; float: none;\"\/>\n\n\n\n<p>\u010cak i nakon \u0161to se biljka posu\u0161i, du\u0161ik ostane vezan u tim du\u0161i\u010dnim kvr\u017eicama pa se njihovom razgradnjom dugotrajno stabilno osloba\u0111a u tlo i budu\u0107im kulturama osigurava klju\u010dno hranjivo. Istovremeno organska materija korijena pobolj\u0161ava strukturu tla, poti\u010de aktivnost korisnih mikroorganizama i poti\u010de prirodno kru\u017eenje hranjivih tvari.<\/p>\n\n\n\n<p>Na\u017ealost, mnogi nisu \u010duli za du\u0161i\u010dne kvr\u017eice i jednu od najkorisnijih simbioza u vrtlarskom svijetu pa nisu rijetke objave u doma\u0107im vrtlarskim grupama u kojima vrtlari amateri, uz objavu fotografije, razglabaju o &#8220;nametniku koji je polo\u017eio jaja na korijen&#8221;. Jo\u0161 je tragi\u010dnije da se u takvim raspravama \u010desto savjetuje i upotreba pesticida, a \u0161to vodi u vi\u0161estruku \u0161tetu \u0161irih razmjera.<\/p>\n\n\n\n<figure class=\"wp-block-image size-large\"><img loading=\"lazy\" decoding=\"async\" width=\"740\" height=\"444\" src=\"https:\/\/www.mojevrijeme.hr\/magazin\/wp-content\/uploads\/2025\/02\/kvrzice-dusicne-740x444.jpg\" alt=\"\" class=\"wp-image-129251\" srcset=\"https:\/\/www.mojevrijeme.hr\/magazin\/wp-content\/uploads\/2025\/02\/kvrzice-dusicne-740x444.jpg 740w, https:\/\/www.mojevrijeme.hr\/magazin\/wp-content\/uploads\/2025\/02\/kvrzice-dusicne-636x382.jpg 636w, https:\/\/www.mojevrijeme.hr\/magazin\/wp-content\/uploads\/2025\/02\/kvrzice-dusicne-768x461.jpg 768w, https:\/\/www.mojevrijeme.hr\/magazin\/wp-content\/uploads\/2025\/02\/kvrzice-dusicne-1536x922.jpg 1536w, https:\/\/www.mojevrijeme.hr\/magazin\/wp-content\/uploads\/2025\/02\/kvrzice-dusicne-1500x900.jpg 1500w, https:\/\/www.mojevrijeme.hr\/magazin\/wp-content\/uploads\/2025\/02\/kvrzice-dusicne-1600x960.jpg 1600w, https:\/\/www.mojevrijeme.hr\/magazin\/wp-content\/uploads\/2025\/02\/kvrzice-dusicne-590x354.jpg 590w, https:\/\/www.mojevrijeme.hr\/magazin\/wp-content\/uploads\/2025\/02\/kvrzice-dusicne-400x240.jpg 400w, https:\/\/www.mojevrijeme.hr\/magazin\/wp-content\/uploads\/2025\/02\/kvrzice-dusicne.jpg 2000w\" sizes=\"auto, (max-width: 740px) 100vw, 740px\" \/><figcaption class=\"wp-element-caption\">Du\u0161i\u010dne kvr\u017eice na korijenu soje (scr: Wonder Corp.\/YT)<\/figcaption><\/figure>\n\n\n\n<h3 class=\"wp-block-heading\">Kako to iskoristiti u vrtu?<\/h3>\n\n\n\n<p>Zbog svega navedenog, jako je va\u017eno da korijen mahunarki ostane u tlu. Agronomi preporu\u010duju podrezivanje, umjesto potpunog \u010dupanja biljaka, bilo da se radi o berbi graha ili uklanjanju posu\u0161enih ostataka drugih mahunarki. Tako\u0111er, nakon mahunarki je dobro saditi kulture koje imaju ve\u0107u potrebu za du\u0161ikom i koje razvijaju veliku lisnu masu, a kako bi se maksimalno iskoristilo oboga\u0107eno tlo.<\/p>\n\n\n\n<p>U naprednijoj poljoprivredi, mahunarke se siju kako bi se zelene biljke zaorale prije cvatnje i obogatile tlo du\u0161ikom. Ta se mjera zove zelena gnojidba. No amaterskim vrtlarima dovoljno je znati da jednostavnim ostavljanjem korijenja mahunarki u tlu, stvaraju bogatije, zdravije i otpornije tlo na kojem \u0107e rasti rodnije, bujnije i zdravije povrtne vrste.<\/p>\n<div id=\"mojev-1219745258\" class=\"mojev-kraj-teksta mojev-entity-placement\" style=\"margin-bottom: 20px;margin-left: auto;margin-right: auto;text-align: center;\"><div class=\"mojev-adlabel\">oglas<\/div><div style=\"height: 250px;\"><script async src=\"https:\/\/pagead2.googlesyndication.com\/pagead\/js\/adsbygoogle.js?client=ca-pub-8106111766207173\"\r\n     crossorigin=\"anonymous\"><\/script>\r\n<!-- Display-1 -->\r\n<ins class=\"adsbygoogle\"\r\n     style=\"display:block\"\r\n     data-ad-client=\"ca-pub-8106111766207173\"\r\n     data-ad-slot=\"1465712950\"\r\n     data-ad-format=\"auto\"\r\n     data-full-width-responsive=\"true\"><\/ins>\r\n<script>\r\n     (adsbygoogle = window.adsbygoogle || []).push({});\r\n<\/script><\/div><\/div>","protected":false},"excerpt":{"rendered":"<p>U suradnji s bakterijama, mahunarke imaju sposobnost koristiti du\u0161ik iz zraka. Taj se proces mo\u017ee koristiti za prirodnu gnojidbu tla u svakom vrtu. <\/p>\n","protected":false},"author":1,"featured_media":129253,"comment_status":"closed","ping_status":"closed","sticky":false,"template":"","format":"standard","meta":{"footnotes":""},"categories":[3497],"tags":[3480,3911,4413],"class_list":["post-129240","post","type-post","status-publish","format-standard","has-post-thumbnail","hentry","category-vrt","tag-gnojidba","tag-mahunarke","tag-zelena-gnojidba"],"_links":{"self":[{"href":"https:\/\/www.mojevrijeme.hr\/magazin\/wp-json\/wp\/v2\/posts\/129240","targetHints":{"allow":["GET"]}}],"collection":[{"href":"https:\/\/www.mojevrijeme.hr\/magazin\/wp-json\/wp\/v2\/posts"}],"about":[{"href":"https:\/\/www.mojevrijeme.hr\/magazin\/wp-json\/wp\/v2\/types\/post"}],"author":[{"embeddable":true,"href":"https:\/\/www.mojevrijeme.hr\/magazin\/wp-json\/wp\/v2\/users\/1"}],"replies":[{"embeddable":true,"href":"https:\/\/www.mojevrijeme.hr\/magazin\/wp-json\/wp\/v2\/comments?post=129240"}],"version-history":[{"count":21,"href":"https:\/\/www.mojevrijeme.hr\/magazin\/wp-json\/wp\/v2\/posts\/129240\/revisions"}],"predecessor-version":[{"id":129267,"href":"https:\/\/www.mojevrijeme.hr\/magazin\/wp-json\/wp\/v2\/posts\/129240\/revisions\/129267"}],"wp:featuredmedia":[{"embeddable":true,"href":"https:\/\/www.mojevrijeme.hr\/magazin\/wp-json\/wp\/v2\/media\/129253"}],"wp:attachment":[{"href":"https:\/\/www.mojevrijeme.hr\/magazin\/wp-json\/wp\/v2\/media?parent=129240"}],"wp:term":[{"taxonomy":"category","embeddable":true,"href":"https:\/\/www.mojevrijeme.hr\/magazin\/wp-json\/wp\/v2\/categories?post=129240"},{"taxonomy":"post_tag","embeddable":true,"href":"https:\/\/www.mojevrijeme.hr\/magazin\/wp-json\/wp\/v2\/tags?post=129240"}],"curies":[{"name":"wp","href":"https:\/\/api.w.org\/{rel}","templated":true}]}}