{"id":129268,"date":"2025-02-26T15:45:33","date_gmt":"2025-02-26T14:45:33","guid":{"rendered":"https:\/\/www.mojevrijeme.hr\/magazin\/?p=129268"},"modified":"2025-02-26T20:04:19","modified_gmt":"2025-02-26T19:04:19","slug":"dok-oni-s-velikim-penzijama-kukaju-mi-smo-si-pametno-ispunile-dane","status":"publish","type":"post","link":"https:\/\/www.mojevrijeme.hr\/magazin\/2025\/02\/dok-oni-s-velikim-penzijama-kukaju-mi-smo-si-pametno-ispunile-dane\/","title":{"rendered":"Dok oni s velikim penzijama kukaju, mi smo si pametno ispunile dane"},"content":{"rendered":"\n<p>U \u017eivotu <strong>umirovljenice Jadranke<\/strong> nema mjesta za gun\u0111ala. Davno je zaklju\u010dila da je takvi samo mogu potezati prema dolje. &#8220;Istina je da nas male mirovine mogu ograni\u010diti u nekim \u017eeljama i htijenjima, ali u na\u0161em dru\u0161tvu ima mnogo onih koji imaju visoka primanja, a neprekidno se \u017eale i kukaju. Na to samo mogu re\u0107i da je sve u stanju duha&#8221;, pi\u0161e nam.<\/p>\n\n\n\n<p>&#8220;Nezadovoljnici koji stalno njurgaju za mene su pogre\u0161no dru\u0161tvo. Ne treba mi velik novac da si dane ispunim onako kako me veseli. Koliko mi na ra\u010dunu treba da u miru pro\u0161etam, pogledam film u kinu i pro\u010ditam dobru knjigu? Minimalno. Pratim i doga\u0111anja u gradu koja su \u010desto besplatna, redovito se dru\u017eim s obitelji, susjedima i prijateljima, volim spremiti fini ru\u010dak. \u010cesto \u010ditam \u0161to me zanima na internetu, a svaki dan preko aplikacije na mobitelu obavezno u\u010dim njema\u010dki s podlogom na engleskom&#8221;, nabraja ova ambiciozna umirovljenica.<\/p>\n\n\n\n<p>\u201dUvijek nekako u\u0161tedim \u010dak i za pokoje putovanje i mogu samo re\u0107i da sam zadovoljna kako sam si poslo\u017eila \u017eivot. Za du\u0161evni mir u \u0161irokom luku izbjegavam dru\u0161tvo onih koji imaju dobru mirovinu, a naporni su jer imaju lo\u0161 karakter. Bez takvih mogu&#8221;, napisala je na kraju pisma. Kako se uz pametne navike i u mirovini mo\u017ee \u017eivjeti &#8220;bolje nego ministar&#8221;, mo\u017eete pro\u010ditati i <a href=\"https:\/\/www.mojevrijeme.hr\/magazin\/2025\/02\/male-navike-uz-koje-cete-i-u-mirovini-zivjeti-kao-ministar\/\">ovdje<\/a>.<\/p><div id=\"mojev-3182225357\" class=\"mojev-u-tekstu mojev-entity-placement\" style=\"margin-left: auto;margin-right: auto;text-align: center;\"><div class=\"mojev-adlabel\">oglas<\/div><div style=\"height: 250px;\"><script async src=\"https:\/\/pagead2.googlesyndication.com\/pagead\/js\/adsbygoogle.js?client=ca-pub-8106111766207173\"\r\n     crossorigin=\"anonymous\"><\/script>\r\n<!-- Prikazni 1 u tekstu -->\r\n<ins class=\"adsbygoogle\"\r\n     style=\"display:block\"\r\n     data-ad-client=\"ca-pub-8106111766207173\"\r\n     data-ad-slot=\"8535551207\"\r\n     data-ad-format=\"auto\"\r\n     data-full-width-responsive=\"true\"><\/ins>\r\n<script>\r\n     (adsbygoogle = window.adsbygoogle || []).push({});\r\n<\/script><\/div><\/div><br style=\"clear: both; display: block; float: none;\"\/>\n\n\n\n<h3 class=\"wp-block-heading\">Nena: Zadovoljna sam \u017eivotom<\/h3>\n\n\n\n<p>Jo\u0161 jedno inspirativno i nadasve pozitivno pismo poslala nam je \u010ditateljica Nena koja je imala dovoljno hrabrosti u mirovini promijeniti \u017eivot i sa suprugom iz grada preseliti na selo. Ve\u0107 njezino predstavljanje u prvoj re\u010denici mnogo govori o stanju njezina duha, kad ka\u017ee: &#8220;Imam 81 godinu i ne osje\u0107am se nimalo staro.&#8221;<\/p>\n\n\n\n<p>Potom opisuje kako su pozitivno do\u017eivjeli prodaju stana na \u0161estom katu grade i preseljenje u ku\u0107icu u cvije\u0107u. &#8220;Bio je to velik potez jer smo kupili samo plac. Potom smo kupili monta\u017enu ku\u0107icu od 90 kvadrata. Imamo dvori\u0161te, raznog vo\u0107a, njegujemo cvije\u0107e, uzgajamo vinovu lozu, a posadimo si i malo povr\u0107a.&#8221;<\/p>\n\n\n\n<p>&#8220;K\u0107eri nam \u017eive u blizini i kad god do\u0111u na kavu, zapute se i u vrt jer i njih veseli \u010deprkati po zemlji. Ako nam se nagomila vanjskog posla ili ne\u0161to ne mo\u017eemo sami, rado nam do\u0111u pomo\u0107i, u svemu su bri\u017ene&#8221;, povjerava nam ova umirovljenica.<\/p>\n\n\n\n<h3 class=\"wp-block-heading\">Na\u010deto zdravlje <\/h3>\n\n\n\n<p>Kako isti\u010de, svakodnevno kuha, a djeca, zet i unuci vole navratiti i zaviriti u lonac pa ostanu na dru\u017eenju. &#8220;Napokon sada i ja \u010de\u0161\u0107e pravim obi\u010dan, ali hranjiv seoski ru\u010dak od svojih namirnica. Kad je lijepo vrijeme jako nas veseli i ro\u0161tiljanje u na\u0161em dvori\u0161tu&#8221;, napisala je.<\/p>\n\n\n\n<p>Ka\u017ee da ima zdravstvenih problema, ali ne \u017eali se. &#8220;Misli s bolesti skre\u0107em na druge zanimacije. Trudim se odr\u017eavati \u010disto\u0107u i red u ku\u0107i, volim ru\u010dni rad, osobito pletenje. Pro\u0161le godine sam dobila diplomu za tre\u0107e mjesto na natjecanju upravo u pletenju. K tome \u0161ivam, vezem, a pomalo i slikam na platnu i svili. Nikada, ba\u0161 nikada mi nije dosadno, niti se imam vremena baviti negativnostima.&#8221;<\/p>\n\n\n\n<h3 class=\"wp-block-heading\">&#8220;Ne bih voljela u dom za starije&#8221;<\/h3>\n\n\n\n<p>Uvijek je, pi\u0161e, nastojala hrabro gledati naprijed, bez jadikovanja i optere\u0107ivanja s nebitnim stvarima. &#8220;Obo\u017eavala sam svoj posao za koji mislim da je najljep\u0161i, ali i najodgovorniji na svijetu. Bila sam, naime, odgojiteljica u vrti\u0107u. Suprug je pak in\u017eenjer kemije te je bio \u010delni \u010dovjek u firmi u kojoj je radio. Sad se i on uz mene bavi vrtom i to mu godi, sretna sam kad vidim kako je ponosan na svoje proizvode&#8221;, doznajemo od gospo\u0111e Nene.<\/p>\n\n\n\n<p>\u017deli \u0161to du\u017ee ostati zdrava, jer, ka\u017ee, ne bi voljela i\u0107i u dom za starije. &#8220;Djeca nas sigurno ne\u0107e na silu dati u dom, ali vidjet \u0107emo \u0161to \u0107e donijeti budu\u0107nost. Za sada je sve kako treba biti i zadovoljna sam. Evo, to je ukratko na\u0161a pri\u010da, svim \u010ditateljima portala MojeVrijeme.hr \u017eelim dug i raznovrstan \u017eivot&#8221;, pi\u0161e ova pozitivna umirovljenica koja nas je podsjetila koliko je i u tre\u0107oj \u017eivotnoj dobi va\u017eno zadr\u017eati vedar duh, prona\u0107i radost u malim stvarima i okru\u017eiti se ljudima koje volimo.<\/p>\n\n\n\n<p>A vi, \u017eivite li &#8220;bolje nego ministar&#8221; ili ste nezadovoljni?<\/p>\n\n\n\n<div id=\"crveno\"><\/p>\n\n\n\n<h3 class=\"wp-block-heading\">Zanima nas va\u0161a pri\u010da<\/h3>\n\n\n\n<p>\u017delite li i vi, posve anonimno, podijeliti svoje iskustvo i vi\u0111enje ove teme s nama i na\u0161im \u010ditateljima, mo\u017eete to u\u010diniti putem web obrasca <a rel=\"noreferrer noopener\" href=\"https:\/\/www.mojevrijeme.hr\/magazin\/povjerljivo\/\" target=\"_blank\">Povjerljivo<\/a>. Napi\u0161ite svoju pri\u010du!<\/p>\n\n\n\n<p><\/div>\n<div id=\"mojev-4271773693\" class=\"mojev-kraj-teksta mojev-entity-placement\" style=\"margin-bottom: 20px;margin-left: auto;margin-right: auto;text-align: center;\"><div class=\"mojev-adlabel\">oglas<\/div><div style=\"height: 250px;\"><script async src=\"https:\/\/pagead2.googlesyndication.com\/pagead\/js\/adsbygoogle.js?client=ca-pub-8106111766207173\"\r\n     crossorigin=\"anonymous\"><\/script>\r\n<!-- Display-1 -->\r\n<ins class=\"adsbygoogle\"\r\n     style=\"display:block\"\r\n     data-ad-client=\"ca-pub-8106111766207173\"\r\n     data-ad-slot=\"1465712950\"\r\n     data-ad-format=\"auto\"\r\n     data-full-width-responsive=\"true\"><\/ins>\r\n<script>\r\n     (adsbygoogle = window.adsbygoogle || []).push({});\r\n<\/script><\/div><\/div>","protected":false},"excerpt":{"rendered":"<p>Nekima je \u010da\u0161a napola puna, dok drugima mo\u017ee izgledati prazna. Svima je jasno da to ne ovisi o stanju na bankovnom ra\u010dunu, ve\u0107 o stanju duha. Dvije na\u0161e umirovljene \u010ditateljice, Jadranka i Nena, pisale su nam na ovu temu i podsjetile nas da radost \u017eivota u tre\u0107oj dobi dolazi od nas samih i nema veze s visinom penzije.<\/p>\n","protected":false},"author":17,"featured_media":102480,"comment_status":"closed","ping_status":"closed","sticky":false,"template":"","format":"standard","meta":{"footnotes":""},"categories":[85],"tags":[35,3271,960],"class_list":["post-129268","post","type-post","status-publish","format-standard","has-post-thumbnail","hentry","category-aktivno-starenje","tag-sreca","tag-uspjesno-starenje","tag-vrtlarstvo"],"_links":{"self":[{"href":"https:\/\/www.mojevrijeme.hr\/magazin\/wp-json\/wp\/v2\/posts\/129268","targetHints":{"allow":["GET"]}}],"collection":[{"href":"https:\/\/www.mojevrijeme.hr\/magazin\/wp-json\/wp\/v2\/posts"}],"about":[{"href":"https:\/\/www.mojevrijeme.hr\/magazin\/wp-json\/wp\/v2\/types\/post"}],"author":[{"embeddable":true,"href":"https:\/\/www.mojevrijeme.hr\/magazin\/wp-json\/wp\/v2\/users\/17"}],"replies":[{"embeddable":true,"href":"https:\/\/www.mojevrijeme.hr\/magazin\/wp-json\/wp\/v2\/comments?post=129268"}],"version-history":[{"count":10,"href":"https:\/\/www.mojevrijeme.hr\/magazin\/wp-json\/wp\/v2\/posts\/129268\/revisions"}],"predecessor-version":[{"id":129285,"href":"https:\/\/www.mojevrijeme.hr\/magazin\/wp-json\/wp\/v2\/posts\/129268\/revisions\/129285"}],"wp:featuredmedia":[{"embeddable":true,"href":"https:\/\/www.mojevrijeme.hr\/magazin\/wp-json\/wp\/v2\/media\/102480"}],"wp:attachment":[{"href":"https:\/\/www.mojevrijeme.hr\/magazin\/wp-json\/wp\/v2\/media?parent=129268"}],"wp:term":[{"taxonomy":"category","embeddable":true,"href":"https:\/\/www.mojevrijeme.hr\/magazin\/wp-json\/wp\/v2\/categories?post=129268"},{"taxonomy":"post_tag","embeddable":true,"href":"https:\/\/www.mojevrijeme.hr\/magazin\/wp-json\/wp\/v2\/tags?post=129268"}],"curies":[{"name":"wp","href":"https:\/\/api.w.org\/{rel}","templated":true}]}}