{"id":129342,"date":"2025-02-27T18:04:14","date_gmt":"2025-02-27T17:04:14","guid":{"rendered":"https:\/\/www.mojevrijeme.hr\/magazin\/?p=129342"},"modified":"2025-02-28T08:32:18","modified_gmt":"2025-02-28T07:32:18","slug":"umirovljenicima-ni-centa-zagreb-financira-samo-udruge-povezane-s-mozemo","status":"publish","type":"post","link":"https:\/\/www.mojevrijeme.hr\/magazin\/2025\/02\/umirovljenicima-ni-centa-zagreb-financira-samo-udruge-povezane-s-mozemo\/","title":{"rendered":"&#8216;Umirovljenicima ni centa, Zagreb financira samo udruge povezane s Mo\u017eemo&#8217;"},"content":{"rendered":"\n<p>Grad je nedavno odlukom u Skup\u0161tini pove\u0107ao cenzus temeljem kojeg se prima gradska nov\u010dana pomo\u0107. Sada je to 6 500 umirovljenika vi\u0161e. Predsjednica Matice umirovljenika <strong>Vi\u0161nja Fortuna<\/strong> to pozdravlja, ali kritizira gradsku vlast zbog lo\u0161eg financiranja umirovljeni\u010dkih udruga.<\/p>\n\n\n\n<p>&#8220;Na\u0161e udruge u posljednje \u010detiri godine nisu dobile kroz projekte niti jedan cent. U isto vrijeme, udruge povezane s Mo\u017eemo su dobile vi\u0161e od 100.000 eura&#8221;, kazala je Fortuna u programu <a href=\"https:\/\/radio.hrt.hr\/radio-sljeme\/vijesti\/kako-zive-zagrebacki-umirovljenici--12031414\" target=\"_blank\" rel=\"noreferrer noopener\">javnog radija<\/a>. No, zamjenica pro\u010delnice Gradskog ureda za socijalnu za\u0161titu <strong>Romana Gali\u0107<\/strong> tvrdi kako pojedine udruge nisu dobile sredstva jer nisu ostvarile uvjete.<\/p>\n\n\n\n<p>Fortunu je zanimalo i za\u0161to umirovljenicima nije prona\u0111en novi prostor kada su se pojedini mjesni odbori prenamijenili u vrti\u0107e. &#8220;Ra\u010dunajmo da negdje oko 4.000 umirovljenika u Gradu Zagrebu na 48 lokacija ima besplatne sadr\u017eaje, neovisno o tome jesu li unutar neke udruge. Bilo koji umirovljenik, koji \u017eeli neki sadr\u017eaj, mo\u017ee se javiti u gerontolo\u0161ke centre i imati besplatan sadr\u017eaj&#8221;, odgovara Gali\u0107.<\/p><div id=\"mojev-655815516\" class=\"mojev-u-tekstu mojev-entity-placement\" style=\"margin-left: auto;margin-right: auto;text-align: center;\"><div class=\"mojev-adlabel\">oglas<\/div><div style=\"height: 250px;\"><script async src=\"https:\/\/pagead2.googlesyndication.com\/pagead\/js\/adsbygoogle.js?client=ca-pub-8106111766207173\"\r\n     crossorigin=\"anonymous\"><\/script>\r\n<!-- Prikazni 1 u tekstu -->\r\n<ins class=\"adsbygoogle\"\r\n     style=\"display:block\"\r\n     data-ad-client=\"ca-pub-8106111766207173\"\r\n     data-ad-slot=\"8535551207\"\r\n     data-ad-format=\"auto\"\r\n     data-full-width-responsive=\"true\"><\/ins>\r\n<script>\r\n     (adsbygoogle = window.adsbygoogle || []).push({});\r\n<\/script><\/div><\/div><br style=\"clear: both; display: block; float: none;\"\/>\n\n\n\n<p>Iz Grada se hvale da zagreba\u010dki umirovljenici imaju pravo na besplatan javni prijevoz; od njih 158.000, \u010dak 112.000 izradilo je besplatan pokaz. Ipak ta je odluka donesena posve prigodno u posljednjoj godini mandata. <\/p>\n<div id=\"mojev-2002492800\" class=\"mojev-kraj-teksta mojev-entity-placement\" style=\"margin-bottom: 20px;margin-left: auto;margin-right: auto;text-align: center;\"><div class=\"mojev-adlabel\">oglas<\/div><div style=\"height: 250px;\"><script async src=\"https:\/\/pagead2.googlesyndication.com\/pagead\/js\/adsbygoogle.js?client=ca-pub-8106111766207173\"\r\n     crossorigin=\"anonymous\"><\/script>\r\n<!-- Display-1 -->\r\n<ins class=\"adsbygoogle\"\r\n     style=\"display:block\"\r\n     data-ad-client=\"ca-pub-8106111766207173\"\r\n     data-ad-slot=\"1465712950\"\r\n     data-ad-format=\"auto\"\r\n     data-full-width-responsive=\"true\"><\/ins>\r\n<script>\r\n     (adsbygoogle = window.adsbygoogle || []).push({});\r\n<\/script><\/div><\/div>","protected":false},"excerpt":{"rendered":"<p>Predsjednicu Matice umirovljenika Hrvatske zanima i za\u0161to umirovljenicima nisu prona\u0111eni novi prostori kad su izba\u010deni iz objekata mjesnih odbora koji su pretvoreni u vrti\u0107e.<\/p>\n","protected":false},"author":1,"featured_media":114167,"comment_status":"closed","ping_status":"closed","sticky":false,"template":"","format":"standard","meta":{"footnotes":""},"categories":[9],"tags":[583,1578,1221,39],"class_list":["post-129342","post","type-post","status-publish","format-standard","has-post-thumbnail","hentry","category-vijesti","tag-matica-umirovljenika-hrvatske","tag-mozemo","tag-visnja-fortuna","tag-zagreb"],"_links":{"self":[{"href":"https:\/\/www.mojevrijeme.hr\/magazin\/wp-json\/wp\/v2\/posts\/129342","targetHints":{"allow":["GET"]}}],"collection":[{"href":"https:\/\/www.mojevrijeme.hr\/magazin\/wp-json\/wp\/v2\/posts"}],"about":[{"href":"https:\/\/www.mojevrijeme.hr\/magazin\/wp-json\/wp\/v2\/types\/post"}],"author":[{"embeddable":true,"href":"https:\/\/www.mojevrijeme.hr\/magazin\/wp-json\/wp\/v2\/users\/1"}],"replies":[{"embeddable":true,"href":"https:\/\/www.mojevrijeme.hr\/magazin\/wp-json\/wp\/v2\/comments?post=129342"}],"version-history":[{"count":7,"href":"https:\/\/www.mojevrijeme.hr\/magazin\/wp-json\/wp\/v2\/posts\/129342\/revisions"}],"predecessor-version":[{"id":129361,"href":"https:\/\/www.mojevrijeme.hr\/magazin\/wp-json\/wp\/v2\/posts\/129342\/revisions\/129361"}],"wp:featuredmedia":[{"embeddable":true,"href":"https:\/\/www.mojevrijeme.hr\/magazin\/wp-json\/wp\/v2\/media\/114167"}],"wp:attachment":[{"href":"https:\/\/www.mojevrijeme.hr\/magazin\/wp-json\/wp\/v2\/media?parent=129342"}],"wp:term":[{"taxonomy":"category","embeddable":true,"href":"https:\/\/www.mojevrijeme.hr\/magazin\/wp-json\/wp\/v2\/categories?post=129342"},{"taxonomy":"post_tag","embeddable":true,"href":"https:\/\/www.mojevrijeme.hr\/magazin\/wp-json\/wp\/v2\/tags?post=129342"}],"curies":[{"name":"wp","href":"https:\/\/api.w.org\/{rel}","templated":true}]}}