{"id":129504,"date":"2025-03-01T19:25:58","date_gmt":"2025-03-01T18:25:58","guid":{"rendered":"https:\/\/www.mojevrijeme.hr\/magazin\/?p=129504"},"modified":"2025-03-01T19:25:59","modified_gmt":"2025-03-01T18:25:59","slug":"njegovala-sam-majku-do-samoga-kraja-a-sad-me-napadaju-sestre","status":"publish","type":"post","link":"https:\/\/www.mojevrijeme.hr\/magazin\/2025\/03\/njegovala-sam-majku-do-samoga-kraja-a-sad-me-napadaju-sestre\/","title":{"rendered":"&#8216;Njegovala sam majku do samoga kraja, a sad me napadaju sestre&#8217;"},"content":{"rendered":"\n<p>Smrt roditelja mo\u017ee predstavljati prekretnicu u obiteljskim odnosima, a gubitak majke ili oca mo\u017ee dodatno potaknuti postoje\u0107e nesuglasice me\u0111u bra\u0107om i sestrama. Nerijetko se doga\u0111a da sukobi oko ostavine, pa i razli\u010diti odnosi s roditeljima, rezultiraju trajnim udaljavanjem i razdorima obitelji.<\/p>\n\n\n\n<p>Posebno su osjetljivi slu\u010dajevi kada je jedan \u010dlan obitelji bio primarni skrbnik roditelja, dok su se ostali distancirali u vrijeme najve\u0107e potrebe, o \u010demu pi\u0161e i jedna \u010ditateljica \u017eivotne savjetnice Abigal Van Buren \u010dije savjete prenose mediji diljem svijeta.<\/p>\n\n\n\n<p>&#8220;Nas smo tri sestre. Majka je preminula pro\u0161le godine nakon te\u0161kog pada. Bila sam njezina njegovateljica i svaki sam dan bila uz njenu postelju. Sestre uop\u0107e nisu razgovarale s njom i to ju je duboko povrijedilo. Imala je demenciju, ali ih je dozivala i \u010desto je pri\u010dala o njima. Sve je to bilo jako tu\u017eno&#8221;, navodi \u010ditateljica.<\/p><div id=\"mojev-1971818289\" class=\"mojev-u-tekstu mojev-entity-placement\" style=\"margin-left: auto;margin-right: auto;text-align: center;\"><div class=\"mojev-adlabel\">oglas<\/div><div style=\"height: 250px;\"><script async src=\"https:\/\/pagead2.googlesyndication.com\/pagead\/js\/adsbygoogle.js?client=ca-pub-8106111766207173\"\r\n     crossorigin=\"anonymous\"><\/script>\r\n<!-- Prikazni 1 u tekstu -->\r\n<ins class=\"adsbygoogle\"\r\n     style=\"display:block\"\r\n     data-ad-client=\"ca-pub-8106111766207173\"\r\n     data-ad-slot=\"8535551207\"\r\n     data-ad-format=\"auto\"\r\n     data-full-width-responsive=\"true\"><\/ins>\r\n<script>\r\n     (adsbygoogle = window.adsbygoogle || []).push({});\r\n<\/script><\/div><\/div><br style=\"clear: both; display: block; float: none;\"\/>\n\n\n\n<p>Kada je majka umrla, najstarija k\u0107i uop\u0107e se nije ni oprostila od nje. &#8220;Nije do\u0161la na sprovod i svima je govorila da nije tu\u017ena zbog maj\u010dine smrti. Moja mla\u0111a sestra je pak zakasnila na sprovod. Nakon toga su me obje napale, vikale su na mene i psovale su me. Bile su ljute zbog sitnica, primjerice zbog toga \u0161to sam na nacrt maj\u010dine osmrtnice stavila djevoja\u010dko prezime svoje starije sestre.&#8221;<\/p>\n\n\n\n<p>Nakon ovog u\u017easnog razvoja doga\u0111aja, \u010ditateljica je prekinula kontakt sa sestrama, ali i s ostatkom obitelji. &#8220;Ne \u017eelim da me i\u0161ta, pa ni obitelj, ve\u017ee sa sestrama. Ne \u017eelim se dovesti u situaciju da opet nasrnu na mene. Te\u0161ko mi je jer sam, da bih se udaljila od sestara, uklonila cijelu obitelj iz \u017eivota. Uz majku sam izgubila sve. Jako sam tu\u017ena. Trebam li napraviti prvi korak prema obitelji?&#8221; pita ova nesretna \u017eena.<\/p>\n\n\n\n<p>Abigail Van Buren joj savjetuje da, zbog navedenog, ne uspostavlja odnos sa sestrama. &#8220;Ako \u017eelite kontaktirati \u0161iru obitelj, u\u010dinite to, ali o\u010dekujte da \u0107e sve \u0161to ka\u017eete do\u0107i do va\u0161ih sestara. A budu\u0107i da su one toliko neugodne, mo\u017eda bi bilo pametnije usmjeriti svoju energiju na produbljivanje prijateljstava s ljudima koji vam pru\u017eaju podr\u0161ku i u \u017eivot vam unose mir&#8221;, stoji u kratkom odgovoru ove \u017eivotne savjetnice.<\/p>\n\n\n\n<div id=\"crveno\"><\/p>\n\n\n\n<h3 class=\"wp-block-heading\">Zanima nas va\u0161a pri\u010da<\/h3>\n\n\n\n<p>\u017delite li i vi, posve anonimno, podijeliti svoje iskustvo i vi\u0111enje ove teme s nama i na\u0161im \u010ditateljima, mo\u017eete to u\u010diniti putem web obrasca <a rel=\"noreferrer noopener\" href=\"https:\/\/www.mojevrijeme.hr\/magazin\/povjerljivo\/\" target=\"_blank\">Povjerljivo<\/a>. Napi\u0161ite svoju pri\u010du!<\/p>\n\n\n\n<p><\/div>\n<div id=\"mojev-2102945700\" class=\"mojev-kraj-teksta mojev-entity-placement\" style=\"margin-bottom: 20px;margin-left: auto;margin-right: auto;text-align: center;\"><div class=\"mojev-adlabel\">oglas<\/div><div style=\"height: 250px;\"><script async src=\"https:\/\/pagead2.googlesyndication.com\/pagead\/js\/adsbygoogle.js?client=ca-pub-8106111766207173\"\r\n     crossorigin=\"anonymous\"><\/script>\r\n<!-- Display-1 -->\r\n<ins class=\"adsbygoogle\"\r\n     style=\"display:block\"\r\n     data-ad-client=\"ca-pub-8106111766207173\"\r\n     data-ad-slot=\"1465712950\"\r\n     data-ad-format=\"auto\"\r\n     data-full-width-responsive=\"true\"><\/ins>\r\n<script>\r\n     (adsbygoogle = window.adsbygoogle || []).push({});\r\n<\/script><\/div><\/div>","protected":false},"excerpt":{"rendered":"<p>Nakon \u0161to je izgubila majku, zbog sukoba sa sestrama udaljila se od cijele obitelji. Ima li smisla pru\u017eati ruku pomirbe prema onima koji su nas ranili u najte\u017eim \u017eivotnim trenucima?<\/p>\n","protected":false},"author":1,"featured_media":129511,"comment_status":"closed","ping_status":"closed","sticky":false,"template":"","format":"standard","meta":{"footnotes":""},"categories":[3552],"tags":[3437,879,3805],"class_list":["post-129504","post","type-post","status-publish","format-standard","has-post-thumbnail","hentry","category-povjerljivo","tag-obiteljski-odnosi","tag-otudenost","tag-sestre"],"_links":{"self":[{"href":"https:\/\/www.mojevrijeme.hr\/magazin\/wp-json\/wp\/v2\/posts\/129504","targetHints":{"allow":["GET"]}}],"collection":[{"href":"https:\/\/www.mojevrijeme.hr\/magazin\/wp-json\/wp\/v2\/posts"}],"about":[{"href":"https:\/\/www.mojevrijeme.hr\/magazin\/wp-json\/wp\/v2\/types\/post"}],"author":[{"embeddable":true,"href":"https:\/\/www.mojevrijeme.hr\/magazin\/wp-json\/wp\/v2\/users\/1"}],"replies":[{"embeddable":true,"href":"https:\/\/www.mojevrijeme.hr\/magazin\/wp-json\/wp\/v2\/comments?post=129504"}],"version-history":[{"count":8,"href":"https:\/\/www.mojevrijeme.hr\/magazin\/wp-json\/wp\/v2\/posts\/129504\/revisions"}],"predecessor-version":[{"id":129513,"href":"https:\/\/www.mojevrijeme.hr\/magazin\/wp-json\/wp\/v2\/posts\/129504\/revisions\/129513"}],"wp:featuredmedia":[{"embeddable":true,"href":"https:\/\/www.mojevrijeme.hr\/magazin\/wp-json\/wp\/v2\/media\/129511"}],"wp:attachment":[{"href":"https:\/\/www.mojevrijeme.hr\/magazin\/wp-json\/wp\/v2\/media?parent=129504"}],"wp:term":[{"taxonomy":"category","embeddable":true,"href":"https:\/\/www.mojevrijeme.hr\/magazin\/wp-json\/wp\/v2\/categories?post=129504"},{"taxonomy":"post_tag","embeddable":true,"href":"https:\/\/www.mojevrijeme.hr\/magazin\/wp-json\/wp\/v2\/tags?post=129504"}],"curies":[{"name":"wp","href":"https:\/\/api.w.org\/{rel}","templated":true}]}}