{"id":129775,"date":"2025-03-05T10:35:00","date_gmt":"2025-03-05T09:35:00","guid":{"rendered":"https:\/\/www.mojevrijeme.hr\/magazin\/?p=129775"},"modified":"2025-03-05T10:35:00","modified_gmt":"2025-03-05T09:35:00","slug":"umiranje-ne-boli-price-iz-stvarnog-zivota-koje-donose-olaksanje-i-brisu-strah","status":"publish","type":"post","link":"https:\/\/www.mojevrijeme.hr\/magazin\/2025\/03\/umiranje-ne-boli-price-iz-stvarnog-zivota-koje-donose-olaksanje-i-brisu-strah\/","title":{"rendered":"Umiranje ne boli: Pri\u010de iz stvarnog \u017eivota koje donose olak\u0161anje i bri\u0161u strah"},"content":{"rendered":"\n<p>Da smrt uslijed postupnog usporavanja \u017eivotnih funkcija ne mora nu\u017eno biti bolna i traumati\u010dna, svjedo\u010dila je na platformi <em>Quora <\/em>njegovateljica koja radi u hospiciju. &#8220;Ve\u0107ina ljudi previ\u0161e gleda kriminalisti\u010dke serije na TV-u pa se uvjeravaju da smrt mora biti pra\u0107ena s velikom dozom boli, a mnogi zami\u0161ljaju i pravi teror. No, ba\u0161 kao \u0161to se mnoge \u017eene prirodno porode, tako i mnogo ljudi umire prirodnom smr\u0107u.&#8221;<\/p>\n\n\n\n<p>&#8220;Jedan stari lije\u010dnik koji je radio sa mnom u hospiciju objasnio mi je da za \u010dovjeka koji ne osje\u0107a zna\u010dajnu bol prije po\u010detka umiranja, postoji vrlo mala vjerojatnost da \u0107e je tada razviti. Smrt sama po sebi nije bolna. Ako je pak netko ozlije\u0111en ili ima ozbiljnu bolest, vjerojatno \u0107e i tijekom samog umiranja trebati pomo\u0107 pri upravljanju boli. Ni toga se ne treba prestravljeno bojati&#8221;, napisala je u odgovoru na pitanje je li smrt doista uvijek bolna ili je tijelo spremno za smrt.<\/p>\n\n\n\n<p>Potom nastavlja: &#8220;Mi koji pru\u017eamo njegu ljudima u hospiciju, \u010dim uo\u010dimo da se bol poja\u010dava, prebacujemo ih s tableta na ko\u017eni flaster ili im dajemo sublingvalnu teku\u0107inu u malim, ali \u010destim dozama kako bi se osje\u0107ali ugodnije. Lijekove protiv bolova mo\u017eemo primjenjivati i intravenozno, ali takve pacijente radije ne ubadamo jer ih to boli&#8221;, isti\u010de i svoj odgovor zaklju\u010duje mi\u0161lju da je svjedo\u010denje takvom kraju \u017eivota duboko iskustvo koje \u010dovjeka, vi\u0161e od bilo \u010dega drugog, mo\u017ee u\u010diniti boljim, mudrijim i ljubaznijim bi\u0107em.<\/p><div id=\"mojev-1319493203\" class=\"mojev-u-tekstu mojev-entity-placement\" style=\"margin-left: auto;margin-right: auto;text-align: center;\"><div class=\"mojev-adlabel\">oglas<\/div><div style=\"height: 250px;\"><script async src=\"https:\/\/pagead2.googlesyndication.com\/pagead\/js\/adsbygoogle.js?client=ca-pub-8106111766207173\"\r\n     crossorigin=\"anonymous\"><\/script>\r\n<!-- Prikazni 1 u tekstu -->\r\n<ins class=\"adsbygoogle\"\r\n     style=\"display:block\"\r\n     data-ad-client=\"ca-pub-8106111766207173\"\r\n     data-ad-slot=\"8535551207\"\r\n     data-ad-format=\"auto\"\r\n     data-full-width-responsive=\"true\"><\/ins>\r\n<script>\r\n     (adsbygoogle = window.adsbygoogle || []).push({});\r\n<\/script><\/div><\/div><br style=\"clear: both; display: block; float: none;\"\/>\n\n\n\n<h3 class=\"wp-block-heading\">Svjedo\u010denje medicinske sestre u mirovini<\/h3>\n\n\n\n<p>&#8220;Punih 35 godina radila sam kao medicinska sestra na hitnoj pomo\u0107i i vidjela ljude kako umiru na gotovo svaki mogu\u0107i na\u010din. No, ve\u0107ina je preminula mirno i zbilja je vrlo mali postotak onih koji umiru u te\u0161koj agoniji, ali i to obi\u010dno traje kratko.&#8221;<\/p>\n\n\n\n<p>Potom je otkrila da je i sama do\u017eivjela iskustvo bliske smrti. I ja i jedan moj dobar prijatelj iskusili smo to, no niti jedno od nas ne sje\u0107a se ba\u0161 ni\u010dega. To ne zna\u010di da odbacujem mogu\u0107nost da su neki ljudi, koji su se iz takvog stanja vratili u \u017eivot, doista do\u017eivjeli prolazak kroz osvijetljen tunel ugode&#8221;, napisala je ova medicinska sestra u mirovini.<\/p>\n\n\n\n<h3 class=\"wp-block-heading\">Djed se sam odjenuo za smrt<\/h3>\n\n\n\n<p>Zanimljivo iskustvo opisala je i \u017eena koja je svjedo\u010dila odlasku vi\u0161e dragih ljudi. &#8220;Ne mislim da je smrt bolna jer sam na licima umiru\u0107ih redovito vidjela izraz mira i to bi mi uvijek unijelo neopisivu toplinu u srce. Iako znam da su oti\u0161li, istovremeno znam da nisu. Vidjela sam kako bolest, strah i bol nestaju u trenu, a sada \u0107u vam ispri\u010dati i ne\u0161to \u0161to \u0107e vas zadiviti.&#8221;<\/p>\n\n\n\n<p>&#8220;Moj 97-godi\u0161nji ujak bio je veliki vjernik \u010dije su molitve \u010desto bile usli\u0161ane. Prije nego \u0161to je preminuo nije bio bolestan niti je osje\u0107ao bol, bio je samo star. \u017divio je u ku\u0107i s velikom obitelji i kad su se spremali ru\u010dati, ro\u0111akinja ga je pozvala da do\u0111e jesti. On joj je odgovorio neka pri\u010deka jer navla\u010di odijelo. Ro\u0111akinja se nasmijala i pitala ga kakvo odijelo usred bijela dana i kamo to misli da ide, a on joj je odgovorio da ide ku\u0107i.&#8221;<\/p>\n\n\n\n<p>&#8220;Shvatila je da je ozbiljan i potpuno priseban te je po\u010dela zvati ostale \u010dlanove obitelji me\u0111u kojima sam bila i ja. Pitala ga je treba li mu ne\u0161to, a on je sa smije\u0161kom odgovorio da ne treba. Zatim je oti\u0161ao u dnevnu sobu, legao na kau\u010d i po\u010deo razgovarati s Bogom. Do tada su se okupili i drugi \u010dlanovi obitelji. On je i dalje razgovarao, smije\u0161io se i nastavio pri\u010dati te naposljetku rekao: &#8216;Bo\u017ee, vidim te, pusti me unutra, molim te.&#8217; Doslovno je pri\u010dao sve do posljednjeg daha. Oti\u0161ao je s osmijehom na licu&#8221;, svjedo\u010di ova \u017eena. To joj je iskustvo, napisala je na kraju ispovijesti, promijenilo \u017eivot tako da se vi\u0161e okrenula duhovnosti.<\/p>\n\n\n\n<h3 class=\"wp-block-heading\">Mama je znala kad je trenutak<\/h3>\n\n\n\n<p>Potom je i jedna k\u0107i potom svjedo\u010dila o spokojnom odlasku majke. &#8220;Mama je bila u bolnici i te\u0161ko bolesna, imala je rak. Jedan dan me nazvala i zamolila da je odvedem ku\u0107i jer \u017eeli umrijeti u svom krevetu. Znala je da uskoro odlazi. Deset dana sam je hranila, njegovala, kupala. Jedne ve\u010deri, dok sam joj donosila ve\u010deru, rekla mi je gdje stoji oporuka. Ujutro je bila budna i ja sam joj u kuhinji pripremila doru\u010dak. Kad sam se vratila, o\u010di su joj bile zatvorene, na usnama joj je titrao blagi osmijeh i znala sam da pre\u0161la ispod duge.&#8221;<\/p>\n\n\n\n<h3 class=\"wp-block-heading\">Tata je umro mami u krilu<\/h3>\n\n\n\n<p>I jedan mu\u0161ki sudionik rasprave svjedo\u010dio je o odlasku svog oca. &#8220;Tata je bio ve\u0107 jako star kad je imao sr\u010dani udar, a mama je krenula zvati hitnu pomo\u0107. Nekako ju je uspio natjerati da mu obe\u0107a da ih ne\u0107e zvati i poslu\u0161ala ga je. Zatim ga je polo\u017eila u krilo, milovala ga po glavi i on je preminuo s nevjerojatnim osmijehom na licu. Ne samo da mu je ispunila \u017eelju, ve\u0107 ga je obasipala ljubavlju do posljednjeg trenutka, zbog \u010dega je umro spokojan. Volio bih i sam imati takvu sre\u0107u!&#8221;<\/p>\n\n\n\n<p>Bojite li se smrti? Kakva su va\u0161a iskustva?<\/p>\n\n\n\n<div id=\"crveno\"><\/p>\n\n\n\n<h3 class=\"wp-block-heading\">Zanima nas va\u0161a pri\u010da<\/h3>\n\n\n\n<p>\u017delite li i vi, posve anonimno, podijeliti svoje iskustvo i vi\u0111enje ove teme s nama i na\u0161im \u010ditateljima, mo\u017eete to u\u010diniti putem web obrasca <a rel=\"noreferrer noopener\" href=\"https:\/\/www.mojevrijeme.hr\/magazin\/povjerljivo\/\" target=\"_blank\">Povjerljivo<\/a>. Napi\u0161ite svoju pri\u010du!<\/p>\n\n\n\n<p><\/div>\n<div id=\"mojev-2693031220\" class=\"mojev-kraj-teksta mojev-entity-placement\" style=\"margin-bottom: 20px;margin-left: auto;margin-right: auto;text-align: center;\"><div class=\"mojev-adlabel\">oglas<\/div><div style=\"height: 250px;\"><script async src=\"https:\/\/pagead2.googlesyndication.com\/pagead\/js\/adsbygoogle.js?client=ca-pub-8106111766207173\"\r\n     crossorigin=\"anonymous\"><\/script>\r\n<!-- Display-1 -->\r\n<ins class=\"adsbygoogle\"\r\n     style=\"display:block\"\r\n     data-ad-client=\"ca-pub-8106111766207173\"\r\n     data-ad-slot=\"1465712950\"\r\n     data-ad-format=\"auto\"\r\n     data-full-width-responsive=\"true\"><\/ins>\r\n<script>\r\n     (adsbygoogle = window.adsbygoogle || []).push({});\r\n<\/script><\/div><\/div>","protected":false},"excerpt":{"rendered":"<p>Smrt, uslijed postupnog usporavanja tjelesnih funkcija, ne mora nu\u017eno biti bolna. Iako mnogi vjeruju da su patnja i traumati\u010dni trenuci neminovni, iskustva pokazuju da ve\u0107ina ljudi ipak umire mirno, bez boli i uz ugodnu smirenost.<\/p>\n","protected":false},"author":17,"featured_media":95859,"comment_status":"closed","ping_status":"closed","sticky":false,"template":"","format":"standard","meta":{"footnotes":""},"categories":[2],"tags":[1195],"class_list":["post-129775","post","type-post","status-publish","format-standard","has-post-thumbnail","hentry","category-mozaik","tag-umiranje"],"_links":{"self":[{"href":"https:\/\/www.mojevrijeme.hr\/magazin\/wp-json\/wp\/v2\/posts\/129775","targetHints":{"allow":["GET"]}}],"collection":[{"href":"https:\/\/www.mojevrijeme.hr\/magazin\/wp-json\/wp\/v2\/posts"}],"about":[{"href":"https:\/\/www.mojevrijeme.hr\/magazin\/wp-json\/wp\/v2\/types\/post"}],"author":[{"embeddable":true,"href":"https:\/\/www.mojevrijeme.hr\/magazin\/wp-json\/wp\/v2\/users\/17"}],"replies":[{"embeddable":true,"href":"https:\/\/www.mojevrijeme.hr\/magazin\/wp-json\/wp\/v2\/comments?post=129775"}],"version-history":[{"count":5,"href":"https:\/\/www.mojevrijeme.hr\/magazin\/wp-json\/wp\/v2\/posts\/129775\/revisions"}],"predecessor-version":[{"id":129845,"href":"https:\/\/www.mojevrijeme.hr\/magazin\/wp-json\/wp\/v2\/posts\/129775\/revisions\/129845"}],"wp:featuredmedia":[{"embeddable":true,"href":"https:\/\/www.mojevrijeme.hr\/magazin\/wp-json\/wp\/v2\/media\/95859"}],"wp:attachment":[{"href":"https:\/\/www.mojevrijeme.hr\/magazin\/wp-json\/wp\/v2\/media?parent=129775"}],"wp:term":[{"taxonomy":"category","embeddable":true,"href":"https:\/\/www.mojevrijeme.hr\/magazin\/wp-json\/wp\/v2\/categories?post=129775"},{"taxonomy":"post_tag","embeddable":true,"href":"https:\/\/www.mojevrijeme.hr\/magazin\/wp-json\/wp\/v2\/tags?post=129775"}],"curies":[{"name":"wp","href":"https:\/\/api.w.org\/{rel}","templated":true}]}}