{"id":130030,"date":"2025-03-07T12:08:57","date_gmt":"2025-03-07T11:08:57","guid":{"rendered":"https:\/\/www.mojevrijeme.hr\/magazin\/?p=130030"},"modified":"2025-03-07T12:10:21","modified_gmt":"2025-03-07T11:10:21","slug":"kad-je-mama-umrla-dom-nam-je-vratio-novac-tek-nakon-prijave","status":"publish","type":"post","link":"https:\/\/www.mojevrijeme.hr\/magazin\/2025\/03\/kad-je-mama-umrla-dom-nam-je-vratio-novac-tek-nakon-prijave\/","title":{"rendered":"&#8216;Kad je mama umrla, dom nam je vratio novac tek nakon prijave&#8217;"},"content":{"rendered":"\n<p>Domovi za stare i nemo\u0107ne napla\u0107uju svoje usluge na mjese\u010dnoj bazi, \u0161to je posve razumljivo. No, \u0161to se doga\u0111a s tim novcem kad \u0161ti\u0107enik u ustanovi boravi manje od punog mjeseca, recimo, pet ili \u0161est dana? <\/p>\n\n\n\n<p>Na\u0161i \u010ditatelji, ka\u017eu nam, imaju razli\u010dita iskustva; dok jedni domovi uredno vra\u0107a novac za neiskori\u0161tene dane u slu\u010daju korisnikove smrti, drugi to odbijaju. Obiteljima to ostavlja gorak okus, a oni uporniji odlu\u010duju se i na tu\u017ebu.<\/p>\n\n\n\n<p>&#8220;Osobno sam imala vrlo lo\u0161e iskustvo s jednim zagreba\u010dkim domom za starije gdje sam smjestila majku. Na prvi pogled sve je djelovalo \u010disto i uredno, ali stvarnost je bila sasvim druga\u010dija. Prvi \u0161ok do\u017eivjela sam kad sam vidjela da su je smjestili na pokvaren krevet, a na primjedbu je osoblje bilo vrlo neljubazno. Nije mi dugo trebalo da shvatim i da su nezainteresirani za korisnike&#8221;, pi\u0161e nam \u010ditateljica koja je \u017eeljela ostati anonimna.<\/p><div id=\"mojev-4162224530\" class=\"mojev-u-tekstu mojev-entity-placement\" style=\"margin-left: auto;margin-right: auto;text-align: center;\"><div class=\"mojev-adlabel\">oglas<\/div><div style=\"height: 250px;\"><script async src=\"https:\/\/pagead2.googlesyndication.com\/pagead\/js\/adsbygoogle.js?client=ca-pub-8106111766207173\"\r\n     crossorigin=\"anonymous\"><\/script>\r\n<!-- Prikazni 1 u tekstu -->\r\n<ins class=\"adsbygoogle\"\r\n     style=\"display:block\"\r\n     data-ad-client=\"ca-pub-8106111766207173\"\r\n     data-ad-slot=\"8535551207\"\r\n     data-ad-format=\"auto\"\r\n     data-full-width-responsive=\"true\"><\/ins>\r\n<script>\r\n     (adsbygoogle = window.adsbygoogle || []).push({});\r\n<\/script><\/div><\/div><br style=\"clear: both; display: block; float: none;\"\/>\n\n\n\n<h3 class=\"wp-block-heading\">Povrat 800 eura uz prijavu<\/h3>\n\n\n\n<p>&#8220;Ve\u0107 sutradan sam uvidjela i da je mama dehidrirana, a na\u017ealost, preminula je nakon samo 60 sati boravka u tom domu. Uplatu od tisu\u0107u eura, koju smo uredno izvr\u0161ili unaprijed, dom je poku\u0161ao zadr\u017eati, unato\u010d \u010dinjenici da je mama usluge koristila svega <strong>dva i pol dana<\/strong>. Tu nismo htjeli popustiti i tek nakon \u0161to smo slu\u010daj prijavili nadle\u017enim institucijama i ulo\u017eili puno truda, uspjeli smo <strong>vratiti 800 eura<\/strong>&#8220;, isti\u010de nadalje.<\/p>\n\n\n\n<p>Potom ova nezadovoljna \u010ditateljica zaklju\u010duje: &#8220;Smatram da bi vanjske kontrole trebale biti \u010de\u0161\u0107e i tada domovi za starije i nemo\u0107ne ne bi mogli raditi kako im se prohtije, bez ikakvih posljedica. Ovo \u0161to pi\u0161em je tu\u017eno, ali na\u017ealost istinito.&#8221; Sli\u010dno iskustvo imala je i \u010ditateljica Tanja, \u010dije iskustvo smo objavili u pri\u010di &#8220;<a href=\"https:\/\/www.mojevrijeme.hr\/magazin\/2025\/02\/tanja-65-dom-sam-morala-platiti-dvaput-po-1-500-eura-za-isti-mjesec\/\">Dom sam morala platiti dvaput po 1.500 eura za isti mjesec<\/a>&#8220;.<\/p>\n\n\n\n<h3 class=\"wp-block-heading\">Pozitivno iskustvo<\/h3>\n\n\n\n<p>Sasvim druga\u010dije iskustvo imala je na\u0161a<strong> \u010ditateljica Marija<\/strong> s jednim privatnim domom u Sisa\u010dko-moslava\u010dkoj \u017eupaniji. &#8220;Moja danas pokojna majka oboljela je od raka. Kad je predosjetila da joj se bli\u017ei kraj, inzistirala je da je smjestimo u dom za starije i nemo\u0107ne. Iako brat, sestra i ja nismo bili skloni toj odluci i ponudili smo joj da \u0107emo mi brinuti za nju, ona to nikako nije prihva\u0107ala, ponajvi\u0161e zbog brata&#8221;, opisuje situaciju gospo\u0111a Marija.<\/p>\n\n\n\n<p>Na kraju su popustili i majku smjestili u dom. Nisu po\u017ealili. &#8220;U tom su domu majka do\u010dekali s puno topline. Osoblje je bilo iznimno ljubazno, pazili su je i mazili. Majka nam je i sama govorila da joj je tamo predivno i da se osje\u0107a sigurno i zbrinuto.&#8221;<\/p>\n\n\n\n<p>&#8220;Na\u017ealost, preminula je nakon samo 14 dana. U tom su domu bili toliko po\u0161teni da su nam uredno vratili razliku za dane koje mama nije provela tamo, <strong>bez ikakvih problema<\/strong>. Dom je bio privatni, a na\u0161e iskustvo s njim iznimno pozitivno, unato\u010d tu\u017enom ishodu&#8221;, svjedo\u010di gospo\u0111a Marija.<\/p>\n\n\n\n<p>Kakva su va\u0161a iskustva s nekim od domova za starije?<\/p>\n\n\n\n<div id=\"crveno\"><\/p>\n\n\n\n<h3 class=\"wp-block-heading\">Zanima nas va\u0161a pri\u010da<\/h3>\n\n\n\n<p>\u017delite li i vi, posve anonimno, podijeliti svoje iskustvo i vi\u0111enje ove teme s nama i na\u0161im \u010ditateljima, mo\u017eete to u\u010diniti putem web obrasca <a rel=\"noreferrer noopener\" href=\"https:\/\/www.mojevrijeme.hr\/magazin\/povjerljivo\/\" target=\"_blank\">Povjerljivo<\/a>. Napi\u0161ite svoju pri\u010du!<\/p>\n\n\n\n<p><\/div>\n<div id=\"mojev-109977959\" class=\"mojev-kraj-teksta mojev-entity-placement\" style=\"margin-bottom: 20px;margin-left: auto;margin-right: auto;text-align: center;\"><div class=\"mojev-adlabel\">oglas<\/div><div style=\"height: 250px;\"><script async src=\"https:\/\/pagead2.googlesyndication.com\/pagead\/js\/adsbygoogle.js?client=ca-pub-8106111766207173\"\r\n     crossorigin=\"anonymous\"><\/script>\r\n<!-- Display-1 -->\r\n<ins class=\"adsbygoogle\"\r\n     style=\"display:block\"\r\n     data-ad-client=\"ca-pub-8106111766207173\"\r\n     data-ad-slot=\"1465712950\"\r\n     data-ad-format=\"auto\"\r\n     data-full-width-responsive=\"true\"><\/ins>\r\n<script>\r\n     (adsbygoogle = window.adsbygoogle || []).push({});\r\n<\/script><\/div><\/div>","protected":false},"excerpt":{"rendered":"<p>Smje\u0161taj starijih osoba u dom \u010desto je te\u0161ka odluka za obitelj, a iskustva s takvim ustanovama su vrlo razli\u010dita, o \u010demu nam gotovo svakodnevno pi\u0161u na\u0161i \u010ditatelji. Pro\u010ditajte dva posve razli\u010dita iskustva oko iste situacije.<\/p>\n","protected":false},"author":17,"featured_media":117624,"comment_status":"closed","ping_status":"closed","sticky":false,"template":"","format":"standard","meta":{"footnotes":""},"categories":[3552],"tags":[3828,17],"class_list":["post-130030","post","type-post","status-publish","format-standard","has-post-thumbnail","hentry","category-povjerljivo","tag-dom-umirovljenika","tag-novac"],"_links":{"self":[{"href":"https:\/\/www.mojevrijeme.hr\/magazin\/wp-json\/wp\/v2\/posts\/130030","targetHints":{"allow":["GET"]}}],"collection":[{"href":"https:\/\/www.mojevrijeme.hr\/magazin\/wp-json\/wp\/v2\/posts"}],"about":[{"href":"https:\/\/www.mojevrijeme.hr\/magazin\/wp-json\/wp\/v2\/types\/post"}],"author":[{"embeddable":true,"href":"https:\/\/www.mojevrijeme.hr\/magazin\/wp-json\/wp\/v2\/users\/17"}],"replies":[{"embeddable":true,"href":"https:\/\/www.mojevrijeme.hr\/magazin\/wp-json\/wp\/v2\/comments?post=130030"}],"version-history":[{"count":8,"href":"https:\/\/www.mojevrijeme.hr\/magazin\/wp-json\/wp\/v2\/posts\/130030\/revisions"}],"predecessor-version":[{"id":130044,"href":"https:\/\/www.mojevrijeme.hr\/magazin\/wp-json\/wp\/v2\/posts\/130030\/revisions\/130044"}],"wp:featuredmedia":[{"embeddable":true,"href":"https:\/\/www.mojevrijeme.hr\/magazin\/wp-json\/wp\/v2\/media\/117624"}],"wp:attachment":[{"href":"https:\/\/www.mojevrijeme.hr\/magazin\/wp-json\/wp\/v2\/media?parent=130030"}],"wp:term":[{"taxonomy":"category","embeddable":true,"href":"https:\/\/www.mojevrijeme.hr\/magazin\/wp-json\/wp\/v2\/categories?post=130030"},{"taxonomy":"post_tag","embeddable":true,"href":"https:\/\/www.mojevrijeme.hr\/magazin\/wp-json\/wp\/v2\/tags?post=130030"}],"curies":[{"name":"wp","href":"https:\/\/api.w.org\/{rel}","templated":true}]}}