{"id":130148,"date":"2025-03-08T13:37:15","date_gmt":"2025-03-08T12:37:15","guid":{"rendered":"https:\/\/www.mojevrijeme.hr\/magazin\/?p=130148"},"modified":"2025-03-08T13:50:15","modified_gmt":"2025-03-08T12:50:15","slug":"ljubav-u-izmaglici-nigella-je-kraljica-poludivljih-cvjetnih-gredica","status":"publish","type":"post","link":"https:\/\/www.mojevrijeme.hr\/magazin\/2025\/03\/ljubav-u-izmaglici-nigella-je-kraljica-poludivljih-cvjetnih-gredica\/","title":{"rendered":"Ljubav u izmaglici: Nigella je kraljica poludivljih cvjetnih gredica"},"content":{"rendered":"\n<p>Jedna od najpopularnijih vrsta za cvjetne mje\u0161avine sjemena jest <em>Nigella damascena<\/em>. Bilo da kupujete &#8220;cvjetnu livadu u vre\u0107ici&#8221; u Njema\u010dkoj, Engleskoj ili \u0160vedskoj, gotovo je sigurno da \u0107e u njoj biti ova vrsta. Razlog je taj \u0161to je uzgoj iznimno jednostavan, privla\u010di opra\u0161iva\u010de, ali i \u010dinjenica da <em>Nigella <\/em>malo koga ostavlja ravnodu\u0161nim. Uz to, ova biljka iz botani\u010dke porodice \u017eabnjaka <em>(Ranunculaceae) <\/em>je, uglavnom, otporna na bolesti i \u0161tetnike.<\/p>\n\n\n\n<p>U na\u0161em jeziku nazivaju je crnjikom ili dama\u0161\u0107anskom crnjikom, no u germanskih naroda ona je &#8220;de\u010dko u zelenom&#8221; ili &#8220;djevojka u zelenom&#8221;, negdje je i &#8220;Katarinin cvijet&#8221; Mo\u017eda su joj najpoznatije narodno ime nadjenuli Englezi koji je zovu &#8220;ljubav u izmaglici&#8221; i to zbog delikatnog paperjastog li\u0161\u0107a u kojem su se ugnijezdili upe\u010datljivi plavi cvjetovi s nje\u017enim i prozra\u010dnim pricvjetnim listovima. Jednom kad je vidite, crnjiku \u0107ete uvijek prepoznati po tim detaljima. Postoje i kultivari s cvjetovima u ljubi\u010dastim, ru\u017ei\u010dastim i bijelim nijansama, jednostavnih ili punih cvjetova.<\/p>\n\n\n\n<p><em>Nigella<\/em> je kratko\u017eivu\u0107a biljka koja \u010desto ne pre\u017eivi cijelu sezonu, ali se lako sama zasijava pa se u sezoni na gredici izmjeni nekoliko generacija. Posebno je pogodna za &#8220;poludivlje&#8221; cvjetne gredice, rustikalne vrtove, organske vrtove u kojima privla\u010di p\u010dele i bumbare, ali i kultivirane cvjetne livade. Naraste do 60 centimetara u visinu.<\/p><div id=\"mojev-979407736\" class=\"mojev-u-tekstu mojev-entity-placement\" style=\"margin-left: auto;margin-right: auto;text-align: center;\"><div class=\"mojev-adlabel\">oglas<\/div><div style=\"height: 250px;\"><script async src=\"https:\/\/pagead2.googlesyndication.com\/pagead\/js\/adsbygoogle.js?client=ca-pub-8106111766207173\"\r\n     crossorigin=\"anonymous\"><\/script>\r\n<!-- Prikazni 1 u tekstu -->\r\n<ins class=\"adsbygoogle\"\r\n     style=\"display:block\"\r\n     data-ad-client=\"ca-pub-8106111766207173\"\r\n     data-ad-slot=\"8535551207\"\r\n     data-ad-format=\"auto\"\r\n     data-full-width-responsive=\"true\"><\/ins>\r\n<script>\r\n     (adsbygoogle = window.adsbygoogle || []).push({});\r\n<\/script><\/div><\/div><br style=\"clear: both; display: block; float: none;\"\/>\n\n\n\n<p>Vrlo je vjerojatno da \u0107e se, nakon prvotne sjetve, sama zasijati i da \u0107e sjeme pre\u017eivjeti zimu pa \u0107e se u cvjetnjacima i povrtnjacima udoma\u0107iti kao samonikla vrsta. Va\u017eno je znati da svi dijelovi biljke sadr\u017ee otrovan alkaloid <em>damascenin<\/em>, no nisu poznati slu\u010dajevi fatalnog trovanja ovom cvjetnicom.<\/p>\n\n\n\n<h3 class=\"wp-block-heading\">Sjetva<\/h3>\n\n\n\n<p>Sjeme se sije u rano prolje\u0107e kad temperatura tla dosegne 16\u00b0C. Vrijeme klijanja mu je od 10 dana do \u010dak tri tjedna. Biljka ne tolerira presa\u0111ivanje pa je izravna sjetva na gredice jedina opcija. Idealna temperatura za rast je izme\u0111u 18\u00b0C i 22\u00b0C.<\/p>\n\n\n\n<h3 class=\"wp-block-heading\">Pozicija<\/h3>\n\n\n\n<p>Za najbolju cvatnju crnjiku sijte na osun\u010dana mjesta. Dobro podnosi i polusjenu, ali \u0107e tada manje cvasti.<\/p>\n\n\n\n<h3 class=\"wp-block-heading\">Tlo<\/h3>\n\n\n\n<p>Iako nije osobito zahtjevna, najbolje uspijeva u plodnom, hranjivom tlu neutralnog pH faktora. Preferira vla\u017eno, pjeskovito tlo, ali podnosi i ne\u0161to su\u0161nije uvjete te razli\u010dite vrste tla poput ilova\u010de, gline i \u0161ljunka.<\/p>\n\n\n\n<h3 class=\"wp-block-heading\">Zalijevanje<\/h3>\n\n\n\n<p>Crnjika voli konstantno vla\u017eno tlo. Zalijevajte ju temeljito, ali umjereno, tako da gornjih nekoliko centimetara tla uvijek ostane dobro natopljeno.<\/p>\n\n\n\n<figure class=\"wp-block-image size-large\"><img loading=\"lazy\" decoding=\"async\" width=\"740\" height=\"444\" src=\"https:\/\/www.mojevrijeme.hr\/magazin\/wp-content\/uploads\/2025\/03\/nigella-plod-740x444.jpg\" alt=\"\" class=\"wp-image-130164\" srcset=\"https:\/\/www.mojevrijeme.hr\/magazin\/wp-content\/uploads\/2025\/03\/nigella-plod-740x444.jpg 740w, https:\/\/www.mojevrijeme.hr\/magazin\/wp-content\/uploads\/2025\/03\/nigella-plod-636x382.jpg 636w, https:\/\/www.mojevrijeme.hr\/magazin\/wp-content\/uploads\/2025\/03\/nigella-plod-768x461.jpg 768w, https:\/\/www.mojevrijeme.hr\/magazin\/wp-content\/uploads\/2025\/03\/nigella-plod-1536x922.jpg 1536w, https:\/\/www.mojevrijeme.hr\/magazin\/wp-content\/uploads\/2025\/03\/nigella-plod-1500x900.jpg 1500w, https:\/\/www.mojevrijeme.hr\/magazin\/wp-content\/uploads\/2025\/03\/nigella-plod-1600x960.jpg 1600w, https:\/\/www.mojevrijeme.hr\/magazin\/wp-content\/uploads\/2025\/03\/nigella-plod-590x354.jpg 590w, https:\/\/www.mojevrijeme.hr\/magazin\/wp-content\/uploads\/2025\/03\/nigella-plod-400x240.jpg 400w, https:\/\/www.mojevrijeme.hr\/magazin\/wp-content\/uploads\/2025\/03\/nigella-plod.jpg 2000w\" sizes=\"auto, (max-width: 740px) 100vw, 740px\" \/><figcaption class=\"wp-element-caption\">Nigella damascena, plod (foto: Matthias B\u00f6ckel\/Pixabay)<\/figcaption><\/figure>\n\n\n\n<h3 class=\"wp-block-heading\">Gnojidba<\/h3>\n\n\n\n<p>Jednom mjese\u010dno primijeniti univerzalno mineralno gnojivo za cvjetnice prema uputama proizvo\u0111a\u010da.<\/p>\n\n\n\n<h3 class=\"wp-block-heading\">Uklanjanje ocvalih cvjetova<\/h3>\n\n\n\n<p>Redovito uklanjanje ocvalih cvjetova produ\u017euje cvatnju, no tada biljke ne\u0107e razviti mjehuraste sjemenske \u010dahure s &#8220;rogovima&#8221; koje su, tako\u0111er, vrlo dekorativne i koje \u010desto nalazimo u suhim aran\u017emanima. Crnjika se lako sama zasijava pa je po\u017eeljno prorje\u0111ivanje mladih biljaka kako bi se sprije\u010dila prenapu\u010denost.<\/p>\n<div id=\"mojev-2969468968\" class=\"mojev-kraj-teksta mojev-entity-placement\" style=\"margin-bottom: 20px;margin-left: auto;margin-right: auto;text-align: center;\"><div class=\"mojev-adlabel\">oglas<\/div><div style=\"height: 250px;\"><script async src=\"https:\/\/pagead2.googlesyndication.com\/pagead\/js\/adsbygoogle.js?client=ca-pub-8106111766207173\"\r\n     crossorigin=\"anonymous\"><\/script>\r\n<!-- Display-1 -->\r\n<ins class=\"adsbygoogle\"\r\n     style=\"display:block\"\r\n     data-ad-client=\"ca-pub-8106111766207173\"\r\n     data-ad-slot=\"1465712950\"\r\n     data-ad-format=\"auto\"\r\n     data-full-width-responsive=\"true\"><\/ins>\r\n<script>\r\n     (adsbygoogle = window.adsbygoogle || []).push({});\r\n<\/script><\/div><\/div>","protected":false},"excerpt":{"rendered":"<p>Crnjika je vrtni klasik koji ne tra\u017ei mnogo, a daje sve: ljepotu, romantiku i lako\u0107u odr\u017eavanja kroz cvjetnu sezonu. Posebno je pogodna za seoske vrtove i kultivirane cvjetne livade.<\/p>\n","protected":false},"author":1,"featured_media":130165,"comment_status":"closed","ping_status":"closed","sticky":false,"template":"","format":"standard","meta":{"footnotes":""},"categories":[3497],"tags":[3623,4473,4474],"class_list":["post-130148","post","type-post","status-publish","format-standard","has-post-thumbnail","hentry","category-vrt","tag-cvjetnjak","tag-nigella","tag-seoski-vrt"],"_links":{"self":[{"href":"https:\/\/www.mojevrijeme.hr\/magazin\/wp-json\/wp\/v2\/posts\/130148","targetHints":{"allow":["GET"]}}],"collection":[{"href":"https:\/\/www.mojevrijeme.hr\/magazin\/wp-json\/wp\/v2\/posts"}],"about":[{"href":"https:\/\/www.mojevrijeme.hr\/magazin\/wp-json\/wp\/v2\/types\/post"}],"author":[{"embeddable":true,"href":"https:\/\/www.mojevrijeme.hr\/magazin\/wp-json\/wp\/v2\/users\/1"}],"replies":[{"embeddable":true,"href":"https:\/\/www.mojevrijeme.hr\/magazin\/wp-json\/wp\/v2\/comments?post=130148"}],"version-history":[{"count":20,"href":"https:\/\/www.mojevrijeme.hr\/magazin\/wp-json\/wp\/v2\/posts\/130148\/revisions"}],"predecessor-version":[{"id":130171,"href":"https:\/\/www.mojevrijeme.hr\/magazin\/wp-json\/wp\/v2\/posts\/130148\/revisions\/130171"}],"wp:featuredmedia":[{"embeddable":true,"href":"https:\/\/www.mojevrijeme.hr\/magazin\/wp-json\/wp\/v2\/media\/130165"}],"wp:attachment":[{"href":"https:\/\/www.mojevrijeme.hr\/magazin\/wp-json\/wp\/v2\/media?parent=130148"}],"wp:term":[{"taxonomy":"category","embeddable":true,"href":"https:\/\/www.mojevrijeme.hr\/magazin\/wp-json\/wp\/v2\/categories?post=130148"},{"taxonomy":"post_tag","embeddable":true,"href":"https:\/\/www.mojevrijeme.hr\/magazin\/wp-json\/wp\/v2\/tags?post=130148"}],"curies":[{"name":"wp","href":"https:\/\/api.w.org\/{rel}","templated":true}]}}