{"id":130454,"date":"2025-03-13T15:15:45","date_gmt":"2025-03-13T14:15:45","guid":{"rendered":"https:\/\/www.mojevrijeme.hr\/magazin\/?p=130454"},"modified":"2025-03-13T15:15:46","modified_gmt":"2025-03-13T14:15:46","slug":"manje-razvikani-a-odlicni-proljetni-izleti-za-manje-od-50-eura","status":"publish","type":"post","link":"https:\/\/www.mojevrijeme.hr\/magazin\/2025\/03\/manje-razvikani-a-odlicni-proljetni-izleti-za-manje-od-50-eura\/","title":{"rendered":"Manje razvikani, a odli\u010dni proljetni izleti za manje od 50 eura"},"content":{"rendered":"\n<p>Ako ste ve\u0107 obi\u0161li poznata jednodnevna izleti\u0161ta poput Brijuna, Plitvica, Bleda, Bohinja te Budimpe\u0161te i Be\u010da, ovog prolje\u0107a mo\u017eda je pravo vrijeme da se autobusom uputite prema manje razvikanim, ali jednako o\u010daravaju\u0107im destinacijama koje ne\u0107e ko\u0161tati vi\u0161e od 50 eura. Za vas smo istra\u017eili ponudu nekoliko agencija koje vode na provjereno kvalitetne jednodnevne izlete. <\/p>\n\n\n\n<p><a href=\"https:\/\/crnja-tours.hr\/\" target=\"_blank\" rel=\"noreferrer noopener\">\u010crnja Tours<\/a> vodi vas u razgled <strong>Villacha i Veldena<\/strong>, austrijskih alpskih gradi\u0107a okru\u017eenih planinama i jezerima. Ono \u0161to je na ovom izletu nesvakida\u0161nje i posebno dojmljivo je <strong>i posjet Planini majmuna<\/strong>, (Landskron) gdje se nalazi kolonija makaki majmuna i srednjovjekovni dvorac. Ovdje \u0107ete upoznati oko 150 japanskih makaka majmuna koji \u017eive u slobodnom okru\u017eenju, a biolozi \u0107e vas upoznati s njihovim na\u010dinom \u017eivota.<\/p>\n\n\n\n<p>Za 46 eura mo\u017eete otputovati u Ma\u0111arsku i posjetiti bajkoviti <strong>dvorac Bory<\/strong> &#8211; projekt nagra\u0111ivanog ma\u0111arskog umjetnika Jena Boryja koji je ujedno i muzej prepun njegovih djela. Nakon dvorca \u010deka vas posjet staroj ma\u0111arskoj prijestolnici <strong>Stolnom Biogradu<\/strong> i gradi\u0107u <strong>Kestel na obali Balatona<\/strong>. Organizator je <a href=\"https:\/\/www.autoturist.com.hr\/\" target=\"_blank\" rel=\"noreferrer noopener\">Autoturist<\/a>.\u00a0<\/p><div id=\"mojev-112297069\" class=\"mojev-u-tekstu mojev-entity-placement\" style=\"margin-left: auto;margin-right: auto;text-align: center;\"><div class=\"mojev-adlabel\">oglas<\/div><div style=\"height: 250px;\"><script async src=\"https:\/\/pagead2.googlesyndication.com\/pagead\/js\/adsbygoogle.js?client=ca-pub-8106111766207173\"\r\n     crossorigin=\"anonymous\"><\/script>\r\n<!-- Prikazni 1 u tekstu -->\r\n<ins class=\"adsbygoogle\"\r\n     style=\"display:block\"\r\n     data-ad-client=\"ca-pub-8106111766207173\"\r\n     data-ad-slot=\"8535551207\"\r\n     data-ad-format=\"auto\"\r\n     data-full-width-responsive=\"true\"><\/ins>\r\n<script>\r\n     (adsbygoogle = window.adsbygoogle || []).push({});\r\n<\/script><\/div><\/div><br style=\"clear: both; display: block; float: none;\"\/>\n\n\n\n<p>U travnju s ovom agencijom za samo 34 eura mo\u017eete posjetiti Roglu i pro\u0161etati <strong>Pohorskom \u0161umom<\/strong>, gdje vas o\u010dekuje i posjet <strong>Lovren\u0161kim jezerima<\/strong> \u2013 rezervatu prirode i uto\u010di\u0161tu brojnih ptica i autohtonih biljaka. Dan proveden na svje\u017eem zraku, uz predivne vidike, ispunit \u0107e vas pozitivnom energijom i vratiti optimizam u \u017eivot.<\/p>\n\n\n\n<p>Sa <a href=\"https:\/\/smart-travel.hr\/\" target=\"_blank\" rel=\"noreferrer noopener\">Smart Travelom<\/a> odu\u0161evite se bajkovitim <strong>Plan\u0161arskim jezerom<\/strong> na sjeveru Slovenije, a u povratku istra\u017eite slikoviti <strong>Kranj<\/strong>, prijestolnicu slovenskih Alpa. Usput otkrijte i za\u0161to ovaj grad nosi titulu kulturne prijestolnice Slovenije. Cijena izleta je 39 eura.<\/p>\n\n\n\n<p>S <a href=\"https:\/\/darojkovic.hr\/\" target=\"_blank\" rel=\"noreferrer noopener\">Darojkovi\u0107 Toursom<\/a> za samo 27 eura otkrijte \u010darobnu Istru i pro\u0161e\u0107ite najljep\u0161om dionicom legendarne <strong>Parenzane<\/strong>, od slikovitog <strong>Gro\u017enjana do Livada <\/strong>&#8211; staze koja odu\u0161evljava sve ljubitelje netaknute prirode!<\/p>\n\n\n\n<p>Iz Po\u017eege, Slavonskog Broda, Babine Grede, Osijeka,\u00a0Vinkovaca i \u017dupanje s agencijom <a href=\"https:\/\/www.brod-tours.hr\/\" target=\"_blank\" rel=\"noreferrer noopener\">Brod\u00a0tours <\/a>za 35 eura mo\u017eete otputovati u etno selo Stani\u0161i\u0107i, koje odu\u0161evljava jer je izvan sada\u0161njeg vremena i prostora te nas vra\u0107a precima i prirodi. \u201dOvdje se odmaraju o\u010di i du\u0161a, \u010dovjek postaje plemenitiji, ali i mudriji slu\u0161aju\u0107i \u017euborenje potoka i rad vodenice\u201d, obe\u0107aju organizatori putovanja.<\/p>\n\n\n\n<p>Jeste li posjetili neku od ovih destinacija? \u0160to vas je odu\u0161evilo, a koji biste izlet jo\u0161 preporu\u010dili \u010ditateljima?<\/p>\n\n\n\n<div id=\"crveno\"><\/p>\n\n\n\n<h3 class=\"wp-block-heading\">Zanima nas va\u0161a pri\u010da<\/h3>\n\n\n\n<p>\u017delite li i vi, posve anonimno, podijeliti svoje iskustvo i vi\u0111enje ove teme s nama i na\u0161im \u010ditateljima, mo\u017eete to u\u010diniti putem web obrasca <a rel=\"noreferrer noopener\" href=\"https:\/\/www.mojevrijeme.hr\/magazin\/povjerljivo\/\" target=\"_blank\">Povjerljivo<\/a>. Napi\u0161ite svoju pri\u010du!<\/p>\n\n\n\n<p><\/div>\n<div id=\"mojev-1375544129\" class=\"mojev-kraj-teksta mojev-entity-placement\" style=\"margin-bottom: 20px;margin-left: auto;margin-right: auto;text-align: center;\"><div class=\"mojev-adlabel\">oglas<\/div><div style=\"height: 250px;\"><script async src=\"https:\/\/pagead2.googlesyndication.com\/pagead\/js\/adsbygoogle.js?client=ca-pub-8106111766207173\"\r\n     crossorigin=\"anonymous\"><\/script>\r\n<!-- Display-1 -->\r\n<ins class=\"adsbygoogle\"\r\n     style=\"display:block\"\r\n     data-ad-client=\"ca-pub-8106111766207173\"\r\n     data-ad-slot=\"1465712950\"\r\n     data-ad-format=\"auto\"\r\n     data-full-width-responsive=\"true\"><\/ins>\r\n<script>\r\n     (adsbygoogle = window.adsbygoogle || []).push({});\r\n<\/script><\/div><\/div>","protected":false},"excerpt":{"rendered":"<p>Umirovljenici mo\u017eda nemaju dubok d\u017eep, ali to ne zna\u010di da ne zaslu\u017euju povremeni bijeg od svakodnevice, punjenje baterija i dozu optimizma. Kratki izleti u prirodu, kulturne prijestolnice i bajkovite krajeve idealna su prilika za dru\u017eenje, istra\u017eivanje i stvaranje novih uspomena.<\/p>\n","protected":false},"author":17,"featured_media":130528,"comment_status":"closed","ping_status":"closed","sticky":false,"template":"","format":"standard","meta":{"footnotes":""},"categories":[2],"tags":[4480,4479,590],"class_list":["post-130454","post","type-post","status-publish","format-standard","has-post-thumbnail","hentry","category-mozaik","tag-izleti","tag-putovanja","tag-turizam"],"_links":{"self":[{"href":"https:\/\/www.mojevrijeme.hr\/magazin\/wp-json\/wp\/v2\/posts\/130454","targetHints":{"allow":["GET"]}}],"collection":[{"href":"https:\/\/www.mojevrijeme.hr\/magazin\/wp-json\/wp\/v2\/posts"}],"about":[{"href":"https:\/\/www.mojevrijeme.hr\/magazin\/wp-json\/wp\/v2\/types\/post"}],"author":[{"embeddable":true,"href":"https:\/\/www.mojevrijeme.hr\/magazin\/wp-json\/wp\/v2\/users\/17"}],"replies":[{"embeddable":true,"href":"https:\/\/www.mojevrijeme.hr\/magazin\/wp-json\/wp\/v2\/comments?post=130454"}],"version-history":[{"count":4,"href":"https:\/\/www.mojevrijeme.hr\/magazin\/wp-json\/wp\/v2\/posts\/130454\/revisions"}],"predecessor-version":[{"id":130527,"href":"https:\/\/www.mojevrijeme.hr\/magazin\/wp-json\/wp\/v2\/posts\/130454\/revisions\/130527"}],"wp:featuredmedia":[{"embeddable":true,"href":"https:\/\/www.mojevrijeme.hr\/magazin\/wp-json\/wp\/v2\/media\/130528"}],"wp:attachment":[{"href":"https:\/\/www.mojevrijeme.hr\/magazin\/wp-json\/wp\/v2\/media?parent=130454"}],"wp:term":[{"taxonomy":"category","embeddable":true,"href":"https:\/\/www.mojevrijeme.hr\/magazin\/wp-json\/wp\/v2\/categories?post=130454"},{"taxonomy":"post_tag","embeddable":true,"href":"https:\/\/www.mojevrijeme.hr\/magazin\/wp-json\/wp\/v2\/tags?post=130454"}],"curies":[{"name":"wp","href":"https:\/\/api.w.org\/{rel}","templated":true}]}}