{"id":130581,"date":"2025-03-14T12:21:10","date_gmt":"2025-03-14T11:21:10","guid":{"rendered":"https:\/\/www.mojevrijeme.hr\/magazin\/?p=130581"},"modified":"2025-03-14T12:21:11","modified_gmt":"2025-03-14T11:21:11","slug":"ne-zelim-biti-baka-i-mislim-da-imam-sjajne-razloge-za-to-2","status":"publish","type":"post","link":"https:\/\/www.mojevrijeme.hr\/magazin\/2025\/03\/ne-zelim-biti-baka-i-mislim-da-imam-sjajne-razloge-za-to-2\/","title":{"rendered":"Za sre\u0107u ne trebam unuke, ne uklapaju mi se u planove"},"content":{"rendered":"\n<p>Uvijek sam \u017eeljela djecu i maj\u010dinstvo me je ispunilo na na\u010din na koji nisam ni znala da je mogu\u0107e. Niti jedan trenutak proveden s mojom djecom ne bih mijenjala za sva blaga ovog svijeta. Rije\u010di su to <strong>Jody Ellis<\/strong> za portal <em><a href=\"http:\/\/www.womansworld.com\" target=\"_blank\" rel=\"noreferrer noopener\">WomansWorld<\/a> <\/em>u eseju kojim opisuje za\u0161to ne \u017eeli postati baka. Evo kako je to objasnila:<\/p>\n\n\n\n<p>Usprkos ljubavi prema svojoj djeci, ne o\u010dekujem, nadam se ili sanjam o tome da postanem baka. \u010cesto \u010dujem kako ljudi lamentiraju o tome da im djeca &#8220;nisu podarila unu\u010dad&#8221; i nikako se ne mogu povezati s tim. Koliko god da volim svoju djecu, a sigurna sam da bih voljela i njihovu djecu, suvi\u0161e je dobrih razloga za to da ne postanem baka. I puno dobrih razloga da svoju odraslu djecu ne po\u017eurujem da postanu roditelji.<\/p>\n\n\n\n<h3 class=\"wp-block-heading\">Pritisak<\/h3>\n\n\n\n<p>Dru\u0161tvo je puno pritisaka; od zavr\u0161avanja fakulteta preko pronalaska savr\u0161enog posla i karijernog uspona do zdravog \u017eivota i uzgoja vlastitog povr\u0107a. Cijene stanovanja rastu, a pla\u0107e ih ne prate. \u017divot je u\u017eurbaniji i ispunjeniji obvezama vi\u0161e no ikada prije. Litanija &#8220;podarite mi unuka&#8221; je stresor, a ja ne \u017eelim optere\u0107ivati svoju djecu.<\/p><div id=\"mojev-4184595736\" class=\"mojev-u-tekstu mojev-entity-placement\" style=\"margin-left: auto;margin-right: auto;text-align: center;\"><div class=\"mojev-adlabel\">oglas<\/div><div style=\"height: 250px;\"><script async src=\"https:\/\/pagead2.googlesyndication.com\/pagead\/js\/adsbygoogle.js?client=ca-pub-8106111766207173\"\r\n     crossorigin=\"anonymous\"><\/script>\r\n<!-- Prikazni 1 u tekstu -->\r\n<ins class=\"adsbygoogle\"\r\n     style=\"display:block\"\r\n     data-ad-client=\"ca-pub-8106111766207173\"\r\n     data-ad-slot=\"8535551207\"\r\n     data-ad-format=\"auto\"\r\n     data-full-width-responsive=\"true\"><\/ins>\r\n<script>\r\n     (adsbygoogle = window.adsbygoogle || []).push({});\r\n<\/script><\/div><\/div><br style=\"clear: both; display: block; float: none;\"\/>\n\n\n\n<h3 class=\"wp-block-heading\">Moje prazno gnijezdo je puno<\/h3>\n\n\n\n<p>To \u0161to su moji pti\u0107i odletjeli iz roditeljskog gnijezda ne zna\u010di da mi se usporio \u017eivot. Radim puno radno vrijeme, imam puno prijatelja, supruga kojeg obo\u017eavam i nekoliko ku\u0107nih ljubimaca. Putujemo, zabavljamo se, vje\u017ebamo i dalje \u017eivimo ispunjen \u017eivot kao i kad su djeca bila u ku\u0107i. Iako volim uspomene na brigu o maloj djeci, nemam pretjerane \u017eelje to ponavljati. Prona\u0161la sam bla\u017eenu slobodu u trenutnoj \u017eivotnoj fazi znaju\u0107i da su moja djeca odrasla i zdrava. Unu\u010dad mi nije \u010dak ni na radaru.<\/p>\n\n\n\n<h3 class=\"wp-block-heading\">Djeca su vrlo osoban izbor<\/h3>\n\n\n\n<p>Po\u0161tivanje \u017eivotnih izbora koje donose na\u0161a odrasla djeca va\u017ean je dio izgradnje odnosa dok prelazimo iz aktivnog roditeljstva u ravnopravniji odnos roditelja i odraslog djeteta. Ne bih ih uvjeravala da postanu roditelji isto kao \u0161to ih ne bih uvjeravala da kupe ku\u0107u ili promijene \u017eivotni stil. To su njihovi \u017eivoti, a ne moji. Na koncu, \u0161to ako imaju problema s plodno\u0161\u0107u? Sigurno im ne trebaju roditelji koji \u0107e im svojim kvocanjem ote\u017eati situaciju i pove\u0107ati tjeskobu oko pitanja plodnosti.<\/p>\n\n\n\n<h3 class=\"wp-block-heading\">\u017delim vrijeme sa svojom odraslom djecom<\/h3>\n\n\n\n<p>Sada kada su odrasli, na\u0161 je odnos pre\u0161ao na novu, dublju razinu i stvarno u\u017eivam u njihovom dru\u0161tvu. Postajemo prijatelji. Zajedno idemo na izlete, u kino, u restorane i vodimo beskrajne razgovore. To bi bilo puno te\u017ee da oni imaju svoju djecu. Stvarno volim svoju odraslu djecu.<\/p>\n\n\n\n<h3 class=\"wp-block-heading\">U glavi jo\u0161 uvijek imam 30 godina<\/h3>\n\n\n\n<p>Okej, mo\u017eda ne trideset, ali sigurno se ne osje\u0107am kao baka godi\u0161ta koje stoji na mojoj osobnoj iskaznici. Blagoslovljeni smo sve du\u017eim \u017eivotima, a ljudi sve vi\u0161e shva\u0107aju da su godine samo broj. Preda mnom su brojne prilike i nisam sigurna da mi se unuci uklapaju u planove.<\/p>\n\n\n\n<h3 class=\"wp-block-heading\">Ne trebam unuke da bi se osje\u0107ala vrijednom<\/h3>\n\n\n\n<p>Volim svoju djecu. Obo\u017eavam ih. Kada smo zajedno, svijet je savr\u0161en. Ali, maj\u010dinstvo me ne definira. Majka sam, ali sam i spisateljica, trka\u010dica, putnica. Zanima me milijun drugih stvari i \u017eelim jo\u0161 puno \u017eivotnih avantura. Iako su mi djeca sve, ne \u017eelim se potvr\u0111ivati kroz njihove \u017eivote. \u017delim da njihovi \u017eivoti budu u skladu s onim \u0161to oni \u017eele za sebe, a ne ono \u0161to ja mislim da bi trebali \u017eeljeti.<\/p>\n<div id=\"mojev-3366608136\" class=\"mojev-kraj-teksta mojev-entity-placement\" style=\"margin-bottom: 20px;margin-left: auto;margin-right: auto;text-align: center;\"><div class=\"mojev-adlabel\">oglas<\/div><div style=\"height: 250px;\"><script async src=\"https:\/\/pagead2.googlesyndication.com\/pagead\/js\/adsbygoogle.js?client=ca-pub-8106111766207173\"\r\n     crossorigin=\"anonymous\"><\/script>\r\n<!-- Display-1 -->\r\n<ins class=\"adsbygoogle\"\r\n     style=\"display:block\"\r\n     data-ad-client=\"ca-pub-8106111766207173\"\r\n     data-ad-slot=\"1465712950\"\r\n     data-ad-format=\"auto\"\r\n     data-full-width-responsive=\"true\"><\/ins>\r\n<script>\r\n     (adsbygoogle = window.adsbygoogle || []).push({});\r\n<\/script><\/div><\/div>","protected":false},"excerpt":{"rendered":"<p>Maj\u010dinstvo ju je ispunilo, ali ne sanja o tome da postane baka. \u017deli da njezina djeca donesu vlastite odluke, bez pritiska dru\u0161tva ili obitelji. Njezin \u017eivot je ispunjen i bez uloge bake.<\/p>\n","protected":false},"author":1,"featured_media":130587,"comment_status":"closed","ping_status":"closed","sticky":false,"template":"","format":"standard","meta":{"footnotes":""},"categories":[2],"tags":[979,198,318],"class_list":["post-130581","post","type-post","status-publish","format-standard","has-post-thumbnail","hentry","category-mozaik","tag-bake","tag-obitelj","tag-unuci"],"_links":{"self":[{"href":"https:\/\/www.mojevrijeme.hr\/magazin\/wp-json\/wp\/v2\/posts\/130581","targetHints":{"allow":["GET"]}}],"collection":[{"href":"https:\/\/www.mojevrijeme.hr\/magazin\/wp-json\/wp\/v2\/posts"}],"about":[{"href":"https:\/\/www.mojevrijeme.hr\/magazin\/wp-json\/wp\/v2\/types\/post"}],"author":[{"embeddable":true,"href":"https:\/\/www.mojevrijeme.hr\/magazin\/wp-json\/wp\/v2\/users\/1"}],"replies":[{"embeddable":true,"href":"https:\/\/www.mojevrijeme.hr\/magazin\/wp-json\/wp\/v2\/comments?post=130581"}],"version-history":[{"count":5,"href":"https:\/\/www.mojevrijeme.hr\/magazin\/wp-json\/wp\/v2\/posts\/130581\/revisions"}],"predecessor-version":[{"id":130586,"href":"https:\/\/www.mojevrijeme.hr\/magazin\/wp-json\/wp\/v2\/posts\/130581\/revisions\/130586"}],"wp:featuredmedia":[{"embeddable":true,"href":"https:\/\/www.mojevrijeme.hr\/magazin\/wp-json\/wp\/v2\/media\/130587"}],"wp:attachment":[{"href":"https:\/\/www.mojevrijeme.hr\/magazin\/wp-json\/wp\/v2\/media?parent=130581"}],"wp:term":[{"taxonomy":"category","embeddable":true,"href":"https:\/\/www.mojevrijeme.hr\/magazin\/wp-json\/wp\/v2\/categories?post=130581"},{"taxonomy":"post_tag","embeddable":true,"href":"https:\/\/www.mojevrijeme.hr\/magazin\/wp-json\/wp\/v2\/tags?post=130581"}],"curies":[{"name":"wp","href":"https:\/\/api.w.org\/{rel}","templated":true}]}}