{"id":131242,"date":"2025-03-22T09:04:12","date_gmt":"2025-03-22T08:04:12","guid":{"rendered":"https:\/\/www.mojevrijeme.hr\/magazin\/?p=131242"},"modified":"2025-03-22T09:04:43","modified_gmt":"2025-03-22T08:04:43","slug":"majcinske-mirovine-su-prevelik-teret-za-njemacki-budzet","status":"publish","type":"post","link":"https:\/\/www.mojevrijeme.hr\/magazin\/2025\/03\/majcinske-mirovine-su-prevelik-teret-za-njemacki-budzet\/","title":{"rendered":"Maj\u010dinske mirovine su prevelik teret za njema\u010dki bud\u017eet"},"content":{"rendered":"\n<p>Jedna od spornih to\u010daka u pregovorima o budu\u0107oj vladaju\u0107oj koaliciji u Njema\u010dkoj jest i \u017eelja demokr\u0161\u0107ana za pove\u0107anjem mirovine za maj\u010dinstvo. Nitko nije protiv toga, ali je pitanje od koga uzeti tih pet milijardi eura?<\/p>\n\n\n\n<p>Zapravo su njema\u010dki kr\u0161\u0107anski demokrati najve\u0107i zagovornici mirovine za maj\u010dinstvo: to je bilo predizborno obe\u0107anje jo\u0161 Angele Merkel za mandat osvojen 2013. i u na\u010delu zvu\u010di pravedno. Biti majka je i posao tako da se za svako dijete ro\u0111eno prije 1992. stje\u010de najvi\u0161e dvije i pol godine radnog sta\u017ea u obra\u010dunu mirovine, pi\u0161e <a href=\"https:\/\/www.dw.com\/hr\/kako-platiti-ve%C4%87e-mirovine-za-maj%C4%8Dinstvo\/a-71996650\" target=\"_blank\" rel=\"noreferrer noopener\">DW<\/a>.<\/p>\n\n\n\n<p>Stranke Unije CDU\/CSU odli\u010dno znaju kako su starije \u017eene zapravo njihovi najvjerniji bira\u010di tako da su i uo\u010di ovih izbora najavili pro\u0161iriti opseg takve mirovine za maj\u010dinstvo: ne bi trebalo biti va\u017eno je li dijete ro\u0111eno prije ili poslije 1992., a sta\u017e vi\u0161e ne bi trebao biti ograni\u010den na 2,5, nego na najvi\u0161e 3 godine.<\/p><div id=\"mojev-126793247\" class=\"mojev-u-tekstu mojev-entity-placement\" style=\"margin-left: auto;margin-right: auto;text-align: center;\"><div class=\"mojev-adlabel\">oglas<\/div><div style=\"height: 250px;\"><script async src=\"https:\/\/pagead2.googlesyndication.com\/pagead\/js\/adsbygoogle.js?client=ca-pub-8106111766207173\"\r\n     crossorigin=\"anonymous\"><\/script>\r\n<!-- Prikazni 1 u tekstu -->\r\n<ins class=\"adsbygoogle\"\r\n     style=\"display:block\"\r\n     data-ad-client=\"ca-pub-8106111766207173\"\r\n     data-ad-slot=\"8535551207\"\r\n     data-ad-format=\"auto\"\r\n     data-full-width-responsive=\"true\"><\/ins>\r\n<script>\r\n     (adsbygoogle = window.adsbygoogle || []).push({});\r\n<\/script><\/div><\/div><br style=\"clear: both; display: block; float: none;\"\/>\n\n\n\n<p>U pregovorima o mogu\u0107oj koaliciji sa socijaldemokratima naravno da ni oni ne mogu na\u010delno biti protiv: po svim pokazateljima je odli\u010dno poznato kako su ba\u0161 \u017eene u starijoj dobi najugro\u017eenija socijalna skupina i kako je me\u0111u njima siroma\u0161tvo ozbiljna prijetnja \u2013 <strong>svaka peta \u017eena starija od 65 godina je na rubu bijede<\/strong>. <\/p>\n\n\n\n<p>&#8220;Planirano pro\u0161irenje mirovine za maj\u010dinstvo je dugo o\u010dekivano priznanje vi\u0161edesetljetnog nepla\u0107enog rada na brizi koji su obavljale brojni nara\u0161taji majki&#8221;, pohvalila je inicijativu kr\u0161\u0107anskih demokrata predsjednica Socijalne udruge VdK, Verena Bentele u novinama skupine Funke Medien. Pove\u0107anje dolazi kasno, ali je i dalje potrebno.<\/p>\n\n\n\n<h3 class=\"wp-block-heading\">Lijepo, ali kome onda uzeti?<\/h3>\n\n\n\n<p>Ali je problem \u0161to \u0107e takav poklon majkama za mirovinu debelo ko\u0161tati: prema procjeni njema\u010dkog mirovinskog osiguranja, to je nekih 5 milijardi eura godi\u0161nje. Kad je ta mirovina uvedena, Merkel je vjerovala kako \u0107e to mo\u0107i pla\u0107ati mirovinsko osiguranje, ali to jednostavno nije mogu\u0107e, javlja <a href=\"https:\/\/www.dw.com\/hr\/kako-platiti-ve%C4%87e-mirovine-za-maj%C4%8Dinstvo\/a-71996650\" target=\"_blank\" rel=\"noreferrer noopener\">DW<\/a>.<\/p>\n\n\n\n<p>Svaka \u010dast majkama, ali one nisu niti prije pla\u0107ale to razdoblje u blagajnu mirovinskog osiguranja, a ne pla\u0107aju niti sad. Ve\u0107 2018. je postalo jasno da se barem dio mora uzeti iz dr\u017eavnog prora\u010duna i jedino je rje\u0161enje za predsjednicu Njema\u010dkog mirovinskog fonda Gundulu Ro\u00dfbach i to pove\u0107anje uzeti iz prora\u010duna. Jer ina\u010de se mora jo\u0161 vi\u0161e pove\u0107ati stopa doprinosa zaposlenima, barem za \u010detvrtinu postotka.<\/p>\n\n\n\n<p>Upravo je tu onda problem u koalicijskim pregovorima: uzeti i tih 5 milijardi iz prora\u010duna zna\u010di dati manje nekome drugom \u2013 \u0161kolstvu, zdravstvu, javnim slu\u017ebama\u2026 A makar su kr\u0161\u0107anski demokrati tradicionalno bliski industriji i poslodavcima, u ovom pitanju gospodarstvo o tom poklonu uop\u0107e ne \u017eeli ni \u010duti.<\/p>\n\n\n\n<p>Direktor Instituta njema\u010dkog gospodarstva (IW), Michael H\u00fcther savjetuje pregovara\u010dima o koaliciji neka najbolje zaborave bilo \u0161to oko mirovine za maj\u010dinstvo. \u010cak i o jamstvu razine mirovina &#8220;bi CDU\/CSU trebao pregovarati, ina\u010de prijeti zna\u010dajan porast mirovinskih doprinosa na 22,4 posto&#8221;, rekao je ekonomist za Rheinische Post. Isto tako i ponavlja kako bi se opet trebala pove\u0107ati starosna dob za mirovinu, jer jednostavno nema dovoljno mladih da pla\u0107aju za toliko starih.<\/p>\n\n\n\n<p>\u010celnik Saveza njema\u010dkih poslodavaca (BDA) Steffen Kampeter tako\u0111er tra\u017ei &#8220;ko\u010dnicu socijalnih doprinosa&#8221;. To ne zna\u010di smanjenje ili ukidanje socijalne dr\u017eave, nego ve\u0107u preciznost u raspodjeli, rekao je Kampeter za Neue Osnabr\u00fccker Zeitung.<\/p>\n\n\n\n<p>Kako se \u010dini, oko pro\u0161irenja opsega mirovine za maj\u010dinstvo \u0107e se jo\u0161 lomiti koplja: predvi\u0111eno je da ve\u0107 u ponedjeljak 24. o\u017eujka radne skupine stranaka mogu\u0107e vladaju\u0107e koalicije predstave svoj prijedlog sporazuma, ali onda \u0107e taj prijedlog jo\u0161 dobro pogledati stru\u010dnjaci i me\u0111u kr\u0161\u0107anskim demokratima i me\u0111u socijaldemokratima.<\/p>\n<div id=\"mojev-1383871780\" class=\"mojev-kraj-teksta mojev-entity-placement\" style=\"margin-bottom: 20px;margin-left: auto;margin-right: auto;text-align: center;\"><div class=\"mojev-adlabel\">oglas<\/div><div style=\"height: 250px;\"><script async src=\"https:\/\/pagead2.googlesyndication.com\/pagead\/js\/adsbygoogle.js?client=ca-pub-8106111766207173\"\r\n     crossorigin=\"anonymous\"><\/script>\r\n<!-- Display-1 -->\r\n<ins class=\"adsbygoogle\"\r\n     style=\"display:block\"\r\n     data-ad-client=\"ca-pub-8106111766207173\"\r\n     data-ad-slot=\"1465712950\"\r\n     data-ad-format=\"auto\"\r\n     data-full-width-responsive=\"true\"><\/ins>\r\n<script>\r\n     (adsbygoogle = window.adsbygoogle || []).push({});\r\n<\/script><\/div><\/div>","protected":false},"excerpt":{"rendered":"<p>Maj\u010dinski dodatak je lijepa nadogradnja mirovine i priznanje \u017eenama za neformalni rad, no tko \u0107e ga platiti?<\/p>\n","protected":false},"author":1,"featured_media":74925,"comment_status":"closed","ping_status":"closed","sticky":false,"template":"","format":"standard","meta":{"footnotes":""},"categories":[9],"tags":[1964,127],"class_list":["post-131242","post","type-post","status-publish","format-standard","has-post-thumbnail","hentry","category-vijesti","tag-majcinska-mirovina","tag-njemacka"],"_links":{"self":[{"href":"https:\/\/www.mojevrijeme.hr\/magazin\/wp-json\/wp\/v2\/posts\/131242","targetHints":{"allow":["GET"]}}],"collection":[{"href":"https:\/\/www.mojevrijeme.hr\/magazin\/wp-json\/wp\/v2\/posts"}],"about":[{"href":"https:\/\/www.mojevrijeme.hr\/magazin\/wp-json\/wp\/v2\/types\/post"}],"author":[{"embeddable":true,"href":"https:\/\/www.mojevrijeme.hr\/magazin\/wp-json\/wp\/v2\/users\/1"}],"replies":[{"embeddable":true,"href":"https:\/\/www.mojevrijeme.hr\/magazin\/wp-json\/wp\/v2\/comments?post=131242"}],"version-history":[{"count":7,"href":"https:\/\/www.mojevrijeme.hr\/magazin\/wp-json\/wp\/v2\/posts\/131242\/revisions"}],"predecessor-version":[{"id":131249,"href":"https:\/\/www.mojevrijeme.hr\/magazin\/wp-json\/wp\/v2\/posts\/131242\/revisions\/131249"}],"wp:featuredmedia":[{"embeddable":true,"href":"https:\/\/www.mojevrijeme.hr\/magazin\/wp-json\/wp\/v2\/media\/74925"}],"wp:attachment":[{"href":"https:\/\/www.mojevrijeme.hr\/magazin\/wp-json\/wp\/v2\/media?parent=131242"}],"wp:term":[{"taxonomy":"category","embeddable":true,"href":"https:\/\/www.mojevrijeme.hr\/magazin\/wp-json\/wp\/v2\/categories?post=131242"},{"taxonomy":"post_tag","embeddable":true,"href":"https:\/\/www.mojevrijeme.hr\/magazin\/wp-json\/wp\/v2\/tags?post=131242"}],"curies":[{"name":"wp","href":"https:\/\/api.w.org\/{rel}","templated":true}]}}