{"id":131480,"date":"2025-03-25T13:06:24","date_gmt":"2025-03-25T12:06:24","guid":{"rendered":"https:\/\/www.mojevrijeme.hr\/magazin\/?p=131480"},"modified":"2025-03-25T13:13:54","modified_gmt":"2025-03-25T12:13:54","slug":"hdz-zahvalio-sdp-ovcima-na-ukazanom-povjerenju-i-potpori","status":"publish","type":"post","link":"https:\/\/www.mojevrijeme.hr\/magazin\/2025\/03\/hdz-zahvalio-sdp-ovcima-na-ukazanom-povjerenju-i-potpori\/","title":{"rendered":"HDZ zahvalio SDP-u na velikom povjerenju: Bauk, Glasovac, Lalovac, hvala im"},"content":{"rendered":"\n<p>Pomalo neo\u010dekivano, Hrvatska demokratska zajednica (HDZ) na dru\u0161tvenim mre\u017eama vodi kampanju za\u010dinjenu humorom i ironijom. U nesvakida\u0161njem obratu, vladaju\u0107i su odlu\u010dili javno pohvaliti politi\u010dke protivnike iz SDP-a, zahvaljuju\u0107i im na, kako ka\u017eu, iskrenoj podr\u0161ci politici Andreja Plenkovi\u0107a.<\/p>\n\n\n\n<p>Tako je danas HDZ osobno zahvalio SDP-ovom saborskom zastupniku Arsenu Bauku jer je, smatra, Bauk pokazao veliko povjerenje Plenkovi\u0107evom vo\u0111enju javnih financija. &#8220;Nije rije\u010d, me\u0111utim, samo o tom SDP-ovom zastupniku, poznatom po \u0161parnosti i opreznom prevrtanju svakog eura. U top 4 zastupnika koji su najvi\u0161e ulo\u017eili u dr\u017eavne vrijednosnice \u010dak je troje SDP-ovih!&#8221; poru\u010dili su iz HDZ-a.<\/p>\n\n\n\n<p>&#8220;Iskoristiv\u0161i priliku koju je Vlada ponudila svim hrvatskim gra\u0111anima da na narodnim obveznicama i trezorcima oplemene svoju \u0161tednju s daleko ve\u0107om kamatom nego u bankama, istaknuti SDP-ovci na najljep\u0161i su mogu\u0107i na\u010din iskazali priznanje stabilnosti javnih financija i ekonomskom smjeru Hrvatske u mandatu premijera Andreja Plenkovi\u0107a&#8221;, stoji u javnoj objavi vladaju\u0107e stranke.<\/p><div id=\"mojev-2662642246\" class=\"mojev-u-tekstu mojev-entity-placement\" style=\"margin-left: auto;margin-right: auto;text-align: center;\"><div class=\"mojev-adlabel\">oglas<\/div><div style=\"height: 250px;\"><script async src=\"https:\/\/pagead2.googlesyndication.com\/pagead\/js\/adsbygoogle.js?client=ca-pub-8106111766207173\"\r\n     crossorigin=\"anonymous\"><\/script>\r\n<!-- Prikazni 1 u tekstu -->\r\n<ins class=\"adsbygoogle\"\r\n     style=\"display:block\"\r\n     data-ad-client=\"ca-pub-8106111766207173\"\r\n     data-ad-slot=\"8535551207\"\r\n     data-ad-format=\"auto\"\r\n     data-full-width-responsive=\"true\"><\/ins>\r\n<script>\r\n     (adsbygoogle = window.adsbygoogle || []).push({});\r\n<\/script><\/div><\/div><br style=\"clear: both; display: block; float: none;\"\/>\n\n\n\n<p>&#8220;Na \u017ealjenje SDP-ovih ulagatelja, o takvoj zaradi nisu mogli ni ma\u0161tati u vrijeme vlastite Vlade. Dok je Bauk bio ministar, dr\u017eava nije bila u mogu\u0107nosti ponuditi vrijednosnice svojim gra\u0111anima. Jer je Hrvatska tavorila u rekordnom prora\u010dunskom deficitu, recesiji, makroekonomskim neravnote\u017eama i kreditnom sme\u0107u&#8221;, zaklju\u010dili su u HDZ-u.<\/p>\n\n\n\n<p>Podsjetimo, SDP-ov Bauk je ulo\u017eio 149.000 eura u trezorce i obveznice.\u00a0Biv\u0161i ministar financija, SDP-ov Boris Lalovac, ulo\u017eio je 100.000 eura dok je SDP-ova potpredsjednica Sabora Sabina Glasovac ulo\u017eila 91.000 eura u trezorce i obveznice.<\/p>\n<div id=\"mojev-2403905968\" class=\"mojev-kraj-teksta mojev-entity-placement\" style=\"margin-bottom: 20px;margin-left: auto;margin-right: auto;text-align: center;\"><div class=\"mojev-adlabel\">oglas<\/div><div style=\"height: 250px;\"><script async src=\"https:\/\/pagead2.googlesyndication.com\/pagead\/js\/adsbygoogle.js?client=ca-pub-8106111766207173\"\r\n     crossorigin=\"anonymous\"><\/script>\r\n<!-- Display-1 -->\r\n<ins class=\"adsbygoogle\"\r\n     style=\"display:block\"\r\n     data-ad-client=\"ca-pub-8106111766207173\"\r\n     data-ad-slot=\"1465712950\"\r\n     data-ad-format=\"auto\"\r\n     data-full-width-responsive=\"true\"><\/ins>\r\n<script>\r\n     (adsbygoogle = window.adsbygoogle || []).push({});\r\n<\/script><\/div><\/div>","protected":false},"excerpt":{"rendered":"<p>Povjerenje SDP-ovaca u Vladinu financijsku politiku vrlo lako i konkretno mo\u017ee se izmjeriti u eurima. Na meti \u0161aljivd\u017eija iz vladaju\u0107e stranke na\u0161li su se Arsen Bauk, Sabina Glasovac i Boris Lalovac.<\/p>\n","protected":false},"author":1,"featured_media":129903,"comment_status":"closed","ping_status":"closed","sticky":false,"template":"","format":"standard","meta":{"footnotes":""},"categories":[9],"tags":[1962,225,665,2628,3357,4257,825],"class_list":["post-131480","post","type-post","status-publish","format-standard","has-post-thumbnail","hentry","category-vijesti","tag-arsen-bauk","tag-boris-lalovac","tag-hdz","tag-lokalni-izbori","tag-narodne-obveznice","tag-sabina-glasovac","tag-sdp"],"_links":{"self":[{"href":"https:\/\/www.mojevrijeme.hr\/magazin\/wp-json\/wp\/v2\/posts\/131480","targetHints":{"allow":["GET"]}}],"collection":[{"href":"https:\/\/www.mojevrijeme.hr\/magazin\/wp-json\/wp\/v2\/posts"}],"about":[{"href":"https:\/\/www.mojevrijeme.hr\/magazin\/wp-json\/wp\/v2\/types\/post"}],"author":[{"embeddable":true,"href":"https:\/\/www.mojevrijeme.hr\/magazin\/wp-json\/wp\/v2\/users\/1"}],"replies":[{"embeddable":true,"href":"https:\/\/www.mojevrijeme.hr\/magazin\/wp-json\/wp\/v2\/comments?post=131480"}],"version-history":[{"count":8,"href":"https:\/\/www.mojevrijeme.hr\/magazin\/wp-json\/wp\/v2\/posts\/131480\/revisions"}],"predecessor-version":[{"id":131495,"href":"https:\/\/www.mojevrijeme.hr\/magazin\/wp-json\/wp\/v2\/posts\/131480\/revisions\/131495"}],"wp:featuredmedia":[{"embeddable":true,"href":"https:\/\/www.mojevrijeme.hr\/magazin\/wp-json\/wp\/v2\/media\/129903"}],"wp:attachment":[{"href":"https:\/\/www.mojevrijeme.hr\/magazin\/wp-json\/wp\/v2\/media?parent=131480"}],"wp:term":[{"taxonomy":"category","embeddable":true,"href":"https:\/\/www.mojevrijeme.hr\/magazin\/wp-json\/wp\/v2\/categories?post=131480"},{"taxonomy":"post_tag","embeddable":true,"href":"https:\/\/www.mojevrijeme.hr\/magazin\/wp-json\/wp\/v2\/tags?post=131480"}],"curies":[{"name":"wp","href":"https:\/\/api.w.org\/{rel}","templated":true}]}}