{"id":132388,"date":"2025-04-04T14:05:24","date_gmt":"2025-04-04T12:05:24","guid":{"rendered":"https:\/\/www.mojevrijeme.hr\/magazin\/?p=132388"},"modified":"2025-04-04T14:05:55","modified_gmt":"2025-04-04T12:05:55","slug":"bojimo-se-za-sebe-u-starosti-snaha-ne-zna-kuhati-a-sin-se-predao","status":"publish","type":"post","link":"https:\/\/www.mojevrijeme.hr\/magazin\/2025\/04\/bojimo-se-za-sebe-u-starosti-snaha-ne-zna-kuhati-a-sin-se-predao\/","title":{"rendered":"&#8216;Bojimo se za sebe u starosti, snaha ne zna kuhati, a sin se predao&#8217;"},"content":{"rendered":"\n<p>Nisu rijetki oni kojima po\u017ertvovnost prema djeci u starosti ostane neuzvra\u0107ena. Iako \u010desto cijeli \u017eivot pru\u017eaju mnogo i nastoje biti od pomo\u0107i mladim obiteljima, na kraju ne osje\u0107aju ni zahvalnost ni po\u0161tovanje s druge strane. O strahovima da joj ne\u0107e imati tko &#8220;donijeti \u010da\u0161u vode&#8221;, \u0161to je re\u010denica koja je postala sinonim za nebrigu o starijima, pisala nam je i gospo\u0111a <strong>Lucija<\/strong>.<\/p>\n\n\n\n<p>&#8220;\u017divim u malom gradu blizu Zagreba. Suprug i ja jo\u0161 radimo, no on bi idu\u0107e godine trebao oti\u0107i u mirovinu. Imamo troje djece, a k\u0107eri su se odselile i imaju svoje obitelji. Mi smo sinu i snahi dali dio svoje ku\u0107e, ali imamo svatko svoj ulaz, iako jedni k drugima mo\u017eemo do\u0107i i kroz unutarnji dio ku\u0107e&#8221;, opisuje.<\/p>\n\n\n\n<p>&#8220;\u0160to smo stariji, to se vi\u0161e brinemo tko \u0107e nam jednog dana biti od pomo\u0107i, kad vi\u0161e ne budemo mogli sve sami. K\u0107eri su nam predaleko, sin je donekle u redu prema nama, ali snaha je problemati\u010dna. Svojeglava je i nema nikakvog po\u0161tovanja prema nama. Kod nje nema ni osnovne kulture, ni ne pozdravlja. Ne u\u010di ni vlastito dijete osnovnom po\u0161tovanju prema starijima&#8221;, pi\u0161e gospo\u0111a Lucija.<\/p><div id=\"mojev-3050952759\" class=\"mojev-u-tekstu mojev-entity-placement\" style=\"margin-left: auto;margin-right: auto;text-align: center;\"><div class=\"mojev-adlabel\">oglas<\/div><div style=\"height: 250px;\"><script async src=\"https:\/\/pagead2.googlesyndication.com\/pagead\/js\/adsbygoogle.js?client=ca-pub-8106111766207173\"\r\n     crossorigin=\"anonymous\"><\/script>\r\n<!-- Prikazni 1 u tekstu -->\r\n<ins class=\"adsbygoogle\"\r\n     style=\"display:block\"\r\n     data-ad-client=\"ca-pub-8106111766207173\"\r\n     data-ad-slot=\"8535551207\"\r\n     data-ad-format=\"auto\"\r\n     data-full-width-responsive=\"true\"><\/ins>\r\n<script>\r\n     (adsbygoogle = window.adsbygoogle || []).push({});\r\n<\/script><\/div><\/div><br style=\"clear: both; display: block; float: none;\"\/>\n\n\n\n<h3 class=\"wp-block-heading\">Brige pred mirovinu se gomilaju<\/h3>\n\n\n\n<p>&#8220;To nas boli jer smo sve napravili za njih. Dali smo im velik dio ku\u0107e, pomogli im urediti stan. Sve joj omogu\u0107ili, ona nije trebala pridonijeti gotovo ni\u0161ta. O urednosti da ne govorim, a sve zbog lijenosti. Ne pada joj na pamet da ne\u0161to skuha, sin jede samo suhu hranu. Sre\u0107om pa unuka u vrti\u0107u ima topli obrok.&#8221;<\/p>\n\n\n\n<p>&#8220;Mnogo me toga mu\u010di, kao i mog supruga. Nismo vi\u0161e u punoj snazi. Ne znamo kako si pomo\u0107i, a treba misliti na starost. U nekoliko smo navrata o skrbi za nas razgovarali sa sinom, ali on samo uzvra\u0107a protupitanjima poput \u017eelimo li mi da se on rastane i ostavi svoju \u017eenu&#8221;, otkriva nam.<\/p>\n\n\n\n<p>&#8220;Naravno da to ne \u017eelimo, ali ono \u0161to si pri\u017eeljkujemo je samo malo po\u0161tovanja i nade u na\u0161u sigurnost jednog dana. Molim se jo\u0161 uvijek dragom Bogu da \u0107e se ne\u0161to promijeniti nabolje, u suprotnom \u0107emo morati dobro razmisliti \u0161to \u0107emo i kako \u0107emo&#8221;, zaklju\u010duje na\u0161a \u010ditateljica.<\/p>\n\n\n\n<h3 class=\"wp-block-heading\">Stanko: Prodat \u0107u ku\u0107u<\/h3>\n\n\n\n<p>Ako djeca nisu voljna brinuti o roditeljima niti im pomo\u0107i s tro\u0161kovima doma, onda ni roditelji nemaju obvezu ostaviti im imovinu. Kako nam pi\u0161e gospodin Stanko, bolje je sam se pobrinuti za starost nego \u010dekati zahvalnost koja mo\u017eda nikada ne\u0107e do\u0107i.<\/p>\n\n\n\n<p>&#8220;Nadanje je ludom radovanje&#8221;, pi\u0161e ovaj umirovljenik. &#8220;Odlu\u010dio sam da sin jedinac ne\u0107e dobiti ni\u0161ta jer sam uvidio da se moram sam pobrinuti za sebe. S mirovinom od 520 eura za dom nemam, a nemam ni u\u0161te\u0111evine. Imam jedino ku\u0107u koju sam sa suprugom gradio i ure\u0111ivao 40 godina i to mi je jedina garancija za sigurnu starost. Prodat \u0107u je kad do\u0111e vrijeme i odlazim u dom za starije u koji sam se zapisao. Ne \u017eelim vi\u0161e slu\u0161ati pogrde na ra\u010dun mojih stara\u010dkih problema.&#8221; O tome su nam svjedo\u010dali i umirovljenice Anita i Barica, a o njihovim odlukati mo\u017eete \u010ditati <a href=\"https:\/\/www.mojevrijeme.hr\/magazin\/2024\/11\/sve-cemo-prodati-i-platiti-si-dom-od-sina-i-snahe-nikakve-koristi\/\">ovdje<\/a>. Kako ste vi osigurali za starost? <\/p>\n\n\n\n<div id=\"crveno\"><\/p>\n\n\n\n<h3 class=\"wp-block-heading\">Zanima nas va\u0161a pri\u010da<\/h3>\n\n\n\n<p>\u017delite li i vi, posve anonimno, podijeliti svoje iskustvo i vi\u0111enje ove teme s nama i na\u0161im \u010ditateljima, mo\u017eete to u\u010diniti putem web obrasca <a rel=\"noreferrer noopener\" href=\"https:\/\/www.mojevrijeme.hr\/magazin\/povjerljivo\/\" target=\"_blank\">Povjerljivo<\/a>. Napi\u0161ite svoju pri\u010du!<\/p>\n\n\n\n<p><\/div>\n<div id=\"mojev-662332387\" class=\"mojev-kraj-teksta mojev-entity-placement\" style=\"margin-bottom: 20px;margin-left: auto;margin-right: auto;text-align: center;\"><div class=\"mojev-adlabel\">oglas<\/div><div style=\"height: 250px;\"><script async src=\"https:\/\/pagead2.googlesyndication.com\/pagead\/js\/adsbygoogle.js?client=ca-pub-8106111766207173\"\r\n     crossorigin=\"anonymous\"><\/script>\r\n<!-- Display-1 -->\r\n<ins class=\"adsbygoogle\"\r\n     style=\"display:block\"\r\n     data-ad-client=\"ca-pub-8106111766207173\"\r\n     data-ad-slot=\"1465712950\"\r\n     data-ad-format=\"auto\"\r\n     data-full-width-responsive=\"true\"><\/ins>\r\n<script>\r\n     (adsbygoogle = window.adsbygoogle || []).push({});\r\n<\/script><\/div><\/div>","protected":false},"excerpt":{"rendered":"<p>Sve vi\u0161e starijih, poput gospo\u0111e Lucije i gospodina Stanka, s gor\u010dinom otkrivaju da po\u017ertvovnost prema djeci ne jam\u010di sigurnu starost. Zato mnogi sve \u010de\u0161\u0107e donose te\u0161ke, ali pragmati\u010dne odluke. Ne \u010dekaju tu\u0111u pomo\u0107, ve\u0107 uzimaju sudbinu u svoje ruke.<\/p>\n","protected":false},"author":17,"featured_media":92074,"comment_status":"closed","ping_status":"closed","sticky":false,"template":"","format":"standard","meta":{"footnotes":""},"categories":[3552],"tags":[3532,1024],"class_list":["post-132388","post","type-post","status-publish","format-standard","has-post-thumbnail","hentry","category-povjerljivo","tag-roditelji-i-djeca","tag-uzdrzavanje"],"_links":{"self":[{"href":"https:\/\/www.mojevrijeme.hr\/magazin\/wp-json\/wp\/v2\/posts\/132388","targetHints":{"allow":["GET"]}}],"collection":[{"href":"https:\/\/www.mojevrijeme.hr\/magazin\/wp-json\/wp\/v2\/posts"}],"about":[{"href":"https:\/\/www.mojevrijeme.hr\/magazin\/wp-json\/wp\/v2\/types\/post"}],"author":[{"embeddable":true,"href":"https:\/\/www.mojevrijeme.hr\/magazin\/wp-json\/wp\/v2\/users\/17"}],"replies":[{"embeddable":true,"href":"https:\/\/www.mojevrijeme.hr\/magazin\/wp-json\/wp\/v2\/comments?post=132388"}],"version-history":[{"count":16,"href":"https:\/\/www.mojevrijeme.hr\/magazin\/wp-json\/wp\/v2\/posts\/132388\/revisions"}],"predecessor-version":[{"id":132413,"href":"https:\/\/www.mojevrijeme.hr\/magazin\/wp-json\/wp\/v2\/posts\/132388\/revisions\/132413"}],"wp:featuredmedia":[{"embeddable":true,"href":"https:\/\/www.mojevrijeme.hr\/magazin\/wp-json\/wp\/v2\/media\/92074"}],"wp:attachment":[{"href":"https:\/\/www.mojevrijeme.hr\/magazin\/wp-json\/wp\/v2\/media?parent=132388"}],"wp:term":[{"taxonomy":"category","embeddable":true,"href":"https:\/\/www.mojevrijeme.hr\/magazin\/wp-json\/wp\/v2\/categories?post=132388"},{"taxonomy":"post_tag","embeddable":true,"href":"https:\/\/www.mojevrijeme.hr\/magazin\/wp-json\/wp\/v2\/tags?post=132388"}],"curies":[{"name":"wp","href":"https:\/\/api.w.org\/{rel}","templated":true}]}}