{"id":13246,"date":"2018-03-15T10:48:08","date_gmt":"2018-03-15T09:48:08","guid":{"rendered":"https:\/\/www.mojevrijeme.hr\/magazin\/?p=13246"},"modified":"2018-03-15T11:10:29","modified_gmt":"2018-03-15T10:10:29","slug":"novi-reality-za-hrvatske-majke-sinove-i-buduce-snahe","status":"publish","type":"post","link":"https:\/\/www.mojevrijeme.hr\/magazin\/2018\/03\/novi-reality-za-hrvatske-majke-sinove-i-buduce-snahe\/","title":{"rendered":"Novi reality za hrvatske majke, sinove i budu\u0107e snahe"},"content":{"rendered":"<p>Nova Tv uskoro po\u010dinje emitirati novi reality show <strong>\u201c\u017denim sina?\u201d<\/strong> koji je postigao ogromnu popularnost u \u0161esnaest zemalja. U sredi\u0161tu pozornosti je majka koja uvijek zna \u0161to je najbolje za njezina sina i sin koji je spreman prona\u0107i ljubav.<\/p>\n<p>Majke i sinovi, osim \u0161to \u0107e i\u0107i na razli\u010dite izlete i sudjelovati u aktivnostima s djevojkama, kroz koje \u0107emo imati priliku vidjeti kako se koja od njih u \u010demu snalazi i ra\u0111a li se ljubav. Neke djevojke sinovi \u0107e pozvati k sebi, gdje \u0107e neko vrijeme boraviti na glavnom teritoriju majke.<\/p>\n<p>Na samom kraju avanture, u prisutnosti majke, kandidati \u0107e odlu\u010diti tko je njihova odabranica u kojoj vidi potencijal za vezu ili ne\u0161to vi\u0161e. Svoj odabir, ako se zvijezde poklope, potvrdit \u0107e simboli\u010dnim stavljanjem prstena na ruku odabrane djevojke, a daljnje stranice njihove ljubavi ispisat \u0107e \u017eivot.<\/p><div id=\"mojev-959455255\" class=\"mojev-u-tekstu mojev-entity-placement\" style=\"margin-left: auto;margin-right: auto;text-align: center;\"><div class=\"mojev-adlabel\">oglas<\/div><div style=\"height: 250px;\"><script async src=\"https:\/\/pagead2.googlesyndication.com\/pagead\/js\/adsbygoogle.js?client=ca-pub-8106111766207173\"\r\n     crossorigin=\"anonymous\"><\/script>\r\n<!-- Prikazni 1 u tekstu -->\r\n<ins class=\"adsbygoogle\"\r\n     style=\"display:block\"\r\n     data-ad-client=\"ca-pub-8106111766207173\"\r\n     data-ad-slot=\"8535551207\"\r\n     data-ad-format=\"auto\"\r\n     data-full-width-responsive=\"true\"><\/ins>\r\n<script>\r\n     (adsbygoogle = window.adsbygoogle || []).push({});\r\n<\/script><\/div><\/div><br style=\"clear: both; display: block; float: none;\"\/>\n<div id=\"attachment_13254\" style=\"width: 646px\" class=\"wp-caption aligncenter\"><img loading=\"lazy\" decoding=\"async\" aria-describedby=\"caption-attachment-13254\" class=\"size-medium wp-image-13254\" src=\"https:\/\/www.mojevrijeme.hr\/magazin\/wp-content\/uploads\/2018\/03\/adnan-636x352.jpg\" alt=\"\" width=\"636\" height=\"352\" srcset=\"https:\/\/www.mojevrijeme.hr\/magazin\/wp-content\/uploads\/2018\/03\/adnan-636x352.jpg 636w, https:\/\/www.mojevrijeme.hr\/magazin\/wp-content\/uploads\/2018\/03\/adnan.jpg 740w\" sizes=\"auto, (max-width: 636px) 100vw, 636px\" \/><p id=\"caption-attachment-13254\" class=\"wp-caption-text\">Adnan i Merima (foto: PR)<\/p><\/div>\n<h3>Adnan i Merima<\/h3>\n<p>Adnan\u00a0Avdi\u0107\u00a0dolazi iz Rijeke, a kako je dosta vremena proveo na brodu, onu pravu jo\u0161 nije prona\u0161ao, stoga je sre\u0107u odlu\u010dio potra\u017eiti upravo u showu &#8216;\u017denim sina?&#8217;. \u201eJa mogu re\u0107i mo\u017eda je bio povod njegovog prijavljivanja da se meni desila ljubav na prvi pogled. Za\u0161to ne bi i njemu? Nikad se ne zna!\u201c, otkriva\u00a0majka Merima\u00a0koja od svoje budu\u0107e snahe o\u010dekuje da bude dobra, iskrena i povjerljiva.<\/p>\n<p>S maj\u010dinim opisom izabranice sla\u017ee se i Adnan te dodaje kako mu izgled nije bitan, voli jednostavne djevojke, a volio bi tako\u0111er da mu budu\u0107a supruga bude karakterno sli\u010dna njegovoj majci.<\/p>\n<div id=\"attachment_13255\" style=\"width: 646px\" class=\"wp-caption aligncenter\"><img loading=\"lazy\" decoding=\"async\" aria-describedby=\"caption-attachment-13255\" class=\"size-medium wp-image-13255\" src=\"https:\/\/www.mojevrijeme.hr\/magazin\/wp-content\/uploads\/2018\/03\/elvis-636x352.jpg\" alt=\"\" width=\"636\" height=\"352\" srcset=\"https:\/\/www.mojevrijeme.hr\/magazin\/wp-content\/uploads\/2018\/03\/elvis-636x352.jpg 636w, https:\/\/www.mojevrijeme.hr\/magazin\/wp-content\/uploads\/2018\/03\/elvis.jpg 740w\" sizes=\"auto, (max-width: 636px) 100vw, 636px\" \/><p id=\"caption-attachment-13255\" class=\"wp-caption-text\">Elvis i Elanoris (foto: PR)<\/p><\/div>\n<h3>Elvis i Elanoris<\/h3>\n<p>Elvis Vaupoti\u0107, animator za djecu, spreman je na\u0107i svoju bolju polovicu, a u tome \u0107e mu pomo\u0107i majka Elanoris. Njeno mi\u0161ljenje Elvis \u0107e sigurno rado prihvatiti jer kod ovog dvojca sva\u0111e nema. \u201eDosta dobro uigran tim. Imamo puno toga zajedni\u010dkog, ali se lijepo sla\u017eemo i znamo si biti dobra potpora\u201c, tvrdi Elvis, a naj\u010de\u0161\u0107i savjet koji dobiva od majke jest da bude sretan i svoj. U izboru djevojke,\u00a0majka Elanoris\u00a0i sin Elvis dijele mi\u0161ljenje. Ona mora biti &#8211; vrckasta, vesela, pozitivna i s avanturisti\u010dkim duhom.<\/p>\n<p>\u201eSamo da je pozitivna, da je iskrena. Da mu je potpora u svemu. Da bude uz njega kad mu je to potrebno. Naravno i on uz nju\u201c, nadodala je majka. Elvis sebe opisuje kao velikog romanti\u010dara, a njegov glavni adut je \u0161arm. \u201eVjerujem da i \u017eenske padaju na to.\u201c zaklju\u010duje Elvis i dodaje: \u201eDobro, za izgled imam to \u0161to imam. To sve ovisi o drugoj strani.<\/p>\n<div id=\"attachment_13256\" style=\"width: 646px\" class=\"wp-caption aligncenter\"><img loading=\"lazy\" decoding=\"async\" aria-describedby=\"caption-attachment-13256\" class=\"size-medium wp-image-13256\" src=\"https:\/\/www.mojevrijeme.hr\/magazin\/wp-content\/uploads\/2018\/03\/marko-636x352.jpg\" alt=\"\" width=\"636\" height=\"352\" srcset=\"https:\/\/www.mojevrijeme.hr\/magazin\/wp-content\/uploads\/2018\/03\/marko-636x352.jpg 636w, https:\/\/www.mojevrijeme.hr\/magazin\/wp-content\/uploads\/2018\/03\/marko.jpg 740w\" sizes=\"auto, (max-width: 636px) 100vw, 636px\" \/><p id=\"caption-attachment-13256\" class=\"wp-caption-text\">Marko i Ana (foto: PR)<\/p><\/div>\n<h3>Marko i Ana<\/h3>\n<p>Rabljanin\u00a0Marko Sandali\u0107\u00a0spreman je za novu \u017eivotnu avanturu. U potragu za srodnom du\u0161om uklju\u010dio je i mamu. \u201eHtio bih upoznati nekoga kome mogu vjerovat.\u201c ka\u017ee Marko te dodaje kako tra\u017ei dobre i iskrene djevojke i nada se kako \u0107e jednu upravo takvu osvojiti u novom showu &#8216;\u017denim sina?&#8217;.<\/p>\n<p>\u201eJa nisam \u010dovjek koji \u010deka da mu se stvari u \u017eivotu dese. Nisam netko tko sjedi. Meni kad se netko svi\u0111a ja mu dam do znanja. Kupim cvije\u0107e ili \u010dokoladu.\u201c otkriva Marko, ali i priznaje da neke romanti\u010dne situacije nisu pro\u0161le ba\u0161 kako je o\u010dekivao. \u201eJedna mi je jednom razbila auto.\u201c kazao je kroz smijeh te dodao kako je upravo \u0161arm njegov glavni adut u osvajanju djevojke: \u201e\u0160arma ima tu uvijek. Mo\u017eda ta neka stara, be\u010dka \u0161kola. Evo to je genetika, baka pokojna je bila iz Be\u010da.\u201c\u00a0Majka Ana\u00a0voljela bi da njezin sin na\u0111e dobru djevojku s kojom \u0107e i ona biti prijateljica. \u201eJa bih voljela nekoga tko zna biti dobar \u010dovjek i drug. Za mene je to vrlo va\u017eno.\u201c izjavila je majka i zaklju\u010dila: \u201eVolim obiteljske djevojke. Ne volim izlete u braku. To bi meni te\u0161ko palo. Smatrala bih da je time moje dijete jako pogo\u0111eno.\u201c<\/p>\n<div id=\"attachment_13257\" style=\"width: 646px\" class=\"wp-caption aligncenter\"><img loading=\"lazy\" decoding=\"async\" aria-describedby=\"caption-attachment-13257\" class=\"size-medium wp-image-13257\" src=\"https:\/\/www.mojevrijeme.hr\/magazin\/wp-content\/uploads\/2018\/03\/igor-636x352.jpg\" alt=\"\" width=\"636\" height=\"352\" srcset=\"https:\/\/www.mojevrijeme.hr\/magazin\/wp-content\/uploads\/2018\/03\/igor-636x352.jpg 636w, https:\/\/www.mojevrijeme.hr\/magazin\/wp-content\/uploads\/2018\/03\/igor.jpg 740w\" sizes=\"auto, (max-width: 636px) 100vw, 636px\" \/><p id=\"caption-attachment-13257\" class=\"wp-caption-text\">Igor i Marica (foto: PR)<\/p><\/div>\n<h3>Igor i Marica<\/h3>\n<p>Igor u\u017eiva u odlascima u teretanu te vo\u017enji motorom, a i veliki je ljubitelj \u017eivotinja, pa slobodno vrijeme provodi sa svoja dva psa. Otkrio je i kako bi najradije vrijeme proveo sa svojom izabranicom: \u201eZajedni\u010dka ve\u010dera, gledanje televizije. Vikendima izlasci, izleti, \u0161etnje, a poveo bih ju i na motorijadu.\u201c Za svoj savr\u0161en izlazak na spoj Igor bi se, tvrdi, potrudio napraviti ne\u0161to originalno.<\/p>\n<p>U showu \u0107e mu potporu pru\u017eiti i majka Marica koja otkriva kakvu djevojku pri\u017eeljkuje za svog sina: \u201eDa ima vi\u0161e tradicionalne vrijednosti, da bude iskrena, da mu bude podr\u0161ka kroz cijeli \u017eivot, a bilo bi po\u017eeljno da radi.\u201c<\/p>\n<div id=\"mojev-2023446968\" class=\"mojev-kraj-teksta mojev-entity-placement\" style=\"margin-bottom: 20px;margin-left: auto;margin-right: auto;text-align: center;\"><div class=\"mojev-adlabel\">oglas<\/div><div style=\"height: 250px;\"><script async src=\"https:\/\/pagead2.googlesyndication.com\/pagead\/js\/adsbygoogle.js?client=ca-pub-8106111766207173\"\r\n     crossorigin=\"anonymous\"><\/script>\r\n<!-- Display-1 -->\r\n<ins class=\"adsbygoogle\"\r\n     style=\"display:block\"\r\n     data-ad-client=\"ca-pub-8106111766207173\"\r\n     data-ad-slot=\"1465712950\"\r\n     data-ad-format=\"auto\"\r\n     data-full-width-responsive=\"true\"><\/ins>\r\n<script>\r\n     (adsbygoogle = window.adsbygoogle || []).push({});\r\n<\/script><\/div><\/div>","protected":false},"excerpt":{"rendered":"<p>Majke i sinovi, osim \u0161to \u0107e i\u0107i na razli\u010dite izlete i sudjelovati u aktivnostima s djevojkama, kroz koje \u0107emo imati priliku vidjeti kako se koja od njih u \u010demu snalazi i ra\u0111a li se ljubav. Neke djevojke sinovi \u0107e pozvati k sebi, gdje \u0107e neko vrijeme boraviti na glavnom teritoriju majke.<\/p>\n","protected":false},"author":1,"featured_media":13247,"comment_status":"closed","ping_status":"closed","sticky":false,"template":"","format":"standard","meta":{"footnotes":""},"categories":[84],"tags":[1062,142,1128],"class_list":["post-13246","post","type-post","status-publish","format-standard","has-post-thumbnail","hentry","category-show","tag-reality-show","tag-televizija","tag-zenim-sina"],"_links":{"self":[{"href":"https:\/\/www.mojevrijeme.hr\/magazin\/wp-json\/wp\/v2\/posts\/13246","targetHints":{"allow":["GET"]}}],"collection":[{"href":"https:\/\/www.mojevrijeme.hr\/magazin\/wp-json\/wp\/v2\/posts"}],"about":[{"href":"https:\/\/www.mojevrijeme.hr\/magazin\/wp-json\/wp\/v2\/types\/post"}],"author":[{"embeddable":true,"href":"https:\/\/www.mojevrijeme.hr\/magazin\/wp-json\/wp\/v2\/users\/1"}],"replies":[{"embeddable":true,"href":"https:\/\/www.mojevrijeme.hr\/magazin\/wp-json\/wp\/v2\/comments?post=13246"}],"version-history":[{"count":0,"href":"https:\/\/www.mojevrijeme.hr\/magazin\/wp-json\/wp\/v2\/posts\/13246\/revisions"}],"wp:featuredmedia":[{"embeddable":true,"href":"https:\/\/www.mojevrijeme.hr\/magazin\/wp-json\/wp\/v2\/media\/13247"}],"wp:attachment":[{"href":"https:\/\/www.mojevrijeme.hr\/magazin\/wp-json\/wp\/v2\/media?parent=13246"}],"wp:term":[{"taxonomy":"category","embeddable":true,"href":"https:\/\/www.mojevrijeme.hr\/magazin\/wp-json\/wp\/v2\/categories?post=13246"},{"taxonomy":"post_tag","embeddable":true,"href":"https:\/\/www.mojevrijeme.hr\/magazin\/wp-json\/wp\/v2\/tags?post=13246"}],"curies":[{"name":"wp","href":"https:\/\/api.w.org\/{rel}","templated":true}]}}