{"id":132756,"date":"2025-04-08T22:39:40","date_gmt":"2025-04-08T20:39:40","guid":{"rendered":"https:\/\/www.mojevrijeme.hr\/magazin\/?p=132756"},"modified":"2025-04-08T22:41:45","modified_gmt":"2025-04-08T20:41:45","slug":"tri-koraka-do-vecih-mirovina-bacic-je-iznio-plan-za-umirovljenike","status":"publish","type":"post","link":"https:\/\/www.mojevrijeme.hr\/magazin\/2025\/04\/tri-koraka-do-vecih-mirovina-bacic-je-iznio-plan-za-umirovljenike\/","title":{"rendered":"Tri koraka do ve\u0107ih mirovina, Ba\u010di\u0107 je iznio plan za umirovljenike"},"content":{"rendered":"\n<p>Potpredsjednik Vlade i ministar graditeljstva <strong>Branko Ba\u010di\u0107<\/strong> najavio je da \u0107e u srijedu biti predstavljene klju\u010dne mjere novog Zakona o mirovinskom osiguranju (ZOMO). Na taj \u0107e na\u010din pove\u0107ati rast mirovina, izjavio je nakon sastanka parlamentarne ve\u0107ine.<\/p>\n\n\n\n<p>Novi ZOMO \u0107e promijeniti formulu za uskla\u0111ivanje mirovina na 85-15 u korist povoljnijeg indeksa, ili rasta pla\u0107a ili cijena. &#8220;Dr\u017eimo da \u0107e u tom kontekstu na\u0161im umirovljenicima i\u0107i u prilog indeks koji se odnosi na rast prosje\u010dne pla\u0107e u Hrvatskoj, a koji je iznimno zna\u010dajan i vidljiv u proteklim godinama&#8221;, rekao je.<\/p>\n\n\n\n<p>Zakon predvi\u0111a i druge mjere; 13. mirovinu, odnosno poseban dodatak na mirovinu, smanjivanje penalizacije za gra\u0111ane koji su navr\u0161ili 70 godina, a oti\u0161li su u prijevremenu mirovinu, te rast minimalne mirovine.<\/p><div id=\"mojev-1245313102\" class=\"mojev-u-tekstu mojev-entity-placement\" style=\"margin-left: auto;margin-right: auto;text-align: center;\"><div class=\"mojev-adlabel\">oglas<\/div><div style=\"height: 250px;\"><script async src=\"https:\/\/pagead2.googlesyndication.com\/pagead\/js\/adsbygoogle.js?client=ca-pub-8106111766207173\"\r\n     crossorigin=\"anonymous\"><\/script>\r\n<!-- Prikazni 1 u tekstu -->\r\n<ins class=\"adsbygoogle\"\r\n     style=\"display:block\"\r\n     data-ad-client=\"ca-pub-8106111766207173\"\r\n     data-ad-slot=\"8535551207\"\r\n     data-ad-format=\"auto\"\r\n     data-full-width-responsive=\"true\"><\/ins>\r\n<script>\r\n     (adsbygoogle = window.adsbygoogle || []).push({});\r\n<\/script><\/div><\/div><br style=\"clear: both; display: block; float: none;\"\/>\n\n\n\n<p>Ba\u010di\u0107 je tako\u0111er naveo kako ih je premijer upoznao s \u010dinjenicom da danas bilje\u017eimo rekordan broj osiguranika u mirovinskom sustavu koji iznosi preko 1.720.000, \u0161to je rast od 100.000 osiguranika u dvije godine.<\/p>\n\n\n\n<p>&#8220;To je jedan pokazatelj da je hrvatsko gospodarstvo iznimno aktivno, da nam nedostaje konstantno radne snage i radnika. U tom kontekstu je bilo rije\u010di i o Zakonu o strancima, o izdavanju dozvola stranim radnicima kako bismo mogli kvalitetno odgovoriti na veliki zahtjev hrvatskog gospodarstva za novim brojem osiguranika&#8221;, istaknuo je.<\/p>\n<div id=\"mojev-430412492\" class=\"mojev-kraj-teksta mojev-entity-placement\" style=\"margin-bottom: 20px;margin-left: auto;margin-right: auto;text-align: center;\"><div class=\"mojev-adlabel\">oglas<\/div><div style=\"height: 250px;\"><script async src=\"https:\/\/pagead2.googlesyndication.com\/pagead\/js\/adsbygoogle.js?client=ca-pub-8106111766207173\"\r\n     crossorigin=\"anonymous\"><\/script>\r\n<!-- Display-1 -->\r\n<ins class=\"adsbygoogle\"\r\n     style=\"display:block\"\r\n     data-ad-client=\"ca-pub-8106111766207173\"\r\n     data-ad-slot=\"1465712950\"\r\n     data-ad-format=\"auto\"\r\n     data-full-width-responsive=\"true\"><\/ins>\r\n<script>\r\n     (adsbygoogle = window.adsbygoogle || []).push({});\r\n<\/script><\/div><\/div>","protected":false},"excerpt":{"rendered":"<p>Novi Zakon o mirovinskom osiguranju donosi promjene u korist umirovljenika. Ipak, ostaje pitanje: ho\u0107e li te mjere doista osjetiti oni s najmanjim primanjima?<\/p>\n","protected":false},"author":1,"featured_media":132761,"comment_status":"closed","ping_status":"closed","sticky":false,"template":"","format":"standard","meta":{"footnotes":""},"categories":[9],"tags":[1761,1116,3498,971],"class_list":["post-132756","post","type-post","status-publish","format-standard","has-post-thumbnail","hentry","category-vijesti","tag-branko-bacic","tag-mirovinska-reforma","tag-penalizacija","tag-uskladivanje-mirovina"],"_links":{"self":[{"href":"https:\/\/www.mojevrijeme.hr\/magazin\/wp-json\/wp\/v2\/posts\/132756","targetHints":{"allow":["GET"]}}],"collection":[{"href":"https:\/\/www.mojevrijeme.hr\/magazin\/wp-json\/wp\/v2\/posts"}],"about":[{"href":"https:\/\/www.mojevrijeme.hr\/magazin\/wp-json\/wp\/v2\/types\/post"}],"author":[{"embeddable":true,"href":"https:\/\/www.mojevrijeme.hr\/magazin\/wp-json\/wp\/v2\/users\/1"}],"replies":[{"embeddable":true,"href":"https:\/\/www.mojevrijeme.hr\/magazin\/wp-json\/wp\/v2\/comments?post=132756"}],"version-history":[{"count":8,"href":"https:\/\/www.mojevrijeme.hr\/magazin\/wp-json\/wp\/v2\/posts\/132756\/revisions"}],"predecessor-version":[{"id":132791,"href":"https:\/\/www.mojevrijeme.hr\/magazin\/wp-json\/wp\/v2\/posts\/132756\/revisions\/132791"}],"wp:featuredmedia":[{"embeddable":true,"href":"https:\/\/www.mojevrijeme.hr\/magazin\/wp-json\/wp\/v2\/media\/132761"}],"wp:attachment":[{"href":"https:\/\/www.mojevrijeme.hr\/magazin\/wp-json\/wp\/v2\/media?parent=132756"}],"wp:term":[{"taxonomy":"category","embeddable":true,"href":"https:\/\/www.mojevrijeme.hr\/magazin\/wp-json\/wp\/v2\/categories?post=132756"},{"taxonomy":"post_tag","embeddable":true,"href":"https:\/\/www.mojevrijeme.hr\/magazin\/wp-json\/wp\/v2\/tags?post=132756"}],"curies":[{"name":"wp","href":"https:\/\/api.w.org\/{rel}","templated":true}]}}