{"id":13280,"date":"2018-03-15T18:13:13","date_gmt":"2018-03-15T17:13:13","guid":{"rendered":"https:\/\/www.mojevrijeme.hr\/magazin\/?p=13280"},"modified":"2019-04-17T20:33:22","modified_gmt":"2019-04-17T18:33:22","slug":"pravo-doba-sajam-za-zrele-generacije","status":"publish","type":"post","link":"https:\/\/www.mojevrijeme.hr\/magazin\/2018\/03\/pravo-doba-sajam-za-zrele-generacije\/","title":{"rendered":"Pravo doba &#8211;  sajam za zrele generacije"},"content":{"rendered":"<p>\u010cetvrto izdanje PRAVOG DOBA, jedinstvenog projekta u Hrvatskoj postat \u0107e mjesto na kojem se nudi zabava, edukacija, rekreacija, zdravstveni pregledi i savjetovanja, ali i progovara o temama koje ti\u0161te starije i ne\u0161to mla\u0111e generacije, a ti\u010du se \u017eivljenja u zreloj dobi.<\/p>\n<div id=\"zeleno\"><\/p>\n<h3>Gdje? Kada? Koliko?<\/h3>\n<p><strong>Kongresni centar Zagreba\u010dkog velesajma<\/strong><\/p>\n<p>Od \u010detvrtka 17. do subote 19. svibnja 2018. godine, svaki dan od 10 do 18 sati.<\/p>\n<p>Ulaz na sajam je besplatan. <\/div>\n<p>Izlaga\u010di i predava\u010di \u0107e dati zanimljive i korisne informacije o o\u010duvanju i pobolj\u0161anju zdravlja. Lje\u010dili\u0161ta, toplice, poliklinike prezentirat \u0107e svoje usluge i nuditi pogodnosti, a u pripremi su i radionice i predavanja na kojima \u0107e se posjetitelji mo\u0107i\u00a0 posavjetovati sa stru\u010dnim osobama.<\/p>\n<p>U suradnji s izlaga\u010dima organizira se Besplatni mali sistematski pregled, prilikom kojeg \u0107e se mo\u0107i provjeriti \u00a0stanje sluha, vida, krvnog tlaka, izmjeriti razinu \u0161e\u0107era u krvi, gusto\u0107e \u00a0kostiju, vitaminsko mineralnog statusa u organizmu, napraviti EKG.<\/p><div id=\"mojev-2552222883\" class=\"mojev-u-tekstu mojev-entity-placement\" style=\"margin-left: auto;margin-right: auto;text-align: center;\"><div class=\"mojev-adlabel\">oglas<\/div><div style=\"height: 250px;\"><script async src=\"https:\/\/pagead2.googlesyndication.com\/pagead\/js\/adsbygoogle.js?client=ca-pub-8106111766207173\"\r\n     crossorigin=\"anonymous\"><\/script>\r\n<!-- Prikazni 1 u tekstu -->\r\n<ins class=\"adsbygoogle\"\r\n     style=\"display:block\"\r\n     data-ad-client=\"ca-pub-8106111766207173\"\r\n     data-ad-slot=\"8535551207\"\r\n     data-ad-format=\"auto\"\r\n     data-full-width-responsive=\"true\"><\/ins>\r\n<script>\r\n     (adsbygoogle = window.adsbygoogle || []).push({});\r\n<\/script><\/div><\/div><br style=\"clear: both; display: block; float: none;\"\/>\n<div id=\"attachment_13285\" style=\"width: 646px\" class=\"wp-caption aligncenter\"><img loading=\"lazy\" decoding=\"async\" aria-describedby=\"caption-attachment-13285\" class=\"size-medium wp-image-13285\" src=\"https:\/\/www.mojevrijeme.hr\/magazin\/wp-content\/uploads\/2018\/03\/pravo-doba-dusko-636x352.jpg\" alt=\"\" width=\"636\" height=\"352\" srcset=\"https:\/\/www.mojevrijeme.hr\/magazin\/wp-content\/uploads\/2018\/03\/pravo-doba-dusko-636x352.jpg 636w, https:\/\/www.mojevrijeme.hr\/magazin\/wp-content\/uploads\/2018\/03\/pravo-doba-dusko-150x83.jpg 150w, https:\/\/www.mojevrijeme.hr\/magazin\/wp-content\/uploads\/2018\/03\/pravo-doba-dusko.jpg 740w\" sizes=\"auto, (max-width: 636px) 100vw, 636px\" \/><p id=\"caption-attachment-13285\" class=\"wp-caption-text\">Pravo doba, Zagreb (foto: PR)<\/p><\/div>\n<p>Ulaskom u pedesete i \u0161ezdesete godine pojavljuje se i dovoljno slobodnog vremena za putovanja, bavljenje aktivnostima koje su do tada bile zanemarivane uslijed roditeljskih, poslovnih i drugih obaveza. Zbog\u00a0 toga \u0107e na Sajmu sudjelovati i turisti\u010dke agencije sa zanimljivim programima putovanja, a razli\u010dite kreativne radionice mo\u017eda Vas potaknu da prona\u0111ete \u00a0novi hobi.<\/p>\n<p>Tako\u0111er, ponekad se pojavi i potreba za dodatnom njegom i upotrebom pomagala, stoga \u0107e domovi za starije osobe na PRAVOM DOBU prezentirati svoju ponudu, a tvrtke s opremom i pomagalima koja olak\u0161avaju kretanje i svakodnevne aktivnosti \u0107e ponuditi svoje proizvode i savjetovati o njihovoj primjeni.<\/p>\n<p>Posjetitelje o\u010dekuje bogat, zanimljiv i edukativan stru\u010dno prate\u0107i program koji se sastoji od stru\u010dnih skupova i radionica aktivnog i zdravog starenja.<\/p>\n<p>Svi posjetitelji Sajma mogu sudjelovati u zanimljivom nagradnom kvizu i osvojiti neku od nagrada koje \u0107e pripremiti izlaga\u010di i suradnici. Dio izlaga\u010da \u0107e tako\u0111er na svojim \u0161tandovima organizirati nagradne igre s atraktivnim nagradama.<\/p>\n<p>Organizator PRAVOG DOBA je Zagreba\u010dki velesajam, a suorganizatori stru\u010dnog i popratnog programa su Grad Zagreb &#8211; Gradski ured za socijalnu za\u0161titu i osobe s invaliditetom i Zaklada Zajedni\u010dki put.\u00a0Vi\u0161e informacija na <a href=\"http:\/\/www.zv.hr\/sajmovi-7\/pravo-doba-65\/posjetitelji-2765\/o-sajmu-2771\/2771\" target=\"_blank\" rel=\"noopener noreferrer\">slu\u017ebenim stranicama<\/a> i\u00a0 <a href=\"https:\/\/www.facebook.com\/pravodoba\" target=\"_blank\" rel=\"noopener noreferrer\">Facebooku<\/a>.<\/p>\n<div id=\"attachment_13286\" style=\"width: 646px\" class=\"wp-caption aligncenter\"><img loading=\"lazy\" decoding=\"async\" aria-describedby=\"caption-attachment-13286\" class=\"wp-image-13286 size-medium\" src=\"https:\/\/www.mojevrijeme.hr\/magazin\/wp-content\/uploads\/2018\/03\/pravo-doba-636x352.jpg\" alt=\"\" width=\"636\" height=\"352\" srcset=\"https:\/\/www.mojevrijeme.hr\/magazin\/wp-content\/uploads\/2018\/03\/pravo-doba-636x352.jpg 636w, https:\/\/www.mojevrijeme.hr\/magazin\/wp-content\/uploads\/2018\/03\/pravo-doba.jpg 740w\" sizes=\"auto, (max-width: 636px) 100vw, 636px\" \/><p id=\"caption-attachment-13286\" class=\"wp-caption-text\">Pravo doba, Zagreb (foto: PR)<\/p><\/div>\n<p>&nbsp;<\/p>\n<div id=\"mojev-1415992055\" class=\"mojev-kraj-teksta mojev-entity-placement\" style=\"margin-bottom: 20px;margin-left: auto;margin-right: auto;text-align: center;\"><div class=\"mojev-adlabel\">oglas<\/div><div style=\"height: 250px;\"><script async src=\"https:\/\/pagead2.googlesyndication.com\/pagead\/js\/adsbygoogle.js?client=ca-pub-8106111766207173\"\r\n     crossorigin=\"anonymous\"><\/script>\r\n<!-- Display-1 -->\r\n<ins class=\"adsbygoogle\"\r\n     style=\"display:block\"\r\n     data-ad-client=\"ca-pub-8106111766207173\"\r\n     data-ad-slot=\"1465712950\"\r\n     data-ad-format=\"auto\"\r\n     data-full-width-responsive=\"true\"><\/ins>\r\n<script>\r\n     (adsbygoogle = window.adsbygoogle || []).push({});\r\n<\/script><\/div><\/div>","protected":false},"excerpt":{"rendered":"<p>Posjetitelje o\u010dekuje bogat, zanimljiv i edukativan stru\u010dno prate\u0107i program koji se sastoji od stru\u010dnih skupova i radionica aktivnog i zdravog starenja.<\/p>\n","protected":false},"author":5,"featured_media":13315,"comment_status":"closed","ping_status":"closed","sticky":false,"template":"","format":"standard","meta":{"footnotes":""},"categories":[136],"tags":[807,1129,522],"class_list":["post-13280","post","type-post","status-publish","format-standard","has-post-thumbnail","hentry","category-promo","tag-pravo-doba","tag-proba","tag-velesajam"],"_links":{"self":[{"href":"https:\/\/www.mojevrijeme.hr\/magazin\/wp-json\/wp\/v2\/posts\/13280","targetHints":{"allow":["GET"]}}],"collection":[{"href":"https:\/\/www.mojevrijeme.hr\/magazin\/wp-json\/wp\/v2\/posts"}],"about":[{"href":"https:\/\/www.mojevrijeme.hr\/magazin\/wp-json\/wp\/v2\/types\/post"}],"author":[{"embeddable":true,"href":"https:\/\/www.mojevrijeme.hr\/magazin\/wp-json\/wp\/v2\/users\/5"}],"replies":[{"embeddable":true,"href":"https:\/\/www.mojevrijeme.hr\/magazin\/wp-json\/wp\/v2\/comments?post=13280"}],"version-history":[{"count":0,"href":"https:\/\/www.mojevrijeme.hr\/magazin\/wp-json\/wp\/v2\/posts\/13280\/revisions"}],"wp:featuredmedia":[{"embeddable":true,"href":"https:\/\/www.mojevrijeme.hr\/magazin\/wp-json\/wp\/v2\/media\/13315"}],"wp:attachment":[{"href":"https:\/\/www.mojevrijeme.hr\/magazin\/wp-json\/wp\/v2\/media?parent=13280"}],"wp:term":[{"taxonomy":"category","embeddable":true,"href":"https:\/\/www.mojevrijeme.hr\/magazin\/wp-json\/wp\/v2\/categories?post=13280"},{"taxonomy":"post_tag","embeddable":true,"href":"https:\/\/www.mojevrijeme.hr\/magazin\/wp-json\/wp\/v2\/tags?post=13280"}],"curies":[{"name":"wp","href":"https:\/\/api.w.org\/{rel}","templated":true}]}}