{"id":132822,"date":"2025-04-09T12:04:05","date_gmt":"2025-04-09T10:04:05","guid":{"rendered":"https:\/\/www.mojevrijeme.hr\/magazin\/?p=132822"},"modified":"2025-04-09T18:59:42","modified_gmt":"2025-04-09T16:59:42","slug":"majke-se-dijele-u-tri-kategorije-mirovina-ide-na-800-eura","status":"publish","type":"post","link":"https:\/\/www.mojevrijeme.hr\/magazin\/2025\/04\/majke-se-dijele-u-tri-kategorije-mirovina-ide-na-800-eura\/","title":{"rendered":"Vlada majke dijeli na tri kategorije, mirovina ide na 800 eura"},"content":{"rendered":"\n<p>Ministarstvo rada, mirovinskoga sustava, obitelji i socijalne politike  predstavilo je mirovinsku reformu koja bi kroz novi Zakon o mirovinskom osiguranju (ZOMO) trebala za\u017eivjeti sredinom godine. Time \u0107e, smatraju, posti\u0107i primjerenu visinu mirovina, smanjiti rodni jaz u mirovinama i potaknuti povratak dijela umirovljenika na tr\u017ei\u0161te rada. <\/p>\n\n\n\n<p>Da novi ZOMO ipak ne\u0107e rije\u0161iti sve, zna i ministar Marin Pileti\u0107, ali \u0107e, najavljuje, do kraja mandata aktualne vlade prosje\u010dna mirovina dosegnuti 800 eura. Tomu \u0107e pomo\u0107i rast minimalne mirovine, nova formula uskla\u0111ivanja, trajni dodatak na mirovine ili 13. mirovina, povoljnija bonifikacija duljeg rada, ali i ve\u0107a prava za umirovljenike koji rade. <\/p>\n\n\n\n<h3 class=\"wp-block-heading\">Opet nepravda za majke<\/h3>\n\n\n\n<p>Pove\u0107anje sta\u017ea za majke na 12 mjeseci za svako dijete jedna je od novina koju donosi reforma, kazao je Pileti\u0107. Potvrdio je ono od \u010dega su mnogi strahovali &#8211; rije\u010d je samo o novoumirovljenim majkama. To \u0107e pak dovesti do produbljivanja nezadovoljstva me\u0111u umirovljenicama koje su ve\u0107 sada razvrstane u dvije kategorije: one koje su se umirovile prije 2019. godine i koje nisu dobile ni\u0161ta te one koje su se umirovile kasnije pa su dobile \u0161est mjeseci. Reforma, dakle, uvodi i tre\u0107u kategoriju majki s 12 mjeseci maj\u010dinskog dodatka, a koje \u0107e imati efektivno pove\u0107anje mirovine oko tri posto po djetetu.<\/p><div id=\"mojev-1023052545\" class=\"mojev-u-tekstu mojev-entity-placement\" style=\"margin-left: auto;margin-right: auto;text-align: center;\"><div class=\"mojev-adlabel\">oglas<\/div><div style=\"height: 250px;\"><script async src=\"https:\/\/pagead2.googlesyndication.com\/pagead\/js\/adsbygoogle.js?client=ca-pub-8106111766207173\"\r\n     crossorigin=\"anonymous\"><\/script>\r\n<!-- Prikazni 1 u tekstu -->\r\n<ins class=\"adsbygoogle\"\r\n     style=\"display:block\"\r\n     data-ad-client=\"ca-pub-8106111766207173\"\r\n     data-ad-slot=\"8535551207\"\r\n     data-ad-format=\"auto\"\r\n     data-full-width-responsive=\"true\"><\/ins>\r\n<script>\r\n     (adsbygoogle = window.adsbygoogle || []).push({});\r\n<\/script><\/div><\/div><br style=\"clear: both; display: block; float: none;\"\/>\n\n\n\n<h3 class=\"wp-block-heading\">Penalizacija se ukida, lak\u0161e do obiteljske mirovine<\/h3>\n\n\n\n<p>Vladaju\u0107i ukidaju i penalizaciju prijevremenih mirovina nakon 70. godine \u017eivota, iako su se tomu usprotivili <a href=\"https:\/\/www.mojevrijeme.hr\/magazin\/2025\/04\/tko-ode-u-prijevremenu-mirovinu-na-kraju-dobije-vise-ceh-placaju-oni-koji-rade-do-65\/\" data-type=\"post\" data-id=\"132147\">neki ekonomski stru\u010dnjaci<\/a> koji ukazuju na to da prijevremeni umirovljenici ve\u0107 sada dobivaju ukupno vi\u0161e novca od onih koji su odradili puni radni vijek. Bri\u0161e se i uvjet za odbijanje prava na obiteljsku mirovinu na temelju izvanbra\u010dne zajednice koja je trajala prije 28. o\u017eujka 2008. godine te \u0107e se tako priznati i izvanbra\u010dna zajednica koja je postojala i prestala i prije tog datuma.<\/p>\n\n\n\n<h3 class=\"wp-block-heading\">13. mirovina jo\u0161 je nepoznanica<\/h3>\n\n\n\n<p>Formula uskla\u0111ivanja mijenja se na 85:15 u korist povoljnijeg indeksa. Trinaesta mirovina \u0107e se ra\u010dunati kao umno\u017eak broja godina mirovinskog sta\u017ea s vrijedno\u0161\u0107u koje \u0107e svake godine odre\u0111ivati Vlada. Iznos nije poznat, ka\u017ee Pileti\u0107, a Vlada \u0107e ga utvrditi u listopadu. Prvi takav dodatak na ra\u010dunima umirovljenika trebao bi biti u prosincu. Ka\u017ee, taj iznos ne\u0107e biti simboli\u010dan. Pove\u0107anje vrijednosti najni\u017ee mirovine za tri posto, tako\u0111er je novina koju ova reforma uvodi kao i mogu\u0107nost rada na puno radno vrijeme uz isplatu polovine mirovine.<\/p>\n\n\n\n<div id=\"crveno\"><\/p>\n\n\n\n<h3 class=\"wp-block-heading\">Zanima nas va\u0161a pri\u010da<\/h3>\n\n\n\n<p>\u017delite li i vi, posve anonimno, podijeliti svoje iskustvo i vi\u0111enje ove teme s nama i na\u0161im \u010ditateljima, mo\u017eete to u\u010diniti putem web obrasca <a rel=\"noreferrer noopener\" href=\"https:\/\/www.mojevrijeme.hr\/magazin\/povjerljivo\/\" target=\"_blank\">Povjerljivo<\/a>. Napi\u0161ite svoju pri\u010du!<\/p>\n\n\n\n<p><\/div>\n<div id=\"mojev-3164324589\" class=\"mojev-kraj-teksta mojev-entity-placement\" style=\"margin-bottom: 20px;margin-left: auto;margin-right: auto;text-align: center;\"><div class=\"mojev-adlabel\">oglas<\/div><div style=\"height: 250px;\"><script async src=\"https:\/\/pagead2.googlesyndication.com\/pagead\/js\/adsbygoogle.js?client=ca-pub-8106111766207173\"\r\n     crossorigin=\"anonymous\"><\/script>\r\n<!-- Display-1 -->\r\n<ins class=\"adsbygoogle\"\r\n     style=\"display:block\"\r\n     data-ad-client=\"ca-pub-8106111766207173\"\r\n     data-ad-slot=\"1465712950\"\r\n     data-ad-format=\"auto\"\r\n     data-full-width-responsive=\"true\"><\/ins>\r\n<script>\r\n     (adsbygoogle = window.adsbygoogle || []).push({});\r\n<\/script><\/div><\/div>","protected":false},"excerpt":{"rendered":"<p>Nova mirovinska reforma obe\u0107ava vi\u0161e, ali ne svima. Ministarstvo mirovinskog sustava otkrilo je prijedlog s kojim ide u javno savjetovanje.<\/p>\n","protected":false},"author":1,"featured_media":129826,"comment_status":"closed","ping_status":"closed","sticky":false,"template":"","format":"standard","meta":{"footnotes":""},"categories":[9],"tags":[1964,1116,3498],"class_list":["post-132822","post","type-post","status-publish","format-standard","has-post-thumbnail","hentry","category-vijesti","tag-majcinska-mirovina","tag-mirovinska-reforma","tag-penalizacija"],"_links":{"self":[{"href":"https:\/\/www.mojevrijeme.hr\/magazin\/wp-json\/wp\/v2\/posts\/132822","targetHints":{"allow":["GET"]}}],"collection":[{"href":"https:\/\/www.mojevrijeme.hr\/magazin\/wp-json\/wp\/v2\/posts"}],"about":[{"href":"https:\/\/www.mojevrijeme.hr\/magazin\/wp-json\/wp\/v2\/types\/post"}],"author":[{"embeddable":true,"href":"https:\/\/www.mojevrijeme.hr\/magazin\/wp-json\/wp\/v2\/users\/1"}],"replies":[{"embeddable":true,"href":"https:\/\/www.mojevrijeme.hr\/magazin\/wp-json\/wp\/v2\/comments?post=132822"}],"version-history":[{"count":18,"href":"https:\/\/www.mojevrijeme.hr\/magazin\/wp-json\/wp\/v2\/posts\/132822\/revisions"}],"predecessor-version":[{"id":132889,"href":"https:\/\/www.mojevrijeme.hr\/magazin\/wp-json\/wp\/v2\/posts\/132822\/revisions\/132889"}],"wp:featuredmedia":[{"embeddable":true,"href":"https:\/\/www.mojevrijeme.hr\/magazin\/wp-json\/wp\/v2\/media\/129826"}],"wp:attachment":[{"href":"https:\/\/www.mojevrijeme.hr\/magazin\/wp-json\/wp\/v2\/media?parent=132822"}],"wp:term":[{"taxonomy":"category","embeddable":true,"href":"https:\/\/www.mojevrijeme.hr\/magazin\/wp-json\/wp\/v2\/categories?post=132822"},{"taxonomy":"post_tag","embeddable":true,"href":"https:\/\/www.mojevrijeme.hr\/magazin\/wp-json\/wp\/v2\/tags?post=132822"}],"curies":[{"name":"wp","href":"https:\/\/api.w.org\/{rel}","templated":true}]}}