{"id":13291,"date":"2018-03-16T08:00:28","date_gmt":"2018-03-16T07:00:28","guid":{"rendered":"https:\/\/www.mojevrijeme.hr\/magazin\/?p=13291"},"modified":"2018-03-16T08:58:41","modified_gmt":"2018-03-16T07:58:41","slug":"hloverka-novak-srzic-otkrila-strah-od-pionirske-zakletve","status":"publish","type":"post","link":"https:\/\/www.mojevrijeme.hr\/magazin\/2018\/03\/hloverka-novak-srzic-otkrila-strah-od-pionirske-zakletve\/","title":{"rendered":"Hloverka Novak Srzi\u0107 otkrila strah od pionirske zakletve"},"content":{"rendered":"<p>Nekada\u0161nja televizijska zvijezda i glavna urednica HTV-a (1995\u201398), a danas uspje\u0161na turisti\u010dka djelatnica, <strong>Hloverka Novak Srzi\u0107<\/strong> (62), objavila je dirljiv status na Facebooku u kojem se prisjetila djetinjstva obilje\u017eenog, ka\u017ee, \u201etotalitarnim komunisti\u010dkim re\u017eimom\u201c. I to sve kako bi ukazala na opasnosti od Istanbulske konvencije i<a href=\"https:\/\/www.mojevrijeme.hr\/magazin\/2017\/12\/ne-brinite-unuci-vam-nece-morati-odlucivati-jesu-li-zensko-ili-musko\/\" target=\"_blank\" rel=\"noopener\">\u00a0ideologiju<\/a> koja ona, prema Hloverki, donosi.<\/p>\n<p>Uz svoju fotografiju u pionirskoj odori, Novak Srzi\u0107 je napisala: \u201eEvo mene malene, u strahu pred pionirskom zakletvom. Ni\u0161ta nisam znala, obred se morao odraditi, nije bilo izbora, moralo se, jer smo \u017eivjeli u totalitarnom komunisti\u010dkom jugoslavenskom sustavu. Danas kad sam odrasla ne \u017eelim nikakve nove zakletve, ma kako se zvale nove ideologije, stombulske il&#8217; istanbulske.\u201c<\/p>\n<p>Komunisti\u010dki re\u017eim pogubno je utjecao na Novak Srzi\u0107 u toj mjeri da je i sama postala \u010dlanica Komunisti\u010dke partije o \u010demu je za N1 izjavila: &#8220;Ja sam u\u0161la u partiju po\u010detkom 3. razreda gimnazije, a iza\u0161la krajem 3. razreda gimnazije. Nisu me iz prve primili pa sam pisala dvije molbe. Bila je tamo moja ekipa iz razreda pa sam i ja htjela i\u0107i. Na novinarski kolegij niste mogli ako niste bili u partiji.\u201c<\/p><div id=\"mojev-455002277\" class=\"mojev-u-tekstu mojev-entity-placement\" style=\"margin-left: auto;margin-right: auto;text-align: center;\"><div class=\"mojev-adlabel\">oglas<\/div><div style=\"height: 250px;\"><script async src=\"https:\/\/pagead2.googlesyndication.com\/pagead\/js\/adsbygoogle.js?client=ca-pub-8106111766207173\"\r\n     crossorigin=\"anonymous\"><\/script>\r\n<!-- Prikazni 1 u tekstu -->\r\n<ins class=\"adsbygoogle\"\r\n     style=\"display:block\"\r\n     data-ad-client=\"ca-pub-8106111766207173\"\r\n     data-ad-slot=\"8535551207\"\r\n     data-ad-format=\"auto\"\r\n     data-full-width-responsive=\"true\"><\/ins>\r\n<script>\r\n     (adsbygoogle = window.adsbygoogle || []).push({});\r\n<\/script><\/div><\/div><br style=\"clear: both; display: block; float: none;\"\/>\n<p>Poput brojnih biv\u0161ih \u010dlanova Komunisti\u010dke partije, i Hloverka se tijekom devedesetih upisala u Hrvatsku demokratsku zajednicu. I to na poziv predsjednika Franje Tu\u0111mana. &#8220;Rekla sam OK, misle\u0107i da se sutra tog prijedloga ne\u0107e nitko ni sjetiti. Me\u0111utim, ve\u0107 sutradan me nazvao netko iz HDZ-a, ne sje\u0107am se tko je to bio, i podsjetio me na moje obe\u0107anje Tu\u0111manu. I tako sam u\u0161la, ne ba\u0161 pri punoj svijesti&#8221;, objasnila je Hloverka Novak Srzi\u0107 i dodala da joj je to bio &#8220;vi\u0161ak u \u017eivotu&#8221; jer nije profitirala. &#8220;Dapa\u010de. Veliki promet \u2013 mala zarada!&#8221; rekla je svojevremeno za tjednik Globus.<\/p>\n<p><iframe loading=\"lazy\" style=\"border: none; overflow: hidden;\" src=\"https:\/\/www.facebook.com\/plugins\/post.php?href=https%3A%2F%2Fwww.facebook.com%2Fphoto.php%3Ffbid%3D199649820628811%26set%3Da.116054902321637.1073741828.100017513821904%26type%3D3&amp;width=648&amp;show_text=true&amp;appId=702830876459350&amp;height=645\" width=\"648\" height=\"645\" frameborder=\"0\" scrolling=\"no\"><\/iframe><\/p>\n<div id=\"mojev-3926952927\" class=\"mojev-kraj-teksta mojev-entity-placement\" style=\"margin-bottom: 20px;margin-left: auto;margin-right: auto;text-align: center;\"><div class=\"mojev-adlabel\">oglas<\/div><div style=\"height: 250px;\"><script async src=\"https:\/\/pagead2.googlesyndication.com\/pagead\/js\/adsbygoogle.js?client=ca-pub-8106111766207173\"\r\n     crossorigin=\"anonymous\"><\/script>\r\n<!-- Display-1 -->\r\n<ins class=\"adsbygoogle\"\r\n     style=\"display:block\"\r\n     data-ad-client=\"ca-pub-8106111766207173\"\r\n     data-ad-slot=\"1465712950\"\r\n     data-ad-format=\"auto\"\r\n     data-full-width-responsive=\"true\"><\/ins>\r\n<script>\r\n     (adsbygoogle = window.adsbygoogle || []).push({});\r\n<\/script><\/div><\/div>","protected":false},"excerpt":{"rendered":"<p>Prisjetila se djetinjstva koje je obilje\u017eio, ka\u017ee, totalitarni komunisti\u010dki re\u017eim. I to sve kako bi ukazala na opasnosti od Istanbulske konvencije i navodnu ideologiju koja ona, prema Hloverki, donosi.<\/p>\n","protected":false},"author":1,"featured_media":13292,"comment_status":"closed","ping_status":"closed","sticky":false,"template":"","format":"standard","meta":{"footnotes":""},"categories":[84],"tags":[1130,188,895],"class_list":["post-13291","post","type-post","status-publish","format-standard","has-post-thumbnail","hentry","category-show","tag-hloverka-novak-srzic","tag-jugoslavija","tag-pioniri"],"_links":{"self":[{"href":"https:\/\/www.mojevrijeme.hr\/magazin\/wp-json\/wp\/v2\/posts\/13291","targetHints":{"allow":["GET"]}}],"collection":[{"href":"https:\/\/www.mojevrijeme.hr\/magazin\/wp-json\/wp\/v2\/posts"}],"about":[{"href":"https:\/\/www.mojevrijeme.hr\/magazin\/wp-json\/wp\/v2\/types\/post"}],"author":[{"embeddable":true,"href":"https:\/\/www.mojevrijeme.hr\/magazin\/wp-json\/wp\/v2\/users\/1"}],"replies":[{"embeddable":true,"href":"https:\/\/www.mojevrijeme.hr\/magazin\/wp-json\/wp\/v2\/comments?post=13291"}],"version-history":[{"count":0,"href":"https:\/\/www.mojevrijeme.hr\/magazin\/wp-json\/wp\/v2\/posts\/13291\/revisions"}],"wp:featuredmedia":[{"embeddable":true,"href":"https:\/\/www.mojevrijeme.hr\/magazin\/wp-json\/wp\/v2\/media\/13292"}],"wp:attachment":[{"href":"https:\/\/www.mojevrijeme.hr\/magazin\/wp-json\/wp\/v2\/media?parent=13291"}],"wp:term":[{"taxonomy":"category","embeddable":true,"href":"https:\/\/www.mojevrijeme.hr\/magazin\/wp-json\/wp\/v2\/categories?post=13291"},{"taxonomy":"post_tag","embeddable":true,"href":"https:\/\/www.mojevrijeme.hr\/magazin\/wp-json\/wp\/v2\/tags?post=13291"}],"curies":[{"name":"wp","href":"https:\/\/api.w.org\/{rel}","templated":true}]}}