{"id":132929,"date":"2025-04-10T16:00:00","date_gmt":"2025-04-10T14:00:00","guid":{"rendered":"https:\/\/www.mojevrijeme.hr\/magazin\/?p=132929"},"modified":"2025-04-12T11:01:00","modified_gmt":"2025-04-12T09:01:00","slug":"zasto-postoji-penalizacija-mirovina-objasnjenje-koje-malo-tko-zeli-cuti","status":"publish","type":"post","link":"https:\/\/www.mojevrijeme.hr\/magazin\/2025\/04\/zasto-postoji-penalizacija-mirovina-objasnjenje-koje-malo-tko-zeli-cuti\/","title":{"rendered":"Za\u0161to postoji penalizacija mirovina? Obja\u0161njenje koje malo tko \u017eeli \u010duti"},"content":{"rendered":"\n<p>Naime, Vlada \u0107e, u sklopu mirovinske reforme, ukinuti penalizaciju prijevremenog umirovljenja i to nakon \u0161to umirovljenik navr\u0161i 70 godina \u017eivota. Bit \u0107e to propisano novim Zakonom o mirovinskom osiguranju, a koji je ju\u010der poslan u javno savjetovanje.<\/p>\n\n\n\n<p>Za\u0161to ne sa 65. godina \u017eivota? Za\u0161to ne odmah? Za\u0161to ne u potpunosti ukinuti penalizaciju za sve? Pitanja su to koja postavljaju na\u0161i \u010ditatelji nezadovoljni \u010dinjenicom da im je mirovina manja zato \u0161to nisu odradili puni radni vijek.<\/p>\n\n\n\n<p>Penalizacija postoji kao mehanizam pravednosti me\u0111u umirovljenicima, ali i instrument odr\u017eanja mirovinskog sustava u uvjetima negativnih demografskih trendova. U nastavku \u0107emo objasniti za\u0161to penalizacija nije kazna i za\u0161to neke dr\u017eave, poput Njema\u010dke, imaju puno ja\u010du penalizaciju u usporedbi s Hrvatskom.<\/p><div id=\"mojev-2855798915\" class=\"mojev-u-tekstu mojev-entity-placement\" style=\"margin-left: auto;margin-right: auto;text-align: center;\"><div class=\"mojev-adlabel\">oglas<\/div><div style=\"height: 250px;\"><script async src=\"https:\/\/pagead2.googlesyndication.com\/pagead\/js\/adsbygoogle.js?client=ca-pub-8106111766207173\"\r\n     crossorigin=\"anonymous\"><\/script>\r\n<!-- Prikazni 1 u tekstu -->\r\n<ins class=\"adsbygoogle\"\r\n     style=\"display:block\"\r\n     data-ad-client=\"ca-pub-8106111766207173\"\r\n     data-ad-slot=\"8535551207\"\r\n     data-ad-format=\"auto\"\r\n     data-full-width-responsive=\"true\"><\/ins>\r\n<script>\r\n     (adsbygoogle = window.adsbygoogle || []).push({});\r\n<\/script><\/div><\/div><br style=\"clear: both; display: block; float: none;\"\/>\n\n\n\n<h3 class=\"wp-block-heading\">Financijska odr\u017eivost mirovinskog sustava<\/h3>\n\n\n\n<p>Ako se netko umirovi prije propisanih godina za redovno starosno umirovljenje (npr. sa 60 umjesto 65 godina), taj \u0107e umirovljenik primati mirovinu vi\u0161e godina nego njegov kolega koji se umirovio sa 65 godina \u017eivota. Prevedeno, to zna\u010di da \u0107e primati mirovinu pet godina dulje, uz kra\u0107i radni vijek i manje uplata doprinosa.<\/p>\n\n\n\n<p>Ekonomski analiti\u010dar <strong>Danijel Nesti\u0107<\/strong> je izra\u010dunao da \u0107e takav umirovljenik kroz mirovine primiti ukupno 10.000 eura vi\u0161e nego njegov kolega s istom karijerom, ali koji je radio do 65. godine \u017eivota. Dapa\u010de, taj \u0107e se iznos udvostru\u010diti kada vlada ukine penalizaciju nakon 70. godine \u017eivota pa \u0107e taj imaginarni prijevremeni umirovljenik biti nagra\u0111en s 20.000 eura u usporedbi s kolegom koji je ostao raditi.<\/p>\n\n\n\n<p>A kada tomu dodamo \u010dinjenicu da brojne tvrtke bogatim otpremninama poti\u010du prijevremena umirovljenja, jasno je da penalizacija ima i funkciju postizanja pravednijeg raspore\u0111ivanja novca me\u0111u umirovljenicima, aktuarske pravednosti ili aktuarske neutralnosti. Vi\u0161e o tomu pro\u010ditajte na <a href=\"https:\/\/www.mojevrijeme.hr\/magazin\/2025\/04\/tko-ode-u-prijevremenu-mirovinu-na-kraju-dobije-vise-ceh-placaju-oni-koji-rade-do-65\/\" data-type=\"post\" data-id=\"132147\">ovoj poveznici<\/a>.<\/p>\n\n\n\n<h3 class=\"wp-block-heading\">Poticanje duljeg ostanka u svijetu rada<\/h3>\n\n\n\n<p>Dr\u017eava penalizacijom \u017eeli motivirati ljude da rade dulje jer to zna\u010di vi\u0161e upla\u0107enih doprinosa i manje godina u kojima mirovina mora biti ispla\u0107ena. Dulji rad tako\u0111er pove\u0107ava iznos mirovine jer je ona vezana uz duljinu sta\u017ea i visinu pla\u0107e.<\/p>\n\n\n\n<h3 class=\"wp-block-heading\">Demografski pritisak<\/h3>\n\n\n\n<p>U zemljama poput Hrvatske, gdje se broj radno sposobnih smanjuje, a broj umirovljenika raste, penalizacija ranijeg umirovljenja poma\u017ee odgoditi pritisak na prora\u010dun i donekle stabilizira sustav. Upravo zbog demografskih trendova, posebice zbog manjeg broja ro\u0111ene djece, mnogi analiti\u010dari diljem svijeta tvrde da klasi\u010dni mirovinski model vi\u0161e nije odr\u017eiv te da vlade brojnih dr\u017eava raznim mjerama samo odga\u0111aju njihov krah.<\/p>\n\n\n\n<p>Bismarckov model koji se i danas koristi u po\u010detku je imao oblik piramide; na vrhu su bili umirovljenici, a na dnu mladi radnici. U me\u0111uvremenu se piramida okrenula naglavce.<\/p>\n<div id=\"mojev-757306715\" class=\"mojev-kraj-teksta mojev-entity-placement\" style=\"margin-bottom: 20px;margin-left: auto;margin-right: auto;text-align: center;\"><div class=\"mojev-adlabel\">oglas<\/div><div style=\"height: 250px;\"><script async src=\"https:\/\/pagead2.googlesyndication.com\/pagead\/js\/adsbygoogle.js?client=ca-pub-8106111766207173\"\r\n     crossorigin=\"anonymous\"><\/script>\r\n<!-- Display-1 -->\r\n<ins class=\"adsbygoogle\"\r\n     style=\"display:block\"\r\n     data-ad-client=\"ca-pub-8106111766207173\"\r\n     data-ad-slot=\"1465712950\"\r\n     data-ad-format=\"auto\"\r\n     data-full-width-responsive=\"true\"><\/ins>\r\n<script>\r\n     (adsbygoogle = window.adsbygoogle || []).push({});\r\n<\/script><\/div><\/div>","protected":false},"excerpt":{"rendered":"<p>Ukinut \u0107e se penalizacija, ali tek s 70 godina. Mnogima je to prekasno. Mnogi bi je ukinuli odmah. No sustav ima svoju logiku i unutarnje mehanizme za o\u010duvanje stabilnosti.<\/p>\n","protected":false},"author":10,"featured_media":123176,"comment_status":"closed","ping_status":"closed","sticky":false,"template":"","format":"standard","meta":{"footnotes":""},"categories":[2],"tags":[1116,3498],"class_list":["post-132929","post","type-post","status-publish","format-standard","has-post-thumbnail","hentry","category-mozaik","tag-mirovinska-reforma","tag-penalizacija"],"_links":{"self":[{"href":"https:\/\/www.mojevrijeme.hr\/magazin\/wp-json\/wp\/v2\/posts\/132929","targetHints":{"allow":["GET"]}}],"collection":[{"href":"https:\/\/www.mojevrijeme.hr\/magazin\/wp-json\/wp\/v2\/posts"}],"about":[{"href":"https:\/\/www.mojevrijeme.hr\/magazin\/wp-json\/wp\/v2\/types\/post"}],"author":[{"embeddable":true,"href":"https:\/\/www.mojevrijeme.hr\/magazin\/wp-json\/wp\/v2\/users\/10"}],"replies":[{"embeddable":true,"href":"https:\/\/www.mojevrijeme.hr\/magazin\/wp-json\/wp\/v2\/comments?post=132929"}],"version-history":[{"count":14,"href":"https:\/\/www.mojevrijeme.hr\/magazin\/wp-json\/wp\/v2\/posts\/132929\/revisions"}],"predecessor-version":[{"id":133031,"href":"https:\/\/www.mojevrijeme.hr\/magazin\/wp-json\/wp\/v2\/posts\/132929\/revisions\/133031"}],"wp:featuredmedia":[{"embeddable":true,"href":"https:\/\/www.mojevrijeme.hr\/magazin\/wp-json\/wp\/v2\/media\/123176"}],"wp:attachment":[{"href":"https:\/\/www.mojevrijeme.hr\/magazin\/wp-json\/wp\/v2\/media?parent=132929"}],"wp:term":[{"taxonomy":"category","embeddable":true,"href":"https:\/\/www.mojevrijeme.hr\/magazin\/wp-json\/wp\/v2\/categories?post=132929"},{"taxonomy":"post_tag","embeddable":true,"href":"https:\/\/www.mojevrijeme.hr\/magazin\/wp-json\/wp\/v2\/tags?post=132929"}],"curies":[{"name":"wp","href":"https:\/\/api.w.org\/{rel}","templated":true}]}}