{"id":132932,"date":"2025-04-11T09:12:39","date_gmt":"2025-04-11T07:12:39","guid":{"rendered":"https:\/\/www.mojevrijeme.hr\/magazin\/?p=132932"},"modified":"2025-04-11T09:14:00","modified_gmt":"2025-04-11T07:14:00","slug":"veselko-gabricevic-ima-malo-nekretnina-ali-primanja-su-mu-izdasna","status":"publish","type":"post","link":"https:\/\/www.mojevrijeme.hr\/magazin\/2025\/04\/veselko-gabricevic-ima-malo-nekretnina-ali-primanja-su-mu-izdasna\/","title":{"rendered":"Veselko Gabri\u010devi\u0107 (HSU) ima malo nekretnina, ali primanja su mu izda\u0161na"},"content":{"rendered":"\n<p>Umirovljeni general Hrvatske vojske i prvak Hrvatske stranke umirovljenika (HSU), Veselko Gabri\u010devi\u0107, \u010dlan vladaju\u0107e koalicije i podupiratelj tre\u0107e vlade Andreja Plenkovi\u0107a, u svojoj najnovijoj imovinskoj kartici od 31. sije\u010dnja 2025. godine otkriva kako mu saborski anga\u017eman donosi znatno vi\u0161e od prosjeka koji primaju gra\u0111ani koje zastupa.<\/p>\n\n\n\n<p>Naime, ovaj umirovljenik trenutno obna\u0161a du\u017enost zastupnika u Hrvatskom saboru, a njegova mjese\u010dna neto pla\u0107a iznosi 4.294 eura, \u0161to je gotovo sedam puta vi\u0161e od prosje\u010dne mirovine u Hrvatskoj, koja se kre\u0107e oko 600 eura. Uz saborsku pla\u0107u, prima i 741 euro mirovine mjese\u010dno, \u010dime mu se ukupni mjese\u010dni prihodi penju na \u010distih 5.035 eura. Prema podacima iz imovinske kartice, supruga mu prima malu mirovinu od tek 395 eura.<\/p>\n\n\n\n<p>Gabri\u010devi\u0107 nema veliku nekretninsku \u0161tednju, a koja je odlika hrvatskih umirovljenika. Prijavio je tek ku\u0107u ku\u0107u s oku\u0107nicom od 3.000 \u010detvornih metara u Trilju, \u010dija se tr\u017ei\u0161na vrijednost procjenjuje na 135.000 eura. Nekretnina je ste\u010dena kombinacijom nasljedstva od roditelja i kupnje od \u0161tednje. Tako\u0111er je vlasnik osobnog automobila marke Peugeot, proizvedenog 2015. godine, procijenjene vrijednosti 6.000 eura.<\/p><div id=\"mojev-3316335064\" class=\"mojev-u-tekstu mojev-entity-placement\" style=\"margin-left: auto;margin-right: auto;text-align: center;\"><div class=\"mojev-adlabel\">oglas<\/div><div style=\"height: 250px;\"><script async src=\"https:\/\/pagead2.googlesyndication.com\/pagead\/js\/adsbygoogle.js?client=ca-pub-8106111766207173\"\r\n     crossorigin=\"anonymous\"><\/script>\r\n<!-- Prikazni 1 u tekstu -->\r\n<ins class=\"adsbygoogle\"\r\n     style=\"display:block\"\r\n     data-ad-client=\"ca-pub-8106111766207173\"\r\n     data-ad-slot=\"8535551207\"\r\n     data-ad-format=\"auto\"\r\n     data-full-width-responsive=\"true\"><\/ins>\r\n<script>\r\n     (adsbygoogle = window.adsbygoogle || []).push({});\r\n<\/script><\/div><\/div><br style=\"clear: both; display: block; float: none;\"\/>\n\n\n\n<p>Nema prijavljenih dugovanja, \u0161tednje, ulaganja u dionice ni poslovne udjele, pa mo\u017eemo zaklju\u010diti d je Gabri\u010devi\u0107 vrlo konzervativan \u0161to se ti\u010de financija. U kartici se ne spominju ni ikakve subvencije, donacije ili primanja izvan saborske du\u017enosti i mirovine.<\/p>\n\n\n\n<p>Gabri\u010devi\u0107ev mandat u Saboru zapo\u010deo je u svibnju 2024. godine, a profesionalno ga obna\u0161a do predvi\u0111enog kraja 2028. Istovremeno je i volonterski predsjednik HSU-a, a ta du\u017enost mu istje\u010de u listopadu ove godine.<\/p>\n<div id=\"mojev-3941994436\" class=\"mojev-kraj-teksta mojev-entity-placement\" style=\"margin-bottom: 20px;margin-left: auto;margin-right: auto;text-align: center;\"><div class=\"mojev-adlabel\">oglas<\/div><div style=\"height: 250px;\"><script async src=\"https:\/\/pagead2.googlesyndication.com\/pagead\/js\/adsbygoogle.js?client=ca-pub-8106111766207173\"\r\n     crossorigin=\"anonymous\"><\/script>\r\n<!-- Display-1 -->\r\n<ins class=\"adsbygoogle\"\r\n     style=\"display:block\"\r\n     data-ad-client=\"ca-pub-8106111766207173\"\r\n     data-ad-slot=\"1465712950\"\r\n     data-ad-format=\"auto\"\r\n     data-full-width-responsive=\"true\"><\/ins>\r\n<script>\r\n     (adsbygoogle = window.adsbygoogle || []).push({});\r\n<\/script><\/div><\/div>","protected":false},"excerpt":{"rendered":"<p>Saborski zastupnik i \u010delnik HSU-a Veselko Gabri\u010devi\u0107 prima vi\u0161e od 5.000 eura mjese\u010dno iz saborske pla\u0107e i mirovine, \u0161to je vi\u0161estruko vi\u0161e od prosje\u010dne hrvatske mirovine. Imovinska kartica otkriva skroman imovinski portfelj, ali zna\u010dajan politi\u010dki utjecaj.<\/p>\n","protected":false},"author":1,"featured_media":133004,"comment_status":"closed","ping_status":"closed","sticky":false,"template":"","format":"standard","meta":{"footnotes":""},"categories":[9],"tags":[918,2584],"class_list":["post-132932","post","type-post","status-publish","format-standard","has-post-thumbnail","hentry","category-vijesti","tag-imovina","tag-veselko-gabricevic"],"_links":{"self":[{"href":"https:\/\/www.mojevrijeme.hr\/magazin\/wp-json\/wp\/v2\/posts\/132932","targetHints":{"allow":["GET"]}}],"collection":[{"href":"https:\/\/www.mojevrijeme.hr\/magazin\/wp-json\/wp\/v2\/posts"}],"about":[{"href":"https:\/\/www.mojevrijeme.hr\/magazin\/wp-json\/wp\/v2\/types\/post"}],"author":[{"embeddable":true,"href":"https:\/\/www.mojevrijeme.hr\/magazin\/wp-json\/wp\/v2\/users\/1"}],"replies":[{"embeddable":true,"href":"https:\/\/www.mojevrijeme.hr\/magazin\/wp-json\/wp\/v2\/comments?post=132932"}],"version-history":[{"count":7,"href":"https:\/\/www.mojevrijeme.hr\/magazin\/wp-json\/wp\/v2\/posts\/132932\/revisions"}],"predecessor-version":[{"id":133007,"href":"https:\/\/www.mojevrijeme.hr\/magazin\/wp-json\/wp\/v2\/posts\/132932\/revisions\/133007"}],"wp:featuredmedia":[{"embeddable":true,"href":"https:\/\/www.mojevrijeme.hr\/magazin\/wp-json\/wp\/v2\/media\/133004"}],"wp:attachment":[{"href":"https:\/\/www.mojevrijeme.hr\/magazin\/wp-json\/wp\/v2\/media?parent=132932"}],"wp:term":[{"taxonomy":"category","embeddable":true,"href":"https:\/\/www.mojevrijeme.hr\/magazin\/wp-json\/wp\/v2\/categories?post=132932"},{"taxonomy":"post_tag","embeddable":true,"href":"https:\/\/www.mojevrijeme.hr\/magazin\/wp-json\/wp\/v2\/tags?post=132932"}],"curies":[{"name":"wp","href":"https:\/\/api.w.org\/{rel}","templated":true}]}}